{"id":2177,"date":"2020-03-03T19:54:30","date_gmt":"2020-03-03T19:54:30","guid":{"rendered":"http:\/\/knjiznice.nsk.hr\/senj\/?p=2177"},"modified":"2020-03-03T19:54:30","modified_gmt":"2020-03-03T19:54:30","slug":"predavanje-senj-i-glagoljske-inkunabule","status":"publish","type":"post","link":"http:\/\/knjiznice.nsk.hr\/senj\/predavanje-senj-i-glagoljske-inkunabule\/","title":{"rendered":"PREDAVANJE \u201eSENJ I GLAGOLJSKE INKUNABULE\u201c"},"content":{"rendered":"<p>U organizaciji Gradske knji\u017enice Senj i Srednje \u0161kole Pavla Rittera Vitezovi\u0107a Senj u senjskoj knji\u017enici odr\u017eano je edukacijsko predavanje za gimnazijalce pod nazivom \u201eSenj i glagoljske inkunabule\u201c.<br \/>\nPredavanje je odr\u017eano povodom visoke obljetnice izlaska prve hrvatske inkunabule Misala po zakonu rimskog dvora 1483. godine te Senjskog misala 1494. godine.<br \/>\n-22. velja\u010de  navr\u0161ilo se 537 godina od tiskanja prve hrvatske inkunabule Misala po zakonu rimskog dvora, a ove godine \u0107emo obilje\u017eiti i 526 godina od kad je iza\u0161la prva inkunabula iz Senjske glagoljske tiskare &#8211; Senjski misal 1494. godine. Dakle, nedugo nakon Gutenberova otkri\u0107a tiska, Hrvatska i Senj kre\u0107u istim stopama i stvaraju dragocjene prvotiske koji su va\u017ean dio hrvatske kulture i pismenosti. Stoga, mi Senjani mo\u017eemo biti ponosni jer je glagoljska tradicija kao i tiskarska tradicija zapisala Senj ne samo na karti Hrvatske, nego i svijeta, rekla je uvodno ravnateljica knji\u017enice Ana Prpi\u0107 Rogi\u0107.<br \/>\nU nastavku je prof. povijesti Silvije \u0160ojat kroz prizmu glagoljice i glagoljanja pribli\u017eio mladima povijesne prilike u Senju u srednjem vijeku i kasnije, a Povijesna grupa srednje \u0161kole (izlagala Iva Gorski) uputila je prisutne u glagoljicu te na\u010din na koji je ona do\u0161la i uvrije\u017eila se u Senju. Nakon toga uprili\u010dena je fotoprezentacija koja je kroz rije\u010d i sliku prikazala povijesni kontekst, va\u017enost i rad Senjske glagoljske tiskare s posebnim naglaskom na inkunabule koje su tiskane u njoj- Senjski misal 1494. godine te Spovid op\u0107ena 1496. godine.<br \/>\n-Izdanja Senjske tiskare iznimno su va\u017eni spomenici za povijest hrvatskoga jezika i hrvatsku srednjovjekovnu kulturu. Uz poznate knji\u017eevnike, buru, kulu Nehaj, mesopust, uskoke mo\u017eemo se di\u010diti i na\u0161om senjskom glagoljskom i tiskarskom tradicijom koja je va\u017ean dio na\u0161eg zavi\u010dajnog kulturnog naslje\u0111a, zaklju\u010dna je misao susreta.<br \/>\nNakon predavanja odr\u017ean je i kviz znanja u kojem su u\u010denici pokazali zavidno poznavanje ove tematike, a najuspje\u0161niji natjecatelji su i nagra\u0111eni.<br \/>\nHvala prof. \u0160ojatu i njegovim u\u010denicima na uvijek dobroj suradnji.<\/p>\n<p>Tekst: Ana Prpi\u0107 Rogi\u0107<br \/>\nFoto: Sandra Prpi\u0107<\/p>\n","protected":false},"excerpt":{"rendered":"<p>U organizaciji Gradske knji\u017enice Senj i Srednje \u0161kole Pavla Rittera Vitezovi\u0107a Senj u senjskoj knji\u017enici odr\u017eano je edukacijsko predavanje za gimnazijalce pod nazivom \u201eSenj i glagoljske inkunabule\u201c. Predavanje je odr\u017eano povodom visoke obljetnice izlaska prve hrvatske inkunabule Misala po zakonu rimskog dvora 1483. godine te Senjskog misala 1494. godine. -22. velja\u010de navr\u0161ilo se 537 godina [&hellip;]<\/p>\n","protected":false},"author":58,"featured_media":2178,"comment_status":"closed","ping_status":"closed","sticky":false,"template":"","format":"standard","meta":{"ngg_post_thumbnail":0},"categories":[8],"tags":[],"yoast_head":"<!-- This site is optimized with the Yoast SEO plugin v16.4 - https:\/\/yoast.com\/wordpress\/plugins\/seo\/ -->\n<meta name=\"robots\" content=\"index, follow, max-snippet:-1, max-image-preview:large, max-video-preview:-1\" \/>\n<link rel=\"canonical\" href=\"http:\/\/knjiznice.nsk.hr\/senj\/predavanje-senj-i-glagoljske-inkunabule\/\" \/>\n<meta property=\"og:locale\" content=\"hr_HR\" \/>\n<meta property=\"og:type\" content=\"article\" \/>\n<meta property=\"og:title\" content=\"PREDAVANJE \u201eSENJ I GLAGOLJSKE INKUNABULE\u201c - Gradska knji\u017enica Senj\" \/>\n<meta property=\"og:description\" content=\"U organizaciji Gradske knji\u017enice Senj i Srednje \u0161kole Pavla Rittera Vitezovi\u0107a Senj u senjskoj knji\u017enici odr\u017eano je edukacijsko predavanje za gimnazijalce pod nazivom \u201eSenj i glagoljske inkunabule\u201c. Predavanje je odr\u017eano povodom visoke obljetnice izlaska prve hrvatske inkunabule Misala po zakonu rimskog dvora 1483. godine te Senjskog misala 1494. godine. -22. velja\u010de navr\u0161ilo se 537 godina [&hellip;]\" \/>\n<meta property=\"og:url\" content=\"http:\/\/knjiznice.nsk.hr\/senj\/predavanje-senj-i-glagoljske-inkunabule\/\" \/>\n<meta property=\"og:site_name\" content=\"Gradska knji\u017enica Senj\" \/>\n<meta property=\"article:publisher\" content=\"http:\/\/facebook.com\/Gradska-knji%c5%benica-SENJ\" \/>\n<meta property=\"article:published_time\" content=\"2020-03-03T19:54:30+00:00\" \/>\n<meta property=\"og:image\" content=\"http:\/\/knjiznice.nsk.hr\/senj\/wp-content\/uploads\/sites\/60\/2020\/03\/IMG-1ddfdd6da53eab4788e9af44959f3968-V.jpg\" \/>\n\t<meta property=\"og:image:width\" content=\"1600\" \/>\n\t<meta property=\"og:image:height\" content=\"1200\" \/>\n<meta name=\"twitter:label1\" content=\"Procijenjeno vrijeme \u010ditanja\" \/>\n\t<meta name=\"twitter:data1\" content=\"2 minute\" \/>\n<script type=\"application\/ld+json\" class=\"yoast-schema-graph\">{\"@context\":\"https:\/\/schema.org\",\"@graph\":[{\"@type\":\"WebSite\",\"@id\":\"https:\/\/knjiznice.nsk.hr\/senj\/#website\",\"url\":\"https:\/\/knjiznice.nsk.hr\/senj\/\",\"name\":\"Gradska knji\\u017enica Senj\",\"description\":\"S vama od 1835. godine\",\"potentialAction\":[{\"@type\":\"SearchAction\",\"target\":\"https:\/\/knjiznice.nsk.hr\/senj\/?s={search_term_string}\",\"query-input\":\"required name=search_term_string\"}],\"inLanguage\":\"hr\"},{\"@type\":\"ImageObject\",\"@id\":\"http:\/\/knjiznice.nsk.hr\/senj\/predavanje-senj-i-glagoljske-inkunabule\/#primaryimage\",\"inLanguage\":\"hr\",\"url\":\"http:\/\/knjiznice.nsk.hr\/senj\/wp-content\/uploads\/sites\/60\/2020\/03\/IMG-1ddfdd6da53eab4788e9af44959f3968-V.jpg\",\"contentUrl\":\"http:\/\/knjiznice.nsk.hr\/senj\/wp-content\/uploads\/sites\/60\/2020\/03\/IMG-1ddfdd6da53eab4788e9af44959f3968-V.jpg\",\"width\":1600,\"height\":1200},{\"@type\":\"WebPage\",\"@id\":\"http:\/\/knjiznice.nsk.hr\/senj\/predavanje-senj-i-glagoljske-inkunabule\/#webpage\",\"url\":\"http:\/\/knjiznice.nsk.hr\/senj\/predavanje-senj-i-glagoljske-inkunabule\/\",\"name\":\"PREDAVANJE \\u201eSENJ I GLAGOLJSKE INKUNABULE\\u201c - Gradska knji\\u017enica Senj\",\"isPartOf\":{\"@id\":\"https:\/\/knjiznice.nsk.hr\/senj\/#website\"},\"primaryImageOfPage\":{\"@id\":\"http:\/\/knjiznice.nsk.hr\/senj\/predavanje-senj-i-glagoljske-inkunabule\/#primaryimage\"},\"datePublished\":\"2020-03-03T19:54:30+00:00\",\"dateModified\":\"2020-03-03T19:54:30+00:00\",\"author\":{\"@id\":\"https:\/\/knjiznice.nsk.hr\/senj\/#\/schema\/person\/c6b0893cdaca205d44fe2c322c042ac7\"},\"breadcrumb\":{\"@id\":\"http:\/\/knjiznice.nsk.hr\/senj\/predavanje-senj-i-glagoljske-inkunabule\/#breadcrumb\"},\"inLanguage\":\"hr\",\"potentialAction\":[{\"@type\":\"ReadAction\",\"target\":[\"http:\/\/knjiznice.nsk.hr\/senj\/predavanje-senj-i-glagoljske-inkunabule\/\"]}]},{\"@type\":\"BreadcrumbList\",\"@id\":\"http:\/\/knjiznice.nsk.hr\/senj\/predavanje-senj-i-glagoljske-inkunabule\/#breadcrumb\",\"itemListElement\":[{\"@type\":\"ListItem\",\"position\":1,\"item\":{\"@type\":\"WebPage\",\"@id\":\"https:\/\/knjiznice.nsk.hr\/senj\/\",\"url\":\"https:\/\/knjiznice.nsk.hr\/senj\/\",\"name\":\"Po\\u010detna stranica\"}},{\"@type\":\"ListItem\",\"position\":2,\"item\":{\"@id\":\"http:\/\/knjiznice.nsk.hr\/senj\/predavanje-senj-i-glagoljske-inkunabule\/#webpage\"}}]},{\"@type\":\"Person\",\"@id\":\"https:\/\/knjiznice.nsk.hr\/senj\/#\/schema\/person\/c6b0893cdaca205d44fe2c322c042ac7\",\"name\":\"senj\",\"image\":{\"@type\":\"ImageObject\",\"@id\":\"https:\/\/knjiznice.nsk.hr\/senj\/#personlogo\",\"inLanguage\":\"hr\",\"url\":\"http:\/\/2.gravatar.com\/avatar\/b00e8e1a99b5ba41772fe68c6bcfd17c?s=96&d=mm&r=g\",\"contentUrl\":\"http:\/\/2.gravatar.com\/avatar\/b00e8e1a99b5ba41772fe68c6bcfd17c?s=96&d=mm&r=g\",\"caption\":\"senj\"}}]}<\/script>\n<!-- \/ Yoast SEO plugin. -->","_links":{"self":[{"href":"http:\/\/knjiznice.nsk.hr\/senj\/wp-json\/wp\/v2\/posts\/2177"}],"collection":[{"href":"http:\/\/knjiznice.nsk.hr\/senj\/wp-json\/wp\/v2\/posts"}],"about":[{"href":"http:\/\/knjiznice.nsk.hr\/senj\/wp-json\/wp\/v2\/types\/post"}],"author":[{"embeddable":true,"href":"http:\/\/knjiznice.nsk.hr\/senj\/wp-json\/wp\/v2\/users\/58"}],"replies":[{"embeddable":true,"href":"http:\/\/knjiznice.nsk.hr\/senj\/wp-json\/wp\/v2\/comments?post=2177"}],"version-history":[{"count":1,"href":"http:\/\/knjiznice.nsk.hr\/senj\/wp-json\/wp\/v2\/posts\/2177\/revisions"}],"predecessor-version":[{"id":2179,"href":"http:\/\/knjiznice.nsk.hr\/senj\/wp-json\/wp\/v2\/posts\/2177\/revisions\/2179"}],"wp:featuredmedia":[{"embeddable":true,"href":"http:\/\/knjiznice.nsk.hr\/senj\/wp-json\/wp\/v2\/media\/2178"}],"wp:attachment":[{"href":"http:\/\/knjiznice.nsk.hr\/senj\/wp-json\/wp\/v2\/media?parent=2177"}],"wp:term":[{"taxonomy":"category","embeddable":true,"href":"http:\/\/knjiznice.nsk.hr\/senj\/wp-json\/wp\/v2\/categories?post=2177"},{"taxonomy":"post_tag","embeddable":true,"href":"http:\/\/knjiznice.nsk.hr\/senj\/wp-json\/wp\/v2\/tags?post=2177"}],"curies":[{"name":"wp","href":"https:\/\/api.w.org\/{rel}","templated":true}]}}