{"id":2093,"date":"2019-10-30T11:48:13","date_gmt":"2019-10-30T11:48:13","guid":{"rendered":"http:\/\/knjiznice.nsk.hr\/senj\/?p=2093"},"modified":"2019-10-30T11:48:13","modified_gmt":"2019-10-30T11:48:13","slug":"druzenje-s-ivanom-brlic-mazuranic","status":"publish","type":"post","link":"http:\/\/knjiznice.nsk.hr\/senj\/druzenje-s-ivanom-brlic-mazuranic\/","title":{"rendered":"Dru\u017eenje s Ivanom Brli\u0107 Ma\u017eurani\u0107"},"content":{"rendered":"<p>U sklopu Mjeseca hrvatske knjige Gradska knji\u017enica Senj i Osnovna \u0161kola Silvija Strahimira Kranj\u010devi\u0107a Senj organizirali su u senjskoj knji\u017enici Dru\u017eenje s Ivanom Brli\u0107-Ma\u017eurani\u0107.<br \/>\nOvaj ve\u0107 tradicionalni edukativni susret posve\u0107en \u017eivotu i radu poznate hrvatske dje\u010dje spisateljice senjska knji\u017enica i osnovna \u0161kola organiziraju od 2015. godine pa ve\u0107 peta generacija senjskih u\u010denika ima priliku do\u017eivjeti Ivanu na poseban na\u010din.<br \/>\nNa svakome susretu se kroz kostimiranje, ure\u0111enje interijera, glumu, interpretativno \u010ditanje i razgovor nastojalo u\u010denicima na zanimljiv na\u010din pribli\u017eiti Ivanu, njezino doba i njezina djela. Svake godine djeca su sjajno reagirala \u0161to dokazuje da Ivana zaista i dalje \u017eivi u srcima djece kroz svoja svevremenska djela.<br \/>\nNakon uvodnog fotoosvrta na prethodne susrete koje su iznijele nositeljice projekta Melita Mareni\u0107 i Ana Prpi\u0107 Rogi\u0107, nastupila je profesionalna pripovjeda\u010dica iz Ivaninog rodnog Ogulina Sabina Gvozdi\u0107 koja je u \u010dast 5. obljetnice susreta djeci iznijela pri\u010du o velikoj i slavnoj Ivani Brli\u0107 Ma\u017eurani\u0107 na tako\u0111er poseban, zabavan i edukativan na\u010din.<br \/>\nU\u010denici \u010detvrtih razreda te ostali posjetitelji doznali su tako razne zanimljivosti i manje poznate \u010dinjenice iz Ivaninog \u017eivota, a saznali su mnogo i o Ogulinu koji je bio Ivanina velika inspiracija. Tako\u0111er, publika je imala priliku u\u017eivati u sjajnoj interpretaciji Rego\u010da koja je sve okupljene podsjetila koliko je sna\u017ena, inspirativna i ma\u0161tovita Ivanina rije\u010d koja osvaja i djecu i odrasle.<\/p>\n","protected":false},"excerpt":{"rendered":"<p>U sklopu Mjeseca hrvatske knjige Gradska knji\u017enica Senj i Osnovna \u0161kola Silvija Strahimira Kranj\u010devi\u0107a Senj organizirali su u senjskoj knji\u017enici Dru\u017eenje s Ivanom Brli\u0107-Ma\u017eurani\u0107. Ovaj ve\u0107 tradicionalni edukativni susret posve\u0107en \u017eivotu i radu poznate hrvatske dje\u010dje spisateljice senjska knji\u017enica i osnovna \u0161kola organiziraju od 2015. godine pa ve\u0107 peta generacija senjskih u\u010denika ima priliku do\u017eivjeti [&hellip;]<\/p>\n","protected":false},"author":58,"featured_media":2094,"comment_status":"closed","ping_status":"closed","sticky":false,"template":"","format":"standard","meta":{"ngg_post_thumbnail":0},"categories":[8],"tags":[],"yoast_head":"<!-- This site is optimized with the Yoast SEO plugin v16.4 - https:\/\/yoast.com\/wordpress\/plugins\/seo\/ -->\n<meta name=\"robots\" content=\"index, follow, max-snippet:-1, max-image-preview:large, max-video-preview:-1\" \/>\n<link rel=\"canonical\" href=\"http:\/\/knjiznice.nsk.hr\/senj\/druzenje-s-ivanom-brlic-mazuranic\/\" \/>\n<meta property=\"og:locale\" content=\"hr_HR\" \/>\n<meta property=\"og:type\" content=\"article\" \/>\n<meta property=\"og:title\" content=\"Dru\u017eenje s Ivanom Brli\u0107 Ma\u017eurani\u0107 - Gradska knji\u017enica Senj\" \/>\n<meta property=\"og:description\" content=\"U sklopu Mjeseca hrvatske knjige Gradska knji\u017enica Senj i Osnovna \u0161kola Silvija Strahimira Kranj\u010devi\u0107a Senj organizirali su u senjskoj knji\u017enici Dru\u017eenje s Ivanom Brli\u0107-Ma\u017eurani\u0107. Ovaj ve\u0107 tradicionalni edukativni susret posve\u0107en \u017eivotu i radu poznate hrvatske dje\u010dje spisateljice senjska knji\u017enica i osnovna \u0161kola organiziraju od 2015. godine pa ve\u0107 peta generacija senjskih u\u010denika ima priliku do\u017eivjeti [&hellip;]\" \/>\n<meta property=\"og:url\" content=\"http:\/\/knjiznice.nsk.hr\/senj\/druzenje-s-ivanom-brlic-mazuranic\/\" \/>\n<meta property=\"og:site_name\" content=\"Gradska knji\u017enica Senj\" \/>\n<meta property=\"article:publisher\" content=\"http:\/\/facebook.com\/Gradska-knji%c5%benica-SENJ\" \/>\n<meta property=\"article:published_time\" content=\"2019-10-30T11:48:13+00:00\" \/>\n<meta property=\"og:image\" content=\"http:\/\/knjiznice.nsk.hr\/senj\/wp-content\/uploads\/sites\/60\/2019\/10\/ibm-sabina.jpg\" \/>\n\t<meta property=\"og:image:width\" content=\"1080\" \/>\n\t<meta property=\"og:image:height\" content=\"1008\" \/>\n<meta name=\"twitter:label1\" content=\"Procijenjeno vrijeme \u010ditanja\" \/>\n\t<meta name=\"twitter:data1\" content=\"1 minuta\" \/>\n<script type=\"application\/ld+json\" class=\"yoast-schema-graph\">{\"@context\":\"https:\/\/schema.org\",\"@graph\":[{\"@type\":\"WebSite\",\"@id\":\"https:\/\/knjiznice.nsk.hr\/senj\/#website\",\"url\":\"https:\/\/knjiznice.nsk.hr\/senj\/\",\"name\":\"Gradska knji\\u017enica Senj\",\"description\":\"S vama od 1835. godine\",\"potentialAction\":[{\"@type\":\"SearchAction\",\"target\":\"https:\/\/knjiznice.nsk.hr\/senj\/?s={search_term_string}\",\"query-input\":\"required name=search_term_string\"}],\"inLanguage\":\"hr\"},{\"@type\":\"ImageObject\",\"@id\":\"http:\/\/knjiznice.nsk.hr\/senj\/druzenje-s-ivanom-brlic-mazuranic\/#primaryimage\",\"inLanguage\":\"hr\",\"url\":\"http:\/\/knjiznice.nsk.hr\/senj\/wp-content\/uploads\/sites\/60\/2019\/10\/ibm-sabina.jpg\",\"contentUrl\":\"http:\/\/knjiznice.nsk.hr\/senj\/wp-content\/uploads\/sites\/60\/2019\/10\/ibm-sabina.jpg\",\"width\":1080,\"height\":1008},{\"@type\":\"WebPage\",\"@id\":\"http:\/\/knjiznice.nsk.hr\/senj\/druzenje-s-ivanom-brlic-mazuranic\/#webpage\",\"url\":\"http:\/\/knjiznice.nsk.hr\/senj\/druzenje-s-ivanom-brlic-mazuranic\/\",\"name\":\"Dru\\u017eenje s Ivanom Brli\\u0107 Ma\\u017eurani\\u0107 - Gradska knji\\u017enica Senj\",\"isPartOf\":{\"@id\":\"https:\/\/knjiznice.nsk.hr\/senj\/#website\"},\"primaryImageOfPage\":{\"@id\":\"http:\/\/knjiznice.nsk.hr\/senj\/druzenje-s-ivanom-brlic-mazuranic\/#primaryimage\"},\"datePublished\":\"2019-10-30T11:48:13+00:00\",\"dateModified\":\"2019-10-30T11:48:13+00:00\",\"author\":{\"@id\":\"https:\/\/knjiznice.nsk.hr\/senj\/#\/schema\/person\/c6b0893cdaca205d44fe2c322c042ac7\"},\"breadcrumb\":{\"@id\":\"http:\/\/knjiznice.nsk.hr\/senj\/druzenje-s-ivanom-brlic-mazuranic\/#breadcrumb\"},\"inLanguage\":\"hr\",\"potentialAction\":[{\"@type\":\"ReadAction\",\"target\":[\"http:\/\/knjiznice.nsk.hr\/senj\/druzenje-s-ivanom-brlic-mazuranic\/\"]}]},{\"@type\":\"BreadcrumbList\",\"@id\":\"http:\/\/knjiznice.nsk.hr\/senj\/druzenje-s-ivanom-brlic-mazuranic\/#breadcrumb\",\"itemListElement\":[{\"@type\":\"ListItem\",\"position\":1,\"item\":{\"@type\":\"WebPage\",\"@id\":\"https:\/\/knjiznice.nsk.hr\/senj\/\",\"url\":\"https:\/\/knjiznice.nsk.hr\/senj\/\",\"name\":\"Po\\u010detna stranica\"}},{\"@type\":\"ListItem\",\"position\":2,\"item\":{\"@id\":\"http:\/\/knjiznice.nsk.hr\/senj\/druzenje-s-ivanom-brlic-mazuranic\/#webpage\"}}]},{\"@type\":\"Person\",\"@id\":\"https:\/\/knjiznice.nsk.hr\/senj\/#\/schema\/person\/c6b0893cdaca205d44fe2c322c042ac7\",\"name\":\"senj\",\"image\":{\"@type\":\"ImageObject\",\"@id\":\"https:\/\/knjiznice.nsk.hr\/senj\/#personlogo\",\"inLanguage\":\"hr\",\"url\":\"http:\/\/2.gravatar.com\/avatar\/b00e8e1a99b5ba41772fe68c6bcfd17c?s=96&d=mm&r=g\",\"contentUrl\":\"http:\/\/2.gravatar.com\/avatar\/b00e8e1a99b5ba41772fe68c6bcfd17c?s=96&d=mm&r=g\",\"caption\":\"senj\"}}]}<\/script>\n<!-- \/ Yoast SEO plugin. -->","_links":{"self":[{"href":"http:\/\/knjiznice.nsk.hr\/senj\/wp-json\/wp\/v2\/posts\/2093"}],"collection":[{"href":"http:\/\/knjiznice.nsk.hr\/senj\/wp-json\/wp\/v2\/posts"}],"about":[{"href":"http:\/\/knjiznice.nsk.hr\/senj\/wp-json\/wp\/v2\/types\/post"}],"author":[{"embeddable":true,"href":"http:\/\/knjiznice.nsk.hr\/senj\/wp-json\/wp\/v2\/users\/58"}],"replies":[{"embeddable":true,"href":"http:\/\/knjiznice.nsk.hr\/senj\/wp-json\/wp\/v2\/comments?post=2093"}],"version-history":[{"count":1,"href":"http:\/\/knjiznice.nsk.hr\/senj\/wp-json\/wp\/v2\/posts\/2093\/revisions"}],"predecessor-version":[{"id":2095,"href":"http:\/\/knjiznice.nsk.hr\/senj\/wp-json\/wp\/v2\/posts\/2093\/revisions\/2095"}],"wp:featuredmedia":[{"embeddable":true,"href":"http:\/\/knjiznice.nsk.hr\/senj\/wp-json\/wp\/v2\/media\/2094"}],"wp:attachment":[{"href":"http:\/\/knjiznice.nsk.hr\/senj\/wp-json\/wp\/v2\/media?parent=2093"}],"wp:term":[{"taxonomy":"category","embeddable":true,"href":"http:\/\/knjiznice.nsk.hr\/senj\/wp-json\/wp\/v2\/categories?post=2093"},{"taxonomy":"post_tag","embeddable":true,"href":"http:\/\/knjiznice.nsk.hr\/senj\/wp-json\/wp\/v2\/tags?post=2093"}],"curies":[{"name":"wp","href":"https:\/\/api.w.org\/{rel}","templated":true}]}}