{"id":1979,"date":"2019-05-11T19:59:20","date_gmt":"2019-05-11T19:59:20","guid":{"rendered":"http:\/\/knjiznice.nsk.hr\/senj\/?p=1979"},"modified":"2019-05-11T19:59:20","modified_gmt":"2019-05-11T19:59:20","slug":"predavanje-senjske-lige-protiv-raka","status":"publish","type":"post","link":"http:\/\/knjiznice.nsk.hr\/senj\/predavanje-senjske-lige-protiv-raka\/","title":{"rendered":"PREDAVANJE SENJSKE LIGE PROTIV RAKA"},"content":{"rendered":"<p>\u201eSenjani kroz lanjsku godinu-Koliko smo zdravi\/bolesni?\u201c<\/p>\n<p>U organizaciji Senjske lige protiv raka i Gradske knji\u017enice Senj u senjskoj je knji\u017enici odr\u017eano predavanje informativno-zdravstvenog karaktera pod nazivom \u201eSenjani kroz lanjsku godinu-Koliko smo zdravi\/bolesni?\u201c<br \/>\nPredavanje i prezentaciju odr\u017eao je predsjednik Senjske lige protiv raka dr. Miroslav Prpi\u0107 analiziraju\u0107i podatke o Senjanima oboljelima od malignih bolesti u 2018. godini.<br \/>\nLani je u Senju otkriven rak u 81 osobe, kod 34 \u017eene i 47 mu\u0161karaca, \u0161to je vi\u0161e u odnosu na 2017. godinu.  Posebice se primje\u0107uje pove\u0107anje broja oboljelih \u017eena od raka dojke te pove\u0107anje broja oboljelih od raka probavnog sustava.<br \/>\nTrenutno u gradu pod Nehajem \u017eive ukupno 542 osobe oboljele od raka, \u0161to je velika brojka s obzirom na ukupan broj stanovnika. Kod \u017eena najve\u0107a je u\u010destalost  raka dojke, a kod mu\u0161karaca raka prostate.<br \/>\nKroz predavanje je nagla\u0161ena velika va\u017enost prevencije, zdravog na\u010dina \u017eivota te redovitih preventivnih pregleda jer rak je izlje\u010div ako se na vrijeme otkrije. Uz to, ohrabruje \u010dinjenica da, dijagnosticiraju\u0107i bolest na vrijeme, lije\u010dnici oboljelima mogu omogu\u0107iti dug i kvalitetan \u017eivot.<br \/>\nDr. Prpi\u0107 naglasio je i va\u017enost ovakvih edukacija jer iako tematika nije laka, ne smije se zazirati od nje jer rak je, na\u017ealost, sveprisutan u na\u0161oj svakodnevici, a upravo kroz ovakve edukacije mo\u017eemo mnogo nau\u010diti i osna\u017eiti se u borbi protiv te opake bolesti.<br \/>\nPredsjednik senjske Lige najavio je i skora\u0161nji humanitarni koncert \u201eSenj za Senj\u201c koji \u0107e se odr\u017eati 24. svibnja u Pu\u010dkom otvorenom u\u010dili\u0161tu Senj te 26. svibnja u senjskoj katedrali, a na kojemu \u0107e brojni senjski glazbenici i umjetnici svojim nastupima dati obol u skupljanju sredstva koja \u0107e pomo\u0107i radu Lige, a time i Senjanima oboljelima od malignih bolesti.<br \/>\nGradska knji\u017enica Senj zahvaljuje dr. Prpi\u0107u i senjskoj Ligi na uvijek dobroj suradnji.<\/p>\n","protected":false},"excerpt":{"rendered":"<p>\u201eSenjani kroz lanjsku godinu-Koliko smo zdravi\/bolesni?\u201c U organizaciji Senjske lige protiv raka i Gradske knji\u017enice Senj u senjskoj je knji\u017enici odr\u017eano predavanje informativno-zdravstvenog karaktera pod nazivom \u201eSenjani kroz lanjsku godinu-Koliko smo zdravi\/bolesni?\u201c Predavanje i prezentaciju odr\u017eao je predsjednik Senjske lige protiv raka dr. Miroslav Prpi\u0107 analiziraju\u0107i podatke o Senjanima oboljelima od malignih bolesti u 2018. [&hellip;]<\/p>\n","protected":false},"author":58,"featured_media":1980,"comment_status":"closed","ping_status":"closed","sticky":false,"template":"","format":"standard","meta":{"ngg_post_thumbnail":0},"categories":[8],"tags":[],"yoast_head":"<!-- This site is optimized with the Yoast SEO plugin v16.4 - https:\/\/yoast.com\/wordpress\/plugins\/seo\/ -->\n<meta name=\"robots\" content=\"index, follow, max-snippet:-1, max-image-preview:large, max-video-preview:-1\" \/>\n<link rel=\"canonical\" href=\"http:\/\/knjiznice.nsk.hr\/senj\/predavanje-senjske-lige-protiv-raka\/\" \/>\n<meta property=\"og:locale\" content=\"hr_HR\" \/>\n<meta property=\"og:type\" content=\"article\" \/>\n<meta property=\"og:title\" content=\"PREDAVANJE SENJSKE LIGE PROTIV RAKA - Gradska knji\u017enica Senj\" \/>\n<meta property=\"og:description\" content=\"\u201eSenjani kroz lanjsku godinu-Koliko smo zdravi\/bolesni?\u201c U organizaciji Senjske lige protiv raka i Gradske knji\u017enice Senj u senjskoj je knji\u017enici odr\u017eano predavanje informativno-zdravstvenog karaktera pod nazivom \u201eSenjani kroz lanjsku godinu-Koliko smo zdravi\/bolesni?\u201c Predavanje i prezentaciju odr\u017eao je predsjednik Senjske lige protiv raka dr. Miroslav Prpi\u0107 analiziraju\u0107i podatke o Senjanima oboljelima od malignih bolesti u 2018. [&hellip;]\" \/>\n<meta property=\"og:url\" content=\"http:\/\/knjiznice.nsk.hr\/senj\/predavanje-senjske-lige-protiv-raka\/\" \/>\n<meta property=\"og:site_name\" content=\"Gradska knji\u017enica Senj\" \/>\n<meta property=\"article:publisher\" content=\"http:\/\/facebook.com\/Gradska-knji%c5%benica-SENJ\" \/>\n<meta property=\"article:published_time\" content=\"2019-05-11T19:59:20+00:00\" \/>\n<meta property=\"og:image\" content=\"http:\/\/knjiznice.nsk.hr\/senj\/wp-content\/uploads\/sites\/60\/2019\/05\/IMG_20190510_191549-640x480.jpg\" \/>\n\t<meta property=\"og:image:width\" content=\"640\" \/>\n\t<meta property=\"og:image:height\" content=\"480\" \/>\n<meta name=\"twitter:label1\" content=\"Procijenjeno vrijeme \u010ditanja\" \/>\n\t<meta name=\"twitter:data1\" content=\"2 minute\" \/>\n<script type=\"application\/ld+json\" class=\"yoast-schema-graph\">{\"@context\":\"https:\/\/schema.org\",\"@graph\":[{\"@type\":\"WebSite\",\"@id\":\"https:\/\/knjiznice.nsk.hr\/senj\/#website\",\"url\":\"https:\/\/knjiznice.nsk.hr\/senj\/\",\"name\":\"Gradska knji\\u017enica Senj\",\"description\":\"S vama od 1835. godine\",\"potentialAction\":[{\"@type\":\"SearchAction\",\"target\":\"https:\/\/knjiznice.nsk.hr\/senj\/?s={search_term_string}\",\"query-input\":\"required name=search_term_string\"}],\"inLanguage\":\"hr\"},{\"@type\":\"ImageObject\",\"@id\":\"http:\/\/knjiznice.nsk.hr\/senj\/predavanje-senjske-lige-protiv-raka\/#primaryimage\",\"inLanguage\":\"hr\",\"url\":\"http:\/\/knjiznice.nsk.hr\/senj\/wp-content\/uploads\/sites\/60\/2019\/05\/IMG_20190510_191549-640x480.jpg\",\"contentUrl\":\"http:\/\/knjiznice.nsk.hr\/senj\/wp-content\/uploads\/sites\/60\/2019\/05\/IMG_20190510_191549-640x480.jpg\",\"width\":640,\"height\":480,\"caption\":\"cof\"},{\"@type\":\"WebPage\",\"@id\":\"http:\/\/knjiznice.nsk.hr\/senj\/predavanje-senjske-lige-protiv-raka\/#webpage\",\"url\":\"http:\/\/knjiznice.nsk.hr\/senj\/predavanje-senjske-lige-protiv-raka\/\",\"name\":\"PREDAVANJE SENJSKE LIGE PROTIV RAKA - Gradska knji\\u017enica Senj\",\"isPartOf\":{\"@id\":\"https:\/\/knjiznice.nsk.hr\/senj\/#website\"},\"primaryImageOfPage\":{\"@id\":\"http:\/\/knjiznice.nsk.hr\/senj\/predavanje-senjske-lige-protiv-raka\/#primaryimage\"},\"datePublished\":\"2019-05-11T19:59:20+00:00\",\"dateModified\":\"2019-05-11T19:59:20+00:00\",\"author\":{\"@id\":\"https:\/\/knjiznice.nsk.hr\/senj\/#\/schema\/person\/c6b0893cdaca205d44fe2c322c042ac7\"},\"breadcrumb\":{\"@id\":\"http:\/\/knjiznice.nsk.hr\/senj\/predavanje-senjske-lige-protiv-raka\/#breadcrumb\"},\"inLanguage\":\"hr\",\"potentialAction\":[{\"@type\":\"ReadAction\",\"target\":[\"http:\/\/knjiznice.nsk.hr\/senj\/predavanje-senjske-lige-protiv-raka\/\"]}]},{\"@type\":\"BreadcrumbList\",\"@id\":\"http:\/\/knjiznice.nsk.hr\/senj\/predavanje-senjske-lige-protiv-raka\/#breadcrumb\",\"itemListElement\":[{\"@type\":\"ListItem\",\"position\":1,\"item\":{\"@type\":\"WebPage\",\"@id\":\"https:\/\/knjiznice.nsk.hr\/senj\/\",\"url\":\"https:\/\/knjiznice.nsk.hr\/senj\/\",\"name\":\"Po\\u010detna stranica\"}},{\"@type\":\"ListItem\",\"position\":2,\"item\":{\"@id\":\"http:\/\/knjiznice.nsk.hr\/senj\/predavanje-senjske-lige-protiv-raka\/#webpage\"}}]},{\"@type\":\"Person\",\"@id\":\"https:\/\/knjiznice.nsk.hr\/senj\/#\/schema\/person\/c6b0893cdaca205d44fe2c322c042ac7\",\"name\":\"senj\",\"image\":{\"@type\":\"ImageObject\",\"@id\":\"https:\/\/knjiznice.nsk.hr\/senj\/#personlogo\",\"inLanguage\":\"hr\",\"url\":\"http:\/\/2.gravatar.com\/avatar\/b00e8e1a99b5ba41772fe68c6bcfd17c?s=96&d=mm&r=g\",\"contentUrl\":\"http:\/\/2.gravatar.com\/avatar\/b00e8e1a99b5ba41772fe68c6bcfd17c?s=96&d=mm&r=g\",\"caption\":\"senj\"}}]}<\/script>\n<!-- \/ Yoast SEO plugin. -->","_links":{"self":[{"href":"http:\/\/knjiznice.nsk.hr\/senj\/wp-json\/wp\/v2\/posts\/1979"}],"collection":[{"href":"http:\/\/knjiznice.nsk.hr\/senj\/wp-json\/wp\/v2\/posts"}],"about":[{"href":"http:\/\/knjiznice.nsk.hr\/senj\/wp-json\/wp\/v2\/types\/post"}],"author":[{"embeddable":true,"href":"http:\/\/knjiznice.nsk.hr\/senj\/wp-json\/wp\/v2\/users\/58"}],"replies":[{"embeddable":true,"href":"http:\/\/knjiznice.nsk.hr\/senj\/wp-json\/wp\/v2\/comments?post=1979"}],"version-history":[{"count":1,"href":"http:\/\/knjiznice.nsk.hr\/senj\/wp-json\/wp\/v2\/posts\/1979\/revisions"}],"predecessor-version":[{"id":1981,"href":"http:\/\/knjiznice.nsk.hr\/senj\/wp-json\/wp\/v2\/posts\/1979\/revisions\/1981"}],"wp:featuredmedia":[{"embeddable":true,"href":"http:\/\/knjiznice.nsk.hr\/senj\/wp-json\/wp\/v2\/media\/1980"}],"wp:attachment":[{"href":"http:\/\/knjiznice.nsk.hr\/senj\/wp-json\/wp\/v2\/media?parent=1979"}],"wp:term":[{"taxonomy":"category","embeddable":true,"href":"http:\/\/knjiznice.nsk.hr\/senj\/wp-json\/wp\/v2\/categories?post=1979"},{"taxonomy":"post_tag","embeddable":true,"href":"http:\/\/knjiznice.nsk.hr\/senj\/wp-json\/wp\/v2\/tags?post=1979"}],"curies":[{"name":"wp","href":"https:\/\/api.w.org\/{rel}","templated":true}]}}