{"id":1485,"date":"2018-04-20T09:26:29","date_gmt":"2018-04-20T09:26:29","guid":{"rendered":"http:\/\/knjiznice.nsk.hr\/senj\/?p=1485"},"modified":"2018-07-10T19:22:18","modified_gmt":"2018-07-10T19:22:18","slug":"program-padale-su-bombe-upopriko","status":"publish","type":"post","link":"http:\/\/knjiznice.nsk.hr\/senj\/program-padale-su-bombe-upopriko\/","title":{"rendered":"PROGRAM \u201ePADALE SU BOMBE UPOPRIKO\u201c"},"content":{"rendered":"<p>U sklopu proslave Dana Grada Senja Gradska knji\u017enica Senj i Srednja \u0161kola Pavla Rittera Vitezovi\u0107a Senj 19. travnja u senjskoj su knji\u017enici organizirali edukativni program \u201ePadale su bombe upopriko\u201c o Senju i Senjanima u Drugom svjetskom ratu<\/p>\n<p>Senjska knji\u017enica i gimnazija svake godine u povodu Dana Grada rade prigodan sat senjske tematike gdje rasvjetljavaju jedan dio na\u0161e bogate zavi\u010dajne povijesti. Prethodnih godina obra\u0111ene su brojne teme poput bure, Uskoka i bogate ba\u0161tine, a ove godine obra\u0111ena je jedna ne tako vedra tema, ali koja je na\u017ealost sna\u017ean moment u povijesti na\u0161ega grada, a to je Drugi&nbsp; svjetski rat.<\/p>\n<p>Cilj susreta bio je pribli\u017eiti gimnazijalcima kako je to ratno doba izgledalo u na\u0161em gradu, \u0161to su sve pro\u017eivljavale generacija njihovih baka ili pradjedova i kako su se nosile s bremenitim ratnim neda\u0107ama te kako je grad izgledao prije rata, \u0161to je u ratu izgubio, a \u0161to je obnovio i povratio.<\/p>\n<p>U prvom dijelu programa Povijesna grupa senjske srednje \u0161kole ( izlagale Tesa Katalini\u0107 i Anera Biondi\u0107)i prof. povijesti Silvije \u0160ojat iznijeli su najva\u017enije \u010dinjenice o Drugom svjetskom ratu op\u0107enito i na na\u0161im prostorima te su kroz fotografije i film do\u010darali mladima koliko je na\u0161 grad stra\u0161no stradao 40-ih godina pro\u0161loga stolje\u0107a.<\/p>\n<p>Nakon prvog dokumentarnog dijela, knji\u017eni\u010darka Ana Prpi\u0107 Rogi\u0107 pripremila je prilog, tj. intervju sa svjedokinjom rata kako bi prikazala rat s one emocionalne strane, iz vizure djevoj\u010dice koju je rat zatekao i s kojim je odrastala. Strah, glad, avioni, poru\u0161eni grad, prekinuto djetinjstvo, \u017eivot u \u017eici i jo\u0161 mnogo tema iznijela je na\u0161a 84-godi\u0161nja sugovornica. Slu\u0161aju\u0107i prilog mladi su saznali mnogo podataka koji se ne mogu prona\u0107i ni u jednom ud\u017ebeniku ve\u0107 samo u ljudskim srcima i sje\u0107anju. Tog rata se stariji Senjani itekako sje\u0107aju i budi u njima sna\u017ene emocije kao dokaz da je to vrijeme ostavilo neizbrisiv trag u gradu pod Nehajem.<\/p>\n<p>Ovim predavanjem ujedno se i odala po\u010dast \u017ertvama Drugog svjetskog rata u Senju uz zahvalu svima koji su se \u017ertvovali za na\u0161 grad (u svim ratovima i neda\u0107ama) i Senj iznova postavljali poput Feniksa na noge kako bismo svi mi danas mogli mirno \u017eivjeti u njemu.&nbsp;<\/p>\n<p>Na ovom edukativnom susretu gimnazijalci su mnoge stvari doznali i nau\u010dili pro\u0161iriv\u0161i svoje zavi\u010dajno znanje i vidike jer da bi se volio svoj grad mora se o njemu mnogo i znati i u\u010diti, i o<\/p>\n<p>i onim lijepim, ali i o onim manje lijepim doga\u0111ajima kao \u0161to je bio Drugi svjetski rat.<\/p>\n","protected":false},"excerpt":{"rendered":"<p>U sklopu proslave Dana Grada Senja Gradska knji\u017enica Senj i Srednja \u0161kola Pavla Rittera Vitezovi\u0107a Senj 19. travnja u senjskoj su knji\u017enici organizirali edukativni program \u201ePadale su bombe upopriko\u201c o Senju i Senjanima u Drugom svjetskom ratu Senjska knji\u017enica i gimnazija svake godine u povodu Dana Grada rade prigodan sat senjske tematike gdje rasvjetljavaju jedan [&hellip;]<\/p>\n","protected":false},"author":34,"featured_media":0,"comment_status":"closed","ping_status":"closed","sticky":false,"template":"","format":"standard","meta":{"ngg_post_thumbnail":0},"categories":[8],"tags":[],"yoast_head":"<!-- This site is optimized with the Yoast SEO plugin v16.4 - https:\/\/yoast.com\/wordpress\/plugins\/seo\/ -->\n<meta name=\"robots\" content=\"index, follow, max-snippet:-1, max-image-preview:large, max-video-preview:-1\" \/>\n<link rel=\"canonical\" href=\"http:\/\/knjiznice.nsk.hr\/senj\/program-padale-su-bombe-upopriko\/\" \/>\n<meta property=\"og:locale\" content=\"hr_HR\" \/>\n<meta property=\"og:type\" content=\"article\" \/>\n<meta property=\"og:title\" content=\"PROGRAM \u201ePADALE SU BOMBE UPOPRIKO\u201c - Gradska knji\u017enica Senj\" \/>\n<meta property=\"og:description\" content=\"U sklopu proslave Dana Grada Senja Gradska knji\u017enica Senj i Srednja \u0161kola Pavla Rittera Vitezovi\u0107a Senj 19. travnja u senjskoj su knji\u017enici organizirali edukativni program \u201ePadale su bombe upopriko\u201c o Senju i Senjanima u Drugom svjetskom ratu Senjska knji\u017enica i gimnazija svake godine u povodu Dana Grada rade prigodan sat senjske tematike gdje rasvjetljavaju jedan [&hellip;]\" \/>\n<meta property=\"og:url\" content=\"http:\/\/knjiznice.nsk.hr\/senj\/program-padale-su-bombe-upopriko\/\" \/>\n<meta property=\"og:site_name\" content=\"Gradska knji\u017enica Senj\" \/>\n<meta property=\"article:publisher\" content=\"http:\/\/facebook.com\/Gradska-knji%c5%benica-SENJ\" \/>\n<meta property=\"article:published_time\" content=\"2018-04-20T09:26:29+00:00\" \/>\n<meta property=\"article:modified_time\" content=\"2018-07-10T19:22:18+00:00\" \/>\n<meta name=\"twitter:label1\" content=\"Procijenjeno vrijeme \u010ditanja\" \/>\n\t<meta name=\"twitter:data1\" content=\"2 minute\" \/>\n<script type=\"application\/ld+json\" class=\"yoast-schema-graph\">{\"@context\":\"https:\/\/schema.org\",\"@graph\":[{\"@type\":\"WebSite\",\"@id\":\"https:\/\/knjiznice.nsk.hr\/senj\/#website\",\"url\":\"https:\/\/knjiznice.nsk.hr\/senj\/\",\"name\":\"Gradska knji\\u017enica Senj\",\"description\":\"S vama od 1835. godine\",\"potentialAction\":[{\"@type\":\"SearchAction\",\"target\":\"https:\/\/knjiznice.nsk.hr\/senj\/?s={search_term_string}\",\"query-input\":\"required name=search_term_string\"}],\"inLanguage\":\"hr\"},{\"@type\":\"WebPage\",\"@id\":\"http:\/\/knjiznice.nsk.hr\/senj\/program-padale-su-bombe-upopriko\/#webpage\",\"url\":\"http:\/\/knjiznice.nsk.hr\/senj\/program-padale-su-bombe-upopriko\/\",\"name\":\"PROGRAM \\u201ePADALE SU BOMBE UPOPRIKO\\u201c - Gradska knji\\u017enica Senj\",\"isPartOf\":{\"@id\":\"https:\/\/knjiznice.nsk.hr\/senj\/#website\"},\"datePublished\":\"2018-04-20T09:26:29+00:00\",\"dateModified\":\"2018-07-10T19:22:18+00:00\",\"author\":{\"@id\":\"https:\/\/knjiznice.nsk.hr\/senj\/#\/schema\/person\/315e37a82e4274a7e4c541214a65006e\"},\"breadcrumb\":{\"@id\":\"http:\/\/knjiznice.nsk.hr\/senj\/program-padale-su-bombe-upopriko\/#breadcrumb\"},\"inLanguage\":\"hr\",\"potentialAction\":[{\"@type\":\"ReadAction\",\"target\":[\"http:\/\/knjiznice.nsk.hr\/senj\/program-padale-su-bombe-upopriko\/\"]}]},{\"@type\":\"BreadcrumbList\",\"@id\":\"http:\/\/knjiznice.nsk.hr\/senj\/program-padale-su-bombe-upopriko\/#breadcrumb\",\"itemListElement\":[{\"@type\":\"ListItem\",\"position\":1,\"item\":{\"@type\":\"WebPage\",\"@id\":\"https:\/\/knjiznice.nsk.hr\/senj\/\",\"url\":\"https:\/\/knjiznice.nsk.hr\/senj\/\",\"name\":\"Po\\u010detna stranica\"}},{\"@type\":\"ListItem\",\"position\":2,\"item\":{\"@id\":\"http:\/\/knjiznice.nsk.hr\/senj\/program-padale-su-bombe-upopriko\/#webpage\"}}]},{\"@type\":\"Person\",\"@id\":\"https:\/\/knjiznice.nsk.hr\/senj\/#\/schema\/person\/315e37a82e4274a7e4c541214a65006e\",\"name\":\"Filip Lon\\u010dar\",\"image\":{\"@type\":\"ImageObject\",\"@id\":\"https:\/\/knjiznice.nsk.hr\/senj\/#personlogo\",\"inLanguage\":\"hr\",\"url\":\"http:\/\/2.gravatar.com\/avatar\/88f82d4282f71a8cdcb47b662ce8628e?s=96&d=mm&r=g\",\"contentUrl\":\"http:\/\/2.gravatar.com\/avatar\/88f82d4282f71a8cdcb47b662ce8628e?s=96&d=mm&r=g\",\"caption\":\"Filip Lon\\u010dar\"}}]}<\/script>\n<!-- \/ Yoast SEO plugin. -->","_links":{"self":[{"href":"http:\/\/knjiznice.nsk.hr\/senj\/wp-json\/wp\/v2\/posts\/1485"}],"collection":[{"href":"http:\/\/knjiznice.nsk.hr\/senj\/wp-json\/wp\/v2\/posts"}],"about":[{"href":"http:\/\/knjiznice.nsk.hr\/senj\/wp-json\/wp\/v2\/types\/post"}],"author":[{"embeddable":true,"href":"http:\/\/knjiznice.nsk.hr\/senj\/wp-json\/wp\/v2\/users\/34"}],"replies":[{"embeddable":true,"href":"http:\/\/knjiznice.nsk.hr\/senj\/wp-json\/wp\/v2\/comments?post=1485"}],"version-history":[{"count":1,"href":"http:\/\/knjiznice.nsk.hr\/senj\/wp-json\/wp\/v2\/posts\/1485\/revisions"}],"predecessor-version":[{"id":1486,"href":"http:\/\/knjiznice.nsk.hr\/senj\/wp-json\/wp\/v2\/posts\/1485\/revisions\/1486"}],"wp:attachment":[{"href":"http:\/\/knjiznice.nsk.hr\/senj\/wp-json\/wp\/v2\/media?parent=1485"}],"wp:term":[{"taxonomy":"category","embeddable":true,"href":"http:\/\/knjiznice.nsk.hr\/senj\/wp-json\/wp\/v2\/categories?post=1485"},{"taxonomy":"post_tag","embeddable":true,"href":"http:\/\/knjiznice.nsk.hr\/senj\/wp-json\/wp\/v2\/tags?post=1485"}],"curies":[{"name":"wp","href":"https:\/\/api.w.org\/{rel}","templated":true}]}}