{"id":230,"date":"2021-11-17T12:23:22","date_gmt":"2021-11-17T11:23:22","guid":{"rendered":"http:\/\/knjiznice.nsk.hr\/pregrada\/?p=230"},"modified":"2021-11-17T12:23:22","modified_gmt":"2021-11-17T11:23:22","slug":"covid-potvrde","status":"publish","type":"post","link":"http:\/\/knjiznice.nsk.hr\/pregrada\/2021\/11\/17\/covid-potvrde\/","title":{"rendered":"OBAVIJEST ZA KORISNIKE KNJI\u017dNICE VEZANO UZ COVID POTVRDE"},"content":{"rendered":"<div class=\"o9v6fnle cxmmr5t8 oygrvhab hcukyx3x c1et5uql ii04i59q\">\n<div dir=\"auto\"><em><strong><img loading=\"lazy\" class=\"aligncenter wp-image-231 size-medium\" src=\"http:\/\/knjiznice.nsk.hr\/pregrada\/wp-content\/uploads\/sites\/99\/2021\/11\/COVID_STOP-283x300.jpg\" alt=\"\" width=\"283\" height=\"300\" srcset=\"http:\/\/knjiznice.nsk.hr\/pregrada\/wp-content\/uploads\/sites\/99\/2021\/11\/COVID_STOP-283x300.jpg 283w, http:\/\/knjiznice.nsk.hr\/pregrada\/wp-content\/uploads\/sites\/99\/2021\/11\/COVID_STOP-966x1024.jpg 966w, http:\/\/knjiznice.nsk.hr\/pregrada\/wp-content\/uploads\/sites\/99\/2021\/11\/COVID_STOP-768x814.jpg 768w, http:\/\/knjiznice.nsk.hr\/pregrada\/wp-content\/uploads\/sites\/99\/2021\/11\/COVID_STOP-600x636.jpg 600w, http:\/\/knjiznice.nsk.hr\/pregrada\/wp-content\/uploads\/sites\/99\/2021\/11\/COVID_STOP-624x661.jpg 624w, http:\/\/knjiznice.nsk.hr\/pregrada\/wp-content\/uploads\/sites\/99\/2021\/11\/COVID_STOP.jpg 1405w\" sizes=\"(max-width: 283px) 100vw, 283px\" \/><\/strong><\/em><\/div>\n<div dir=\"auto\">Dragi korisnici Knji\u017enice,<\/div>\n<div dir=\"auto\">&nbsp;<\/div>\n<\/div>\n<div class=\"o9v6fnle cxmmr5t8 oygrvhab hcukyx3x c1et5uql ii04i59q\">\n<div dir=\"auto\">temeljem Odluke o uvo\u0111enju posebne sigurnosne mjere obveznog testiranja du\u017enosnika, dr\u017eavnih slu\u017ebenika i namje\u0161tenika, slu\u017ebenika i namje\u0161tenika u javnim slu\u017ebama, slu\u017ebenika i namje\u0161tenika u lokalnoj i podru\u010dnoj (regionalnoj) samoupravi te zaposlenika trgova\u010dkih dru\u0161tava i ustanova koju je 12. studenoga 2021. donio Sto\u017eer civilne za\u0161tite Republike Hrvatske (KLASA: 810-06\/20-01\/7; URBROJ: 511-01-300-21-452), od utorka, 16. studenoga 2021. za zaposlenike, korisnike Knji\u017enice i druge osobe koji ulaze u zgradu Knji\u017enice obvezno je posjedovanje EU digitalne COVID potvrde ili drugog odgovaraju\u0107eg dokaza o cijepljenju, preboljenju ili testiranju.<\/div>\n<\/div>\n<div class=\"o9v6fnle cxmmr5t8 oygrvhab hcukyx3x c1et5uql ii04i59q\">\n<div dir=\"auto\">Molimo vas da pri ulasku u zgradu pripremite svoju EU digitalnu COVID potvrdu ili drugi odgovaraju\u0107i dokaz o cijepljenju, preboljenju ili testiranju, koji \u0107ete zatim predo\u010diti zaposleniku Knji\u017enice.<\/div>\n<\/div>\n<div class=\"o9v6fnle cxmmr5t8 oygrvhab hcukyx3x c1et5uql ii04i59q\">\n<div dir=\"auto\">Osobe koje odbiju predo\u010diti EU digitalnu COVID potvrdu ili drugi odgovaraju\u0107i dokaz ne mogu boraviti u zgradi Knji\u017enice.<\/div>\n<\/div>\n<div class=\"o9v6fnle cxmmr5t8 oygrvhab hcukyx3x c1et5uql ii04i59q\">\n<div dir=\"auto\"><em>Molimo na\u0161e korisnike koji nemaju EU digitalnu COVID potvrdu ili drugi odgovaraju\u0107i dokaz o cijepljenju, preboljenju odnosno testiranju da nam se obrate na broj telefona <\/em><\/div>\n<div dir=\"auto\"><em><strong>049 376 111 <\/strong>ili <strong>091 376 0524.<br \/>\n<\/strong><\/em><\/div>\n<\/div>\n","protected":false},"excerpt":{"rendered":"<p>Dragi korisnici Knji\u017enice, &nbsp; temeljem Odluke o uvo\u0111enju posebne sigurnosne mjere obveznog testiranja du\u017enosnika, dr\u017eavnih slu\u017ebenika i namje\u0161tenika, slu\u017ebenika i namje\u0161tenika u javnim slu\u017ebama, slu\u017ebenika i namje\u0161tenika u lokalnoj i podru\u010dnoj (regionalnoj) samoupravi te zaposlenika trgova\u010dkih dru\u0161tava i ustanova koju je 12. studenoga 2021. donio Sto\u017eer civilne za\u0161tite Republike Hrvatske (KLASA: 810-06\/20-01\/7; URBROJ: 511-01-300-21-452), od [&hellip;]<\/p>\n","protected":false},"author":169,"featured_media":0,"comment_status":"closed","ping_status":"closed","sticky":false,"template":"","format":"standard","meta":{"ngg_post_thumbnail":0},"categories":[1],"tags":[],"yoast_head":"<!-- This site is optimized with the Yoast SEO plugin v16.4 - https:\/\/yoast.com\/wordpress\/plugins\/seo\/ -->\n<meta name=\"robots\" content=\"index, follow, max-snippet:-1, max-image-preview:large, max-video-preview:-1\" \/>\n<link rel=\"canonical\" href=\"http:\/\/knjiznice.nsk.hr\/pregrada\/2021\/11\/17\/covid-potvrde\/\" \/>\n<meta property=\"og:locale\" content=\"hr_HR\" \/>\n<meta property=\"og:type\" content=\"article\" \/>\n<meta property=\"og:title\" content=\"OBAVIJEST ZA KORISNIKE KNJI\u017dNICE VEZANO UZ COVID POTVRDE - Gradska knji\u017enica Pregrada\" \/>\n<meta property=\"og:description\" content=\"Dragi korisnici Knji\u017enice, &nbsp; temeljem Odluke o uvo\u0111enju posebne sigurnosne mjere obveznog testiranja du\u017enosnika, dr\u017eavnih slu\u017ebenika i namje\u0161tenika, slu\u017ebenika i namje\u0161tenika u javnim slu\u017ebama, slu\u017ebenika i namje\u0161tenika u lokalnoj i podru\u010dnoj (regionalnoj) samoupravi te zaposlenika trgova\u010dkih dru\u0161tava i ustanova koju je 12. studenoga 2021. donio Sto\u017eer civilne za\u0161tite Republike Hrvatske (KLASA: 810-06\/20-01\/7; URBROJ: 511-01-300-21-452), od [&hellip;]\" \/>\n<meta property=\"og:url\" content=\"http:\/\/knjiznice.nsk.hr\/pregrada\/2021\/11\/17\/covid-potvrde\/\" \/>\n<meta property=\"og:site_name\" content=\"Gradska knji\u017enica Pregrada\" \/>\n<meta property=\"article:published_time\" content=\"2021-11-17T11:23:22+00:00\" \/>\n<meta property=\"og:image\" content=\"http:\/\/knjiznice.nsk.hr\/pregrada\/wp-content\/uploads\/sites\/99\/2021\/11\/COVID_STOP-283x300.jpg\" \/>\n<meta name=\"twitter:card\" content=\"summary_large_image\" \/>\n<meta name=\"twitter:label1\" content=\"Procijenjeno vrijeme \u010ditanja\" \/>\n\t<meta name=\"twitter:data1\" content=\"1 minuta\" \/>\n<script type=\"application\/ld+json\" class=\"yoast-schema-graph\">{\"@context\":\"https:\/\/schema.org\",\"@graph\":[{\"@type\":\"WebSite\",\"@id\":\"https:\/\/knjiznice.nsk.hr\/pregrada\/#website\",\"url\":\"https:\/\/knjiznice.nsk.hr\/pregrada\/\",\"name\":\"Gradska knji\\u017enica Pregrada\",\"description\":\"\",\"potentialAction\":[{\"@type\":\"SearchAction\",\"target\":\"https:\/\/knjiznice.nsk.hr\/pregrada\/?s={search_term_string}\",\"query-input\":\"required name=search_term_string\"}],\"inLanguage\":\"hr\"},{\"@type\":\"ImageObject\",\"@id\":\"http:\/\/knjiznice.nsk.hr\/pregrada\/2021\/11\/17\/covid-potvrde\/#primaryimage\",\"inLanguage\":\"hr\",\"url\":\"http:\/\/knjiznice.nsk.hr\/pregrada\/wp-content\/uploads\/sites\/99\/2021\/11\/COVID_STOP.jpg\",\"contentUrl\":\"http:\/\/knjiznice.nsk.hr\/pregrada\/wp-content\/uploads\/sites\/99\/2021\/11\/COVID_STOP.jpg\",\"width\":1405,\"height\":1489},{\"@type\":\"WebPage\",\"@id\":\"http:\/\/knjiznice.nsk.hr\/pregrada\/2021\/11\/17\/covid-potvrde\/#webpage\",\"url\":\"http:\/\/knjiznice.nsk.hr\/pregrada\/2021\/11\/17\/covid-potvrde\/\",\"name\":\"OBAVIJEST ZA KORISNIKE KNJI\\u017dNICE VEZANO UZ COVID POTVRDE - Gradska knji\\u017enica Pregrada\",\"isPartOf\":{\"@id\":\"https:\/\/knjiznice.nsk.hr\/pregrada\/#website\"},\"primaryImageOfPage\":{\"@id\":\"http:\/\/knjiznice.nsk.hr\/pregrada\/2021\/11\/17\/covid-potvrde\/#primaryimage\"},\"datePublished\":\"2021-11-17T11:23:22+00:00\",\"dateModified\":\"2021-11-17T11:23:22+00:00\",\"author\":{\"@id\":\"https:\/\/knjiznice.nsk.hr\/pregrada\/#\/schema\/person\/ea70a51919d7099398216bbfcd44e5f8\"},\"breadcrumb\":{\"@id\":\"http:\/\/knjiznice.nsk.hr\/pregrada\/2021\/11\/17\/covid-potvrde\/#breadcrumb\"},\"inLanguage\":\"hr\",\"potentialAction\":[{\"@type\":\"ReadAction\",\"target\":[\"http:\/\/knjiznice.nsk.hr\/pregrada\/2021\/11\/17\/covid-potvrde\/\"]}]},{\"@type\":\"BreadcrumbList\",\"@id\":\"http:\/\/knjiznice.nsk.hr\/pregrada\/2021\/11\/17\/covid-potvrde\/#breadcrumb\",\"itemListElement\":[{\"@type\":\"ListItem\",\"position\":1,\"item\":{\"@type\":\"WebPage\",\"@id\":\"https:\/\/knjiznice.nsk.hr\/pregrada\/\",\"url\":\"https:\/\/knjiznice.nsk.hr\/pregrada\/\",\"name\":\"Po\\u010detna stranica\"}},{\"@type\":\"ListItem\",\"position\":2,\"item\":{\"@id\":\"http:\/\/knjiznice.nsk.hr\/pregrada\/2021\/11\/17\/covid-potvrde\/#webpage\"}}]},{\"@type\":\"Person\",\"@id\":\"https:\/\/knjiznice.nsk.hr\/pregrada\/#\/schema\/person\/ea70a51919d7099398216bbfcd44e5f8\",\"name\":\"GKP\",\"image\":{\"@type\":\"ImageObject\",\"@id\":\"https:\/\/knjiznice.nsk.hr\/pregrada\/#personlogo\",\"inLanguage\":\"hr\",\"url\":\"http:\/\/0.gravatar.com\/avatar\/9dd824301c6b700776ea728699cb6401?s=96&d=mm&r=g\",\"contentUrl\":\"http:\/\/0.gravatar.com\/avatar\/9dd824301c6b700776ea728699cb6401?s=96&d=mm&r=g\",\"caption\":\"GKP\"},\"url\":\"http:\/\/knjiznice.nsk.hr\/pregrada\/\"}]}<\/script>\n<!-- \/ Yoast SEO plugin. -->","_links":{"self":[{"href":"http:\/\/knjiznice.nsk.hr\/pregrada\/wp-json\/wp\/v2\/posts\/230"}],"collection":[{"href":"http:\/\/knjiznice.nsk.hr\/pregrada\/wp-json\/wp\/v2\/posts"}],"about":[{"href":"http:\/\/knjiznice.nsk.hr\/pregrada\/wp-json\/wp\/v2\/types\/post"}],"author":[{"embeddable":true,"href":"http:\/\/knjiznice.nsk.hr\/pregrada\/wp-json\/wp\/v2\/users\/169"}],"replies":[{"embeddable":true,"href":"http:\/\/knjiznice.nsk.hr\/pregrada\/wp-json\/wp\/v2\/comments?post=230"}],"version-history":[{"count":1,"href":"http:\/\/knjiznice.nsk.hr\/pregrada\/wp-json\/wp\/v2\/posts\/230\/revisions"}],"predecessor-version":[{"id":232,"href":"http:\/\/knjiznice.nsk.hr\/pregrada\/wp-json\/wp\/v2\/posts\/230\/revisions\/232"}],"wp:attachment":[{"href":"http:\/\/knjiznice.nsk.hr\/pregrada\/wp-json\/wp\/v2\/media?parent=230"}],"wp:term":[{"taxonomy":"category","embeddable":true,"href":"http:\/\/knjiznice.nsk.hr\/pregrada\/wp-json\/wp\/v2\/categories?post=230"},{"taxonomy":"post_tag","embeddable":true,"href":"http:\/\/knjiznice.nsk.hr\/pregrada\/wp-json\/wp\/v2\/tags?post=230"}],"curies":[{"name":"wp","href":"https:\/\/api.w.org\/{rel}","templated":true}]}}