{"id":159,"date":"2019-06-13T13:20:59","date_gmt":"2019-06-13T11:20:59","guid":{"rendered":"http:\/\/knjiznice.nsk.hr\/pregrada\/?p=159"},"modified":"2019-06-13T13:22:07","modified_gmt":"2019-06-13T11:22:07","slug":"razglednica","status":"publish","type":"post","link":"http:\/\/knjiznice.nsk.hr\/pregrada\/2019\/06\/13\/razglednica\/","title":{"rendered":"Razglednica"},"content":{"rendered":"<p>Na\u0161a zavi\u010dajna gra\u0111a odnedavno je bogatija za jednu lijepu razglednicu Pregrade iz 1929. godine. Pogled na Pregradu snimljen je iz Vrha pregradskih, cesta prema Sopotu. U tekstu po\u0161iljatelja koji razglednicu \u0161alje u Zagreb posebno nas se dojmila re\u010denica: \u201eKraj je prekrasan, a svugdje gdje sam do\u0161ao vrlo su me lijepo primili.&#8221; Re\u010denica je evergreen jer vrijedi i danas.<\/p>\n<p>Radi usporedbi, uz razglednicu je stavljena i fotografija dana\u0161nje Pregrade snimljena s istog mjesta. <span class=\"text_exposed_show\">Foto-video HRVO je pove\u0107ao razglednicu i snimio fotografiju dana\u0161nje Pregrade i na tome im se najljep\u0161e zahvaljujemo.<\/span><\/p>\n<div class=\"text_exposed_show\">\n<p>Hvala zagreba\u010dkom Pregra\u010danu koji nam je razglednicu poklonio.<\/p>\n<p><img loading=\"lazy\" class=\"alignnone wp-image-161 size-large\" src=\"http:\/\/knjiznice.nsk.hr\/pregrada\/wp-content\/uploads\/sites\/99\/2019\/06\/ScanImage233-1024x792.jpg\" alt=\"\" width=\"625\" height=\"483\" srcset=\"http:\/\/knjiznice.nsk.hr\/pregrada\/wp-content\/uploads\/sites\/99\/2019\/06\/ScanImage233-1024x792.jpg 1024w, http:\/\/knjiznice.nsk.hr\/pregrada\/wp-content\/uploads\/sites\/99\/2019\/06\/ScanImage233-300x232.jpg 300w, http:\/\/knjiznice.nsk.hr\/pregrada\/wp-content\/uploads\/sites\/99\/2019\/06\/ScanImage233-768x594.jpg 768w, http:\/\/knjiznice.nsk.hr\/pregrada\/wp-content\/uploads\/sites\/99\/2019\/06\/ScanImage233-600x464.jpg 600w, http:\/\/knjiznice.nsk.hr\/pregrada\/wp-content\/uploads\/sites\/99\/2019\/06\/ScanImage233-624x482.jpg 624w, http:\/\/knjiznice.nsk.hr\/pregrada\/wp-content\/uploads\/sites\/99\/2019\/06\/ScanImage233.jpg 1917w\" sizes=\"(max-width: 625px) 100vw, 625px\" \/> &nbsp;<img loading=\"lazy\" class=\"alignnone wp-image-160 size-large\" src=\"http:\/\/knjiznice.nsk.hr\/pregrada\/wp-content\/uploads\/sites\/99\/2019\/06\/ScanImage232-1024x684.jpg\" alt=\"\" width=\"625\" height=\"417\" srcset=\"http:\/\/knjiznice.nsk.hr\/pregrada\/wp-content\/uploads\/sites\/99\/2019\/06\/ScanImage232-1024x684.jpg 1024w, http:\/\/knjiznice.nsk.hr\/pregrada\/wp-content\/uploads\/sites\/99\/2019\/06\/ScanImage232-300x200.jpg 300w, http:\/\/knjiznice.nsk.hr\/pregrada\/wp-content\/uploads\/sites\/99\/2019\/06\/ScanImage232-768x513.jpg 768w, http:\/\/knjiznice.nsk.hr\/pregrada\/wp-content\/uploads\/sites\/99\/2019\/06\/ScanImage232-600x401.jpg 600w, http:\/\/knjiznice.nsk.hr\/pregrada\/wp-content\/uploads\/sites\/99\/2019\/06\/ScanImage232-624x417.jpg 624w\" sizes=\"(max-width: 625px) 100vw, 625px\" \/><img loading=\"lazy\" class=\"alignnone wp-image-162 size-large\" src=\"http:\/\/knjiznice.nsk.hr\/pregrada\/wp-content\/uploads\/sites\/99\/2019\/06\/ScanImage234-1024x660.jpg\" alt=\"\" width=\"625\" height=\"403\" srcset=\"http:\/\/knjiznice.nsk.hr\/pregrada\/wp-content\/uploads\/sites\/99\/2019\/06\/ScanImage234-1024x660.jpg 1024w, http:\/\/knjiznice.nsk.hr\/pregrada\/wp-content\/uploads\/sites\/99\/2019\/06\/ScanImage234-300x193.jpg 300w, http:\/\/knjiznice.nsk.hr\/pregrada\/wp-content\/uploads\/sites\/99\/2019\/06\/ScanImage234-768x495.jpg 768w, http:\/\/knjiznice.nsk.hr\/pregrada\/wp-content\/uploads\/sites\/99\/2019\/06\/ScanImage234-600x387.jpg 600w, http:\/\/knjiznice.nsk.hr\/pregrada\/wp-content\/uploads\/sites\/99\/2019\/06\/ScanImage234-624x402.jpg 624w\" sizes=\"(max-width: 625px) 100vw, 625px\" \/><\/p>\n<\/div>\n","protected":false},"excerpt":{"rendered":"<p>Na\u0161a zavi\u010dajna gra\u0111a odnedavno je bogatija za jednu lijepu razglednicu Pregrade iz 1929. godine. Pogled na Pregradu snimljen je iz Vrha pregradskih, cesta prema Sopotu. U tekstu po\u0161iljatelja koji razglednicu \u0161alje u Zagreb posebno nas se dojmila re\u010denica: \u201eKraj je prekrasan, a svugdje gdje sam do\u0161ao vrlo su me lijepo primili.&#8221; Re\u010denica je evergreen jer [&hellip;]<\/p>\n","protected":false},"author":169,"featured_media":0,"comment_status":"closed","ping_status":"closed","sticky":false,"template":"","format":"standard","meta":{"ngg_post_thumbnail":0},"categories":[1],"tags":[],"yoast_head":"<!-- This site is optimized with the Yoast SEO plugin v16.4 - https:\/\/yoast.com\/wordpress\/plugins\/seo\/ -->\n<meta name=\"robots\" content=\"index, follow, max-snippet:-1, max-image-preview:large, max-video-preview:-1\" \/>\n<link rel=\"canonical\" href=\"http:\/\/knjiznice.nsk.hr\/pregrada\/2019\/06\/13\/razglednica\/\" \/>\n<meta property=\"og:locale\" content=\"hr_HR\" \/>\n<meta property=\"og:type\" content=\"article\" \/>\n<meta property=\"og:title\" content=\"Razglednica - Gradska knji\u017enica Pregrada\" \/>\n<meta property=\"og:description\" content=\"Na\u0161a zavi\u010dajna gra\u0111a odnedavno je bogatija za jednu lijepu razglednicu Pregrade iz 1929. godine. Pogled na Pregradu snimljen je iz Vrha pregradskih, cesta prema Sopotu. U tekstu po\u0161iljatelja koji razglednicu \u0161alje u Zagreb posebno nas se dojmila re\u010denica: \u201eKraj je prekrasan, a svugdje gdje sam do\u0161ao vrlo su me lijepo primili.&#8221; Re\u010denica je evergreen jer [&hellip;]\" \/>\n<meta property=\"og:url\" content=\"http:\/\/knjiznice.nsk.hr\/pregrada\/2019\/06\/13\/razglednica\/\" \/>\n<meta property=\"og:site_name\" content=\"Gradska knji\u017enica Pregrada\" \/>\n<meta property=\"article:published_time\" content=\"2019-06-13T11:20:59+00:00\" \/>\n<meta property=\"article:modified_time\" content=\"2019-06-13T11:22:07+00:00\" \/>\n<meta property=\"og:image\" content=\"http:\/\/knjiznice.nsk.hr\/pregrada\/wp-content\/uploads\/sites\/99\/2019\/06\/ScanImage233-1024x792.jpg\" \/>\n<meta name=\"twitter:card\" content=\"summary_large_image\" \/>\n<meta name=\"twitter:label1\" content=\"Procijenjeno vrijeme \u010ditanja\" \/>\n\t<meta name=\"twitter:data1\" content=\"1 minuta\" \/>\n<script type=\"application\/ld+json\" class=\"yoast-schema-graph\">{\"@context\":\"https:\/\/schema.org\",\"@graph\":[{\"@type\":\"WebSite\",\"@id\":\"https:\/\/knjiznice.nsk.hr\/pregrada\/#website\",\"url\":\"https:\/\/knjiznice.nsk.hr\/pregrada\/\",\"name\":\"Gradska knji\\u017enica Pregrada\",\"description\":\"\",\"potentialAction\":[{\"@type\":\"SearchAction\",\"target\":\"https:\/\/knjiznice.nsk.hr\/pregrada\/?s={search_term_string}\",\"query-input\":\"required name=search_term_string\"}],\"inLanguage\":\"hr\"},{\"@type\":\"ImageObject\",\"@id\":\"http:\/\/knjiznice.nsk.hr\/pregrada\/2019\/06\/13\/razglednica\/#primaryimage\",\"inLanguage\":\"hr\",\"url\":\"http:\/\/knjiznice.nsk.hr\/pregrada\/wp-content\/uploads\/sites\/99\/2019\/06\/ScanImage233.jpg\",\"contentUrl\":\"http:\/\/knjiznice.nsk.hr\/pregrada\/wp-content\/uploads\/sites\/99\/2019\/06\/ScanImage233.jpg\",\"width\":1917,\"height\":1482},{\"@type\":\"WebPage\",\"@id\":\"http:\/\/knjiznice.nsk.hr\/pregrada\/2019\/06\/13\/razglednica\/#webpage\",\"url\":\"http:\/\/knjiznice.nsk.hr\/pregrada\/2019\/06\/13\/razglednica\/\",\"name\":\"Razglednica - Gradska knji\\u017enica Pregrada\",\"isPartOf\":{\"@id\":\"https:\/\/knjiznice.nsk.hr\/pregrada\/#website\"},\"primaryImageOfPage\":{\"@id\":\"http:\/\/knjiznice.nsk.hr\/pregrada\/2019\/06\/13\/razglednica\/#primaryimage\"},\"datePublished\":\"2019-06-13T11:20:59+00:00\",\"dateModified\":\"2019-06-13T11:22:07+00:00\",\"author\":{\"@id\":\"https:\/\/knjiznice.nsk.hr\/pregrada\/#\/schema\/person\/ea70a51919d7099398216bbfcd44e5f8\"},\"breadcrumb\":{\"@id\":\"http:\/\/knjiznice.nsk.hr\/pregrada\/2019\/06\/13\/razglednica\/#breadcrumb\"},\"inLanguage\":\"hr\",\"potentialAction\":[{\"@type\":\"ReadAction\",\"target\":[\"http:\/\/knjiznice.nsk.hr\/pregrada\/2019\/06\/13\/razglednica\/\"]}]},{\"@type\":\"BreadcrumbList\",\"@id\":\"http:\/\/knjiznice.nsk.hr\/pregrada\/2019\/06\/13\/razglednica\/#breadcrumb\",\"itemListElement\":[{\"@type\":\"ListItem\",\"position\":1,\"item\":{\"@type\":\"WebPage\",\"@id\":\"https:\/\/knjiznice.nsk.hr\/pregrada\/\",\"url\":\"https:\/\/knjiznice.nsk.hr\/pregrada\/\",\"name\":\"Po\\u010detna stranica\"}},{\"@type\":\"ListItem\",\"position\":2,\"item\":{\"@id\":\"http:\/\/knjiznice.nsk.hr\/pregrada\/2019\/06\/13\/razglednica\/#webpage\"}}]},{\"@type\":\"Person\",\"@id\":\"https:\/\/knjiznice.nsk.hr\/pregrada\/#\/schema\/person\/ea70a51919d7099398216bbfcd44e5f8\",\"name\":\"GKP\",\"image\":{\"@type\":\"ImageObject\",\"@id\":\"https:\/\/knjiznice.nsk.hr\/pregrada\/#personlogo\",\"inLanguage\":\"hr\",\"url\":\"http:\/\/0.gravatar.com\/avatar\/9dd824301c6b700776ea728699cb6401?s=96&d=mm&r=g\",\"contentUrl\":\"http:\/\/0.gravatar.com\/avatar\/9dd824301c6b700776ea728699cb6401?s=96&d=mm&r=g\",\"caption\":\"GKP\"},\"url\":\"http:\/\/knjiznice.nsk.hr\/pregrada\/\"}]}<\/script>\n<!-- \/ Yoast SEO plugin. -->","_links":{"self":[{"href":"http:\/\/knjiznice.nsk.hr\/pregrada\/wp-json\/wp\/v2\/posts\/159"}],"collection":[{"href":"http:\/\/knjiznice.nsk.hr\/pregrada\/wp-json\/wp\/v2\/posts"}],"about":[{"href":"http:\/\/knjiznice.nsk.hr\/pregrada\/wp-json\/wp\/v2\/types\/post"}],"author":[{"embeddable":true,"href":"http:\/\/knjiznice.nsk.hr\/pregrada\/wp-json\/wp\/v2\/users\/169"}],"replies":[{"embeddable":true,"href":"http:\/\/knjiznice.nsk.hr\/pregrada\/wp-json\/wp\/v2\/comments?post=159"}],"version-history":[{"count":3,"href":"http:\/\/knjiznice.nsk.hr\/pregrada\/wp-json\/wp\/v2\/posts\/159\/revisions"}],"predecessor-version":[{"id":165,"href":"http:\/\/knjiznice.nsk.hr\/pregrada\/wp-json\/wp\/v2\/posts\/159\/revisions\/165"}],"wp:attachment":[{"href":"http:\/\/knjiznice.nsk.hr\/pregrada\/wp-json\/wp\/v2\/media?parent=159"}],"wp:term":[{"taxonomy":"category","embeddable":true,"href":"http:\/\/knjiznice.nsk.hr\/pregrada\/wp-json\/wp\/v2\/categories?post=159"},{"taxonomy":"post_tag","embeddable":true,"href":"http:\/\/knjiznice.nsk.hr\/pregrada\/wp-json\/wp\/v2\/tags?post=159"}],"curies":[{"name":"wp","href":"https:\/\/api.w.org\/{rel}","templated":true}]}}