{"id":118,"date":"2019-03-26T10:12:30","date_gmt":"2019-03-26T09:12:30","guid":{"rendered":"http:\/\/knjiznice.nsk.hr\/pregrada\/?p=118"},"modified":"2019-04-03T13:42:56","modified_gmt":"2019-04-03T11:42:56","slug":"uskrsnji-obicaji-2-travnja-2019","status":"publish","type":"post","link":"http:\/\/knjiznice.nsk.hr\/pregrada\/2019\/03\/26\/uskrsnji-obicaji-2-travnja-2019\/","title":{"rendered":"Uskr\u0161nji obi\u010daji &#8211; 2. travnja 2019."},"content":{"rendered":"<p><img loading=\"lazy\" class=\"aligncenter wp-image-119\" src=\"http:\/\/knjiznice.nsk.hr\/pregrada\/wp-content\/uploads\/sites\/99\/2019\/03\/Uskrsnji_obicaji_Letak-724x1024.jpg\" alt=\"\" width=\"661\" height=\"935\" srcset=\"http:\/\/knjiznice.nsk.hr\/pregrada\/wp-content\/uploads\/sites\/99\/2019\/03\/Uskrsnji_obicaji_Letak-724x1024.jpg 724w, http:\/\/knjiznice.nsk.hr\/pregrada\/wp-content\/uploads\/sites\/99\/2019\/03\/Uskrsnji_obicaji_Letak-212x300.jpg 212w, http:\/\/knjiznice.nsk.hr\/pregrada\/wp-content\/uploads\/sites\/99\/2019\/03\/Uskrsnji_obicaji_Letak-768x1086.jpg 768w, http:\/\/knjiznice.nsk.hr\/pregrada\/wp-content\/uploads\/sites\/99\/2019\/03\/Uskrsnji_obicaji_Letak-600x849.jpg 600w, http:\/\/knjiznice.nsk.hr\/pregrada\/wp-content\/uploads\/sites\/99\/2019\/03\/Uskrsnji_obicaji_Letak-624x883.jpg 624w, http:\/\/knjiznice.nsk.hr\/pregrada\/wp-content\/uploads\/sites\/99\/2019\/03\/Uskrsnji_obicaji_Letak.jpg 1588w\" sizes=\"(max-width: 661px) 100vw, 661px\" \/><\/p>\n","protected":false},"excerpt":{"rendered":"","protected":false},"author":169,"featured_media":0,"comment_status":"closed","ping_status":"closed","sticky":false,"template":"","format":"standard","meta":{"ngg_post_thumbnail":0},"categories":[1],"tags":[],"yoast_head":"<!-- This site is optimized with the Yoast SEO plugin v16.4 - https:\/\/yoast.com\/wordpress\/plugins\/seo\/ -->\n<meta name=\"robots\" content=\"index, follow, max-snippet:-1, max-image-preview:large, max-video-preview:-1\" \/>\n<link rel=\"canonical\" href=\"http:\/\/knjiznice.nsk.hr\/pregrada\/2019\/03\/26\/uskrsnji-obicaji-2-travnja-2019\/\" \/>\n<meta property=\"og:locale\" content=\"hr_HR\" \/>\n<meta property=\"og:type\" content=\"article\" \/>\n<meta property=\"og:title\" content=\"Uskr\u0161nji obi\u010daji - 2. travnja 2019. - Gradska knji\u017enica Pregrada\" \/>\n<meta property=\"og:url\" content=\"http:\/\/knjiznice.nsk.hr\/pregrada\/2019\/03\/26\/uskrsnji-obicaji-2-travnja-2019\/\" \/>\n<meta property=\"og:site_name\" content=\"Gradska knji\u017enica Pregrada\" \/>\n<meta property=\"article:published_time\" content=\"2019-03-26T09:12:30+00:00\" \/>\n<meta property=\"article:modified_time\" content=\"2019-04-03T11:42:56+00:00\" \/>\n<meta property=\"og:image\" content=\"http:\/\/knjiznice.nsk.hr\/pregrada\/wp-content\/uploads\/sites\/99\/2019\/03\/Uskrsnji_obicaji_Letak-724x1024.jpg\" \/>\n<meta name=\"twitter:card\" content=\"summary_large_image\" \/>\n<script type=\"application\/ld+json\" class=\"yoast-schema-graph\">{\"@context\":\"https:\/\/schema.org\",\"@graph\":[{\"@type\":\"WebSite\",\"@id\":\"http:\/\/knjiznice.nsk.hr\/pregrada\/#website\",\"url\":\"http:\/\/knjiznice.nsk.hr\/pregrada\/\",\"name\":\"Gradska knji\\u017enica Pregrada\",\"description\":\"\",\"potentialAction\":[{\"@type\":\"SearchAction\",\"target\":\"http:\/\/knjiznice.nsk.hr\/pregrada\/?s={search_term_string}\",\"query-input\":\"required name=search_term_string\"}],\"inLanguage\":\"hr\"},{\"@type\":\"ImageObject\",\"@id\":\"http:\/\/knjiznice.nsk.hr\/pregrada\/2019\/03\/26\/uskrsnji-obicaji-2-travnja-2019\/#primaryimage\",\"inLanguage\":\"hr\",\"url\":\"http:\/\/knjiznice.nsk.hr\/pregrada\/wp-content\/uploads\/sites\/99\/2019\/03\/Uskrsnji_obicaji_Letak.jpg\",\"contentUrl\":\"http:\/\/knjiznice.nsk.hr\/pregrada\/wp-content\/uploads\/sites\/99\/2019\/03\/Uskrsnji_obicaji_Letak.jpg\",\"width\":1588,\"height\":2246},{\"@type\":\"WebPage\",\"@id\":\"http:\/\/knjiznice.nsk.hr\/pregrada\/2019\/03\/26\/uskrsnji-obicaji-2-travnja-2019\/#webpage\",\"url\":\"http:\/\/knjiznice.nsk.hr\/pregrada\/2019\/03\/26\/uskrsnji-obicaji-2-travnja-2019\/\",\"name\":\"Uskr\\u0161nji obi\\u010daji - 2. travnja 2019. - Gradska knji\\u017enica Pregrada\",\"isPartOf\":{\"@id\":\"http:\/\/knjiznice.nsk.hr\/pregrada\/#website\"},\"primaryImageOfPage\":{\"@id\":\"http:\/\/knjiznice.nsk.hr\/pregrada\/2019\/03\/26\/uskrsnji-obicaji-2-travnja-2019\/#primaryimage\"},\"datePublished\":\"2019-03-26T09:12:30+00:00\",\"dateModified\":\"2019-04-03T11:42:56+00:00\",\"author\":{\"@id\":\"http:\/\/knjiznice.nsk.hr\/pregrada\/#\/schema\/person\/ea70a51919d7099398216bbfcd44e5f8\"},\"breadcrumb\":{\"@id\":\"http:\/\/knjiznice.nsk.hr\/pregrada\/2019\/03\/26\/uskrsnji-obicaji-2-travnja-2019\/#breadcrumb\"},\"inLanguage\":\"hr\",\"potentialAction\":[{\"@type\":\"ReadAction\",\"target\":[\"http:\/\/knjiznice.nsk.hr\/pregrada\/2019\/03\/26\/uskrsnji-obicaji-2-travnja-2019\/\"]}]},{\"@type\":\"BreadcrumbList\",\"@id\":\"http:\/\/knjiznice.nsk.hr\/pregrada\/2019\/03\/26\/uskrsnji-obicaji-2-travnja-2019\/#breadcrumb\",\"itemListElement\":[{\"@type\":\"ListItem\",\"position\":1,\"item\":{\"@type\":\"WebPage\",\"@id\":\"http:\/\/knjiznice.nsk.hr\/pregrada\/\",\"url\":\"http:\/\/knjiznice.nsk.hr\/pregrada\/\",\"name\":\"Po\\u010detna stranica\"}},{\"@type\":\"ListItem\",\"position\":2,\"item\":{\"@id\":\"http:\/\/knjiznice.nsk.hr\/pregrada\/2019\/03\/26\/uskrsnji-obicaji-2-travnja-2019\/#webpage\"}}]},{\"@type\":\"Person\",\"@id\":\"http:\/\/knjiznice.nsk.hr\/pregrada\/#\/schema\/person\/ea70a51919d7099398216bbfcd44e5f8\",\"name\":\"GKP\",\"image\":{\"@type\":\"ImageObject\",\"@id\":\"http:\/\/knjiznice.nsk.hr\/pregrada\/#personlogo\",\"inLanguage\":\"hr\",\"url\":\"http:\/\/0.gravatar.com\/avatar\/9dd824301c6b700776ea728699cb6401?s=96&d=mm&r=g\",\"contentUrl\":\"http:\/\/0.gravatar.com\/avatar\/9dd824301c6b700776ea728699cb6401?s=96&d=mm&r=g\",\"caption\":\"GKP\"},\"url\":\"http:\/\/knjiznice.nsk.hr\/pregrada\/\"}]}<\/script>\n<!-- \/ Yoast SEO plugin. -->","_links":{"self":[{"href":"http:\/\/knjiznice.nsk.hr\/pregrada\/wp-json\/wp\/v2\/posts\/118"}],"collection":[{"href":"http:\/\/knjiznice.nsk.hr\/pregrada\/wp-json\/wp\/v2\/posts"}],"about":[{"href":"http:\/\/knjiznice.nsk.hr\/pregrada\/wp-json\/wp\/v2\/types\/post"}],"author":[{"embeddable":true,"href":"http:\/\/knjiznice.nsk.hr\/pregrada\/wp-json\/wp\/v2\/users\/169"}],"replies":[{"embeddable":true,"href":"http:\/\/knjiznice.nsk.hr\/pregrada\/wp-json\/wp\/v2\/comments?post=118"}],"version-history":[{"count":4,"href":"http:\/\/knjiznice.nsk.hr\/pregrada\/wp-json\/wp\/v2\/posts\/118\/revisions"}],"predecessor-version":[{"id":123,"href":"http:\/\/knjiznice.nsk.hr\/pregrada\/wp-json\/wp\/v2\/posts\/118\/revisions\/123"}],"wp:attachment":[{"href":"http:\/\/knjiznice.nsk.hr\/pregrada\/wp-json\/wp\/v2\/media?parent=118"}],"wp:term":[{"taxonomy":"category","embeddable":true,"href":"http:\/\/knjiznice.nsk.hr\/pregrada\/wp-json\/wp\/v2\/categories?post=118"},{"taxonomy":"post_tag","embeddable":true,"href":"http:\/\/knjiznice.nsk.hr\/pregrada\/wp-json\/wp\/v2\/tags?post=118"}],"curies":[{"name":"wp","href":"https:\/\/api.w.org\/{rel}","templated":true}]}}