{"id":939,"date":"2016-11-28T13:13:38","date_gmt":"2016-11-28T12:13:38","guid":{"rendered":"http:\/\/knjiznice.nsk.hr\/ogulin\/?p=939"},"modified":"2016-11-28T13:13:39","modified_gmt":"2016-11-28T12:13:39","slug":"adventski-kalendar-prica","status":"publish","type":"post","link":"http:\/\/knjiznice.nsk.hr\/ogulin\/adventski-kalendar-prica\/","title":{"rendered":"Adventski kalendar pri\u010da"},"content":{"rendered":"<p><a href=\"http:\/\/knjiznice.nsk.hr\/ogulin\/adventski-kalendar-prica\/olympus-digital-camera-26\/\" rel=\"attachment wp-att-940\"><img loading=\"lazy\" class=\"alignleft wp-image-940 size-medium\" src=\"http:\/\/knjiznice.nsk.hr\/ogulin\/wp-content\/uploads\/sites\/83\/2016\/11\/PB280295-300x225.jpg\" alt=\"\" width=\"300\" height=\"225\" srcset=\"http:\/\/knjiznice.nsk.hr\/ogulin\/wp-content\/uploads\/sites\/83\/2016\/11\/PB280295-300x225.jpg 300w, http:\/\/knjiznice.nsk.hr\/ogulin\/wp-content\/uploads\/sites\/83\/2016\/11\/PB280295-600x450.jpg 600w, http:\/\/knjiznice.nsk.hr\/ogulin\/wp-content\/uploads\/sites\/83\/2016\/11\/PB280295.jpg 640w\" sizes=\"(max-width: 300px) 100vw, 300px\" \/><\/a><\/p>\n<p><span style=\"color: #000000\">Od 1. do 24. prosinca na dje\u010djem odjelu Gradske knji\u017enice i \u010ditaonice Ogulin postavljen je <strong>Adventski kalendar pri\u010da<\/strong> &#8211; zelena tkanina na kojoj su na\u0161ivena 24 crvena d\u017eepa. U svakom d\u017eepu kalendara nalazi se po jedna bo\u017ei\u0107na pri\u010da, a \u010ditamo ju u 17 sati svaki dan za vrijeme trajanja adventa. \u00a0Za \u010ditanje pri\u010da uz knji\u017eni\u010darke uklju\u010dit \u0107emo i volontere koji budu zainteresirani \u00a0da izra\u017eajno pro\u010ditaju pri\u010du prepremljenu za taj dan. Naravno da je uz pri\u010du za svakoga prisutnoga slu\u0161atelja prepremljeno i slatko iznena\u0111enje.<\/span><!--more--><\/p>\n<p><span style=\"color: #000000\"><strong>\u00a0<\/strong><\/span><span style=\"color: #000000\"><strong>Zna\u010denje adventskog kalendara<\/strong><\/span><\/p>\n<p><span style=\"color: #000000\"><strong>\u201e<\/strong>Korijeni adventskog kalendara dolaze od njema\u010dkih luterana po\u010detkom<\/span><\/p>\n<ol start=\"19\">\n<li><span style=\"color: #000000\">stolje\u0107a.\u00a0Kredom\u00a0su crtali linije na vratima svaki dan, po\u010dev\u0161i od 1. prosinca. Neke\u00a0obitelji\u00a0imale su slo\u017eenije na\u010dine, poput paljenja jedne svije\u0107ice dnevno od 1. prosinca do Bo\u017ei\u0107a ili su imali novu vjersku sliku na\u00a0zidu\u00a0svaki dan. Adventski kalendar\u00a0sastoji se od\u00a0kartona\u00a0na kojem su otvori &#8211; ku\u0107ice. Iza svake ku\u0107ice je\u00a0slika\u00a0ili\u00a0simbol, koji ukazuje na dolazak Bo\u017ei\u0107a i ima broj od 1 do 24. Po\u010dev\u0161i od\u00a01. prosinca, otvaraju se ku\u0107ice, jedna na\u00a0dan, po\u010dev\u0161i od one s brojem 1. Kona\u010dno,\u00a024. prosinca, otvara se posljednja ku\u0107ica, koja ima prigodnu sliku ro\u0111enja Isusova. Adventski kalendar naj\u010de\u0161\u0107e je namijenjen\u00a0djeci, koja se tako upoznaju s do\u0161a\u0161\u0107em i i\u0161\u010dekivanjem Bo\u017ei\u0107a.<\/span><\/li>\n<\/ol>\n<p><span style=\"color: #000000\">Danas adventski kalendari dolaze u raznim oblicima:\u00a0\u010de\u0161eri, vijenci,\u00a0\u010darape\u00a0ili torbe, niz kutija, u obliku jele, ku\u0107e, itd<\/span><\/p>\n<p><span style=\"color: #000000\">Neki kalendari su strogo religiozni, dok su drugi svjetovni u sadr\u017eaju. Unato\u010d imenu, ve\u0107ina adventskih kalendara po\u010dinje 1. prosinca. Neki adventski kalendari imaju mali dar skriven u svakom prozoru, kao \u0161to je igra\u010dka ili \u010dokolada.\u201c<\/span><\/p>\n<p><span style=\"color: #000000\">Preuzeto s: https:\/\/hr.wikipedia.org\/wiki\/Adventski_kalendar<\/span><\/p>\n","protected":false},"excerpt":{"rendered":"<p>Od 1. do 24. prosinca na dje\u010djem odjelu Gradske knji\u017enice i \u010ditaonice Ogulin postavljen je Adventski kalendar pri\u010da &#8211; zelena tkanina na kojoj su na\u0161ivena 24 crvena d\u017eepa. U svakom d\u017eepu kalendara nalazi se po jedna bo\u017ei\u0107na pri\u010da, a \u010ditamo ju u 17 sati svaki dan za vrijeme trajanja adventa. \u00a0Za \u010ditanje pri\u010da uz knji\u017eni\u010darke [&hellip;]<\/p>\n","protected":false},"author":99,"featured_media":0,"comment_status":"closed","ping_status":"closed","sticky":false,"template":"","format":"standard","meta":{"ngg_post_thumbnail":0},"categories":[27],"tags":[],"yoast_head":"<!-- This site is optimized with the Yoast SEO plugin v16.4 - https:\/\/yoast.com\/wordpress\/plugins\/seo\/ -->\n<meta name=\"robots\" content=\"index, follow, max-snippet:-1, max-image-preview:large, max-video-preview:-1\" \/>\n<link rel=\"canonical\" href=\"http:\/\/knjiznice.nsk.hr\/ogulin\/adventski-kalendar-prica\/\" \/>\n<meta property=\"og:locale\" content=\"hr_HR\" \/>\n<meta property=\"og:type\" content=\"article\" \/>\n<meta property=\"og:title\" content=\"Adventski kalendar pri\u010da - Gradska knji\u017enica i \u010ditaonica Ogulin\" \/>\n<meta property=\"og:description\" content=\"Od 1. do 24. prosinca na dje\u010djem odjelu Gradske knji\u017enice i \u010ditaonice Ogulin postavljen je Adventski kalendar pri\u010da &#8211; zelena tkanina na kojoj su na\u0161ivena 24 crvena d\u017eepa. U svakom d\u017eepu kalendara nalazi se po jedna bo\u017ei\u0107na pri\u010da, a \u010ditamo ju u 17 sati svaki dan za vrijeme trajanja adventa. \u00a0Za \u010ditanje pri\u010da uz knji\u017eni\u010darke [&hellip;]\" \/>\n<meta property=\"og:url\" content=\"http:\/\/knjiznice.nsk.hr\/ogulin\/adventski-kalendar-prica\/\" \/>\n<meta property=\"og:site_name\" content=\"Gradska knji\u017enica i \u010ditaonica Ogulin\" \/>\n<meta property=\"article:published_time\" content=\"2016-11-28T12:13:38+00:00\" \/>\n<meta property=\"article:modified_time\" content=\"2016-11-28T12:13:39+00:00\" \/>\n<meta property=\"og:image\" content=\"http:\/\/knjiznice.nsk.hr\/ogulin\/wp-content\/uploads\/sites\/83\/2016\/11\/PB280295-300x225.jpg\" \/>\n<meta name=\"twitter:label1\" content=\"Procijenjeno vrijeme \u010ditanja\" \/>\n\t<meta name=\"twitter:data1\" content=\"2 minute\" \/>\n<script type=\"application\/ld+json\" class=\"yoast-schema-graph\">{\"@context\":\"https:\/\/schema.org\",\"@graph\":[{\"@type\":\"WebSite\",\"@id\":\"http:\/\/knjiznice.nsk.hr\/ogulin\/#website\",\"url\":\"http:\/\/knjiznice.nsk.hr\/ogulin\/\",\"name\":\"Gradska knji\\u017enica i \\u010ditaonica Ogulin\",\"description\":\"Najbolja stvar kod knji\\u017enica jest ta da je dovoljno velika da stane cijeli svijet u nju, a opet dovoljno mala da stane u tvoj grad.\",\"potentialAction\":[{\"@type\":\"SearchAction\",\"target\":\"http:\/\/knjiznice.nsk.hr\/ogulin\/?s={search_term_string}\",\"query-input\":\"required name=search_term_string\"}],\"inLanguage\":\"hr\"},{\"@type\":\"ImageObject\",\"@id\":\"http:\/\/knjiznice.nsk.hr\/ogulin\/adventski-kalendar-prica\/#primaryimage\",\"inLanguage\":\"hr\",\"url\":\"http:\/\/knjiznice.nsk.hr\/ogulin\/wp-content\/uploads\/sites\/83\/2016\/11\/PB280295.jpg\",\"contentUrl\":\"http:\/\/knjiznice.nsk.hr\/ogulin\/wp-content\/uploads\/sites\/83\/2016\/11\/PB280295.jpg\",\"width\":640,\"height\":480,\"caption\":\"OLYMPUS DIGITAL CAMERA\"},{\"@type\":\"WebPage\",\"@id\":\"http:\/\/knjiznice.nsk.hr\/ogulin\/adventski-kalendar-prica\/#webpage\",\"url\":\"http:\/\/knjiznice.nsk.hr\/ogulin\/adventski-kalendar-prica\/\",\"name\":\"Adventski kalendar pri\\u010da - Gradska knji\\u017enica i \\u010ditaonica Ogulin\",\"isPartOf\":{\"@id\":\"http:\/\/knjiznice.nsk.hr\/ogulin\/#website\"},\"primaryImageOfPage\":{\"@id\":\"http:\/\/knjiznice.nsk.hr\/ogulin\/adventski-kalendar-prica\/#primaryimage\"},\"datePublished\":\"2016-11-28T12:13:38+00:00\",\"dateModified\":\"2016-11-28T12:13:39+00:00\",\"author\":{\"@id\":\"http:\/\/knjiznice.nsk.hr\/ogulin\/#\/schema\/person\/99a8fc9ef4a418b51c19d7d8e752aeb8\"},\"breadcrumb\":{\"@id\":\"http:\/\/knjiznice.nsk.hr\/ogulin\/adventski-kalendar-prica\/#breadcrumb\"},\"inLanguage\":\"hr\",\"potentialAction\":[{\"@type\":\"ReadAction\",\"target\":[\"http:\/\/knjiznice.nsk.hr\/ogulin\/adventski-kalendar-prica\/\"]}]},{\"@type\":\"BreadcrumbList\",\"@id\":\"http:\/\/knjiznice.nsk.hr\/ogulin\/adventski-kalendar-prica\/#breadcrumb\",\"itemListElement\":[{\"@type\":\"ListItem\",\"position\":1,\"item\":{\"@type\":\"WebPage\",\"@id\":\"http:\/\/knjiznice.nsk.hr\/ogulin\/\",\"url\":\"http:\/\/knjiznice.nsk.hr\/ogulin\/\",\"name\":\"Po\\u010detna stranica\"}},{\"@type\":\"ListItem\",\"position\":2,\"item\":{\"@id\":\"http:\/\/knjiznice.nsk.hr\/ogulin\/adventski-kalendar-prica\/#webpage\"}}]},{\"@type\":\"Person\",\"@id\":\"http:\/\/knjiznice.nsk.hr\/ogulin\/#\/schema\/person\/99a8fc9ef4a418b51c19d7d8e752aeb8\",\"name\":\"ogulin\",\"image\":{\"@type\":\"ImageObject\",\"@id\":\"http:\/\/knjiznice.nsk.hr\/ogulin\/#personlogo\",\"inLanguage\":\"hr\",\"url\":\"http:\/\/0.gravatar.com\/avatar\/cb53c5c0bd9e7eda9da88f36632ddfb5?s=96&d=mm&r=g\",\"contentUrl\":\"http:\/\/0.gravatar.com\/avatar\/cb53c5c0bd9e7eda9da88f36632ddfb5?s=96&d=mm&r=g\",\"caption\":\"ogulin\"},\"url\":\"http:\/\/knjiznice.nsk.hr\/ogulin\/\"}]}<\/script>\n<!-- \/ Yoast SEO plugin. -->","_links":{"self":[{"href":"http:\/\/knjiznice.nsk.hr\/ogulin\/wp-json\/wp\/v2\/posts\/939"}],"collection":[{"href":"http:\/\/knjiznice.nsk.hr\/ogulin\/wp-json\/wp\/v2\/posts"}],"about":[{"href":"http:\/\/knjiznice.nsk.hr\/ogulin\/wp-json\/wp\/v2\/types\/post"}],"author":[{"embeddable":true,"href":"http:\/\/knjiznice.nsk.hr\/ogulin\/wp-json\/wp\/v2\/users\/99"}],"replies":[{"embeddable":true,"href":"http:\/\/knjiznice.nsk.hr\/ogulin\/wp-json\/wp\/v2\/comments?post=939"}],"version-history":[{"count":2,"href":"http:\/\/knjiznice.nsk.hr\/ogulin\/wp-json\/wp\/v2\/posts\/939\/revisions"}],"predecessor-version":[{"id":942,"href":"http:\/\/knjiznice.nsk.hr\/ogulin\/wp-json\/wp\/v2\/posts\/939\/revisions\/942"}],"wp:attachment":[{"href":"http:\/\/knjiznice.nsk.hr\/ogulin\/wp-json\/wp\/v2\/media?parent=939"}],"wp:term":[{"taxonomy":"category","embeddable":true,"href":"http:\/\/knjiznice.nsk.hr\/ogulin\/wp-json\/wp\/v2\/categories?post=939"},{"taxonomy":"post_tag","embeddable":true,"href":"http:\/\/knjiznice.nsk.hr\/ogulin\/wp-json\/wp\/v2\/tags?post=939"}],"curies":[{"name":"wp","href":"https:\/\/api.w.org\/{rel}","templated":true}]}}