{"id":884,"date":"2016-11-13T11:28:02","date_gmt":"2016-11-13T10:28:02","guid":{"rendered":"http:\/\/knjiznice.nsk.hr\/ogulin\/?p=884"},"modified":"2016-11-25T15:15:07","modified_gmt":"2016-11-25T14:15:07","slug":"i-ja-zelim-citati","status":"publish","type":"post","link":"http:\/\/knjiznice.nsk.hr\/ogulin\/i-ja-zelim-citati\/","title":{"rendered":"&#8220;I ja \u017eelim \u010ditati&#8221;"},"content":{"rendered":"<p>U prostoru Gradske knji\u017enice i \u010ditaonice mo\u017eete pogledati izlo\u017ebu Nacionalne kampanje o \u010ditanju i disleksiji za osobe s te\u0161ko\u0107ama pod vodstvom Hrvatskog knji\u017eni\u010darskog dru\u0161tva, Knji\u017enica grada Zagreba i Nacionalne i sveu\u010dili\u0161ne knji\u017enice u Zagrebu.<!--more-->Ciljane skupine u Kampanji su: djeca, adolescenti, odrasli s te\u0161ko\u0107ama \u010ditanja, roditelji i obitelji, logopedi, odgojitelji, u\u010ditelji i stru\u010dni suradnici, knji\u017eni\u010dari, nastavno osoblje, zdravstveni djelatnici, socijalni radnici, volonteri, nakladnici i poslodavci, a temeljni cilj Kampanje je informirati, educirati i senzibilizirati javnost o problemima i potrebama osoba s te\u0161ko\u0107ama \u010ditanja i disleksijom koji ne mogu \u010ditati standardni tisak.<a href=\"http:\/\/knjiznice.nsk.hr\/ogulin\/i-ja-zelim-citati\/img_20161111_104238\/\" rel=\"attachment wp-att-886\"><img loading=\"lazy\" class=\"size-medium wp-image-886 alignleft\" src=\"http:\/\/knjiznice.nsk.hr\/ogulin\/wp-content\/uploads\/sites\/83\/2016\/11\/IMG_20161111_104238-225x300.jpg\" alt=\"IMG_20161111_104238\" width=\"225\" height=\"300\" srcset=\"http:\/\/knjiznice.nsk.hr\/ogulin\/wp-content\/uploads\/sites\/83\/2016\/11\/IMG_20161111_104238-225x300.jpg 225w, http:\/\/knjiznice.nsk.hr\/ogulin\/wp-content\/uploads\/sites\/83\/2016\/11\/IMG_20161111_104238.jpg 480w\" sizes=\"(max-width: 225px) 100vw, 225px\" \/><\/a><\/p>\n<p><a href=\"http:\/\/knjiznice.nsk.hr\/ogulin\/i-ja-zelim-citati\/img_20161111_104231\/\" rel=\"attachment wp-att-885\"><img loading=\"lazy\" class=\"size-medium wp-image-885 alignleft\" src=\"http:\/\/knjiznice.nsk.hr\/ogulin\/wp-content\/uploads\/sites\/83\/2016\/11\/IMG_20161111_104231-300x225.jpg\" alt=\"IMG_20161111_104231\" width=\"300\" height=\"225\" srcset=\"http:\/\/knjiznice.nsk.hr\/ogulin\/wp-content\/uploads\/sites\/83\/2016\/11\/IMG_20161111_104231-300x225.jpg 300w, http:\/\/knjiznice.nsk.hr\/ogulin\/wp-content\/uploads\/sites\/83\/2016\/11\/IMG_20161111_104231-600x450.jpg 600w, http:\/\/knjiznice.nsk.hr\/ogulin\/wp-content\/uploads\/sites\/83\/2016\/11\/IMG_20161111_104231.jpg 640w\" sizes=\"(max-width: 300px) 100vw, 300px\" \/><\/a><\/p>\n","protected":false},"excerpt":{"rendered":"<p>U prostoru Gradske knji\u017enice i \u010ditaonice mo\u017eete pogledati izlo\u017ebu Nacionalne kampanje o \u010ditanju i disleksiji za osobe s te\u0161ko\u0107ama pod vodstvom Hrvatskog knji\u017eni\u010darskog dru\u0161tva, Knji\u017enica grada Zagreba i Nacionalne i sveu\u010dili\u0161ne knji\u017enice u Zagrebu.<\/p>\n","protected":false},"author":99,"featured_media":0,"comment_status":"closed","ping_status":"closed","sticky":false,"template":"","format":"standard","meta":{"ngg_post_thumbnail":0},"categories":[27],"tags":[],"yoast_head":"<!-- This site is optimized with the Yoast SEO plugin v16.4 - https:\/\/yoast.com\/wordpress\/plugins\/seo\/ -->\n<meta name=\"robots\" content=\"index, follow, max-snippet:-1, max-image-preview:large, max-video-preview:-1\" \/>\n<link rel=\"canonical\" href=\"http:\/\/knjiznice.nsk.hr\/ogulin\/i-ja-zelim-citati\/\" \/>\n<meta property=\"og:locale\" content=\"hr_HR\" \/>\n<meta property=\"og:type\" content=\"article\" \/>\n<meta property=\"og:title\" content=\"&quot;I ja \u017eelim \u010ditati&quot; - Gradska knji\u017enica i \u010ditaonica Ogulin\" \/>\n<meta property=\"og:description\" content=\"U prostoru Gradske knji\u017enice i \u010ditaonice mo\u017eete pogledati izlo\u017ebu Nacionalne kampanje o \u010ditanju i disleksiji za osobe s te\u0161ko\u0107ama pod vodstvom Hrvatskog knji\u017eni\u010darskog dru\u0161tva, Knji\u017enica grada Zagreba i Nacionalne i sveu\u010dili\u0161ne knji\u017enice u Zagrebu.\" \/>\n<meta property=\"og:url\" content=\"http:\/\/knjiznice.nsk.hr\/ogulin\/i-ja-zelim-citati\/\" \/>\n<meta property=\"og:site_name\" content=\"Gradska knji\u017enica i \u010ditaonica Ogulin\" \/>\n<meta property=\"article:published_time\" content=\"2016-11-13T10:28:02+00:00\" \/>\n<meta property=\"article:modified_time\" content=\"2016-11-25T14:15:07+00:00\" \/>\n<meta property=\"og:image\" content=\"http:\/\/knjiznice.nsk.hr\/ogulin\/wp-content\/uploads\/sites\/83\/2016\/11\/IMG_20161111_104238-225x300.jpg\" \/>\n<meta name=\"twitter:label1\" content=\"Procijenjeno vrijeme \u010ditanja\" \/>\n\t<meta name=\"twitter:data1\" content=\"1 minuta\" \/>\n<script type=\"application\/ld+json\" class=\"yoast-schema-graph\">{\"@context\":\"https:\/\/schema.org\",\"@graph\":[{\"@type\":\"WebSite\",\"@id\":\"http:\/\/knjiznice.nsk.hr\/ogulin\/#website\",\"url\":\"http:\/\/knjiznice.nsk.hr\/ogulin\/\",\"name\":\"Gradska knji\\u017enica i \\u010ditaonica Ogulin\",\"description\":\"Najbolja stvar kod knji\\u017enica jest ta da je dovoljno velika da stane cijeli svijet u nju, a opet dovoljno mala da stane u tvoj grad.\",\"potentialAction\":[{\"@type\":\"SearchAction\",\"target\":\"http:\/\/knjiznice.nsk.hr\/ogulin\/?s={search_term_string}\",\"query-input\":\"required name=search_term_string\"}],\"inLanguage\":\"hr\"},{\"@type\":\"ImageObject\",\"@id\":\"http:\/\/knjiznice.nsk.hr\/ogulin\/i-ja-zelim-citati\/#primaryimage\",\"inLanguage\":\"hr\",\"url\":\"http:\/\/knjiznice.nsk.hr\/ogulin\/wp-content\/uploads\/sites\/83\/2016\/11\/IMG_20161111_104238.jpg\",\"contentUrl\":\"http:\/\/knjiznice.nsk.hr\/ogulin\/wp-content\/uploads\/sites\/83\/2016\/11\/IMG_20161111_104238.jpg\",\"width\":480,\"height\":640},{\"@type\":\"WebPage\",\"@id\":\"http:\/\/knjiznice.nsk.hr\/ogulin\/i-ja-zelim-citati\/#webpage\",\"url\":\"http:\/\/knjiznice.nsk.hr\/ogulin\/i-ja-zelim-citati\/\",\"name\":\"\\\"I ja \\u017eelim \\u010ditati\\\" - Gradska knji\\u017enica i \\u010ditaonica Ogulin\",\"isPartOf\":{\"@id\":\"http:\/\/knjiznice.nsk.hr\/ogulin\/#website\"},\"primaryImageOfPage\":{\"@id\":\"http:\/\/knjiznice.nsk.hr\/ogulin\/i-ja-zelim-citati\/#primaryimage\"},\"datePublished\":\"2016-11-13T10:28:02+00:00\",\"dateModified\":\"2016-11-25T14:15:07+00:00\",\"author\":{\"@id\":\"http:\/\/knjiznice.nsk.hr\/ogulin\/#\/schema\/person\/99a8fc9ef4a418b51c19d7d8e752aeb8\"},\"breadcrumb\":{\"@id\":\"http:\/\/knjiznice.nsk.hr\/ogulin\/i-ja-zelim-citati\/#breadcrumb\"},\"inLanguage\":\"hr\",\"potentialAction\":[{\"@type\":\"ReadAction\",\"target\":[\"http:\/\/knjiznice.nsk.hr\/ogulin\/i-ja-zelim-citati\/\"]}]},{\"@type\":\"BreadcrumbList\",\"@id\":\"http:\/\/knjiznice.nsk.hr\/ogulin\/i-ja-zelim-citati\/#breadcrumb\",\"itemListElement\":[{\"@type\":\"ListItem\",\"position\":1,\"item\":{\"@type\":\"WebPage\",\"@id\":\"http:\/\/knjiznice.nsk.hr\/ogulin\/\",\"url\":\"http:\/\/knjiznice.nsk.hr\/ogulin\/\",\"name\":\"Po\\u010detna stranica\"}},{\"@type\":\"ListItem\",\"position\":2,\"item\":{\"@id\":\"http:\/\/knjiznice.nsk.hr\/ogulin\/i-ja-zelim-citati\/#webpage\"}}]},{\"@type\":\"Person\",\"@id\":\"http:\/\/knjiznice.nsk.hr\/ogulin\/#\/schema\/person\/99a8fc9ef4a418b51c19d7d8e752aeb8\",\"name\":\"ogulin\",\"image\":{\"@type\":\"ImageObject\",\"@id\":\"http:\/\/knjiznice.nsk.hr\/ogulin\/#personlogo\",\"inLanguage\":\"hr\",\"url\":\"http:\/\/0.gravatar.com\/avatar\/cb53c5c0bd9e7eda9da88f36632ddfb5?s=96&d=mm&r=g\",\"contentUrl\":\"http:\/\/0.gravatar.com\/avatar\/cb53c5c0bd9e7eda9da88f36632ddfb5?s=96&d=mm&r=g\",\"caption\":\"ogulin\"},\"url\":\"http:\/\/knjiznice.nsk.hr\/ogulin\/\"}]}<\/script>\n<!-- \/ Yoast SEO plugin. -->","_links":{"self":[{"href":"http:\/\/knjiznice.nsk.hr\/ogulin\/wp-json\/wp\/v2\/posts\/884"}],"collection":[{"href":"http:\/\/knjiznice.nsk.hr\/ogulin\/wp-json\/wp\/v2\/posts"}],"about":[{"href":"http:\/\/knjiznice.nsk.hr\/ogulin\/wp-json\/wp\/v2\/types\/post"}],"author":[{"embeddable":true,"href":"http:\/\/knjiznice.nsk.hr\/ogulin\/wp-json\/wp\/v2\/users\/99"}],"replies":[{"embeddable":true,"href":"http:\/\/knjiznice.nsk.hr\/ogulin\/wp-json\/wp\/v2\/comments?post=884"}],"version-history":[{"count":6,"href":"http:\/\/knjiznice.nsk.hr\/ogulin\/wp-json\/wp\/v2\/posts\/884\/revisions"}],"predecessor-version":[{"id":936,"href":"http:\/\/knjiznice.nsk.hr\/ogulin\/wp-json\/wp\/v2\/posts\/884\/revisions\/936"}],"wp:attachment":[{"href":"http:\/\/knjiznice.nsk.hr\/ogulin\/wp-json\/wp\/v2\/media?parent=884"}],"wp:term":[{"taxonomy":"category","embeddable":true,"href":"http:\/\/knjiznice.nsk.hr\/ogulin\/wp-json\/wp\/v2\/categories?post=884"},{"taxonomy":"post_tag","embeddable":true,"href":"http:\/\/knjiznice.nsk.hr\/ogulin\/wp-json\/wp\/v2\/tags?post=884"}],"curies":[{"name":"wp","href":"https:\/\/api.w.org\/{rel}","templated":true}]}}