{"id":737,"date":"2016-06-17T12:35:32","date_gmt":"2016-06-17T11:35:32","guid":{"rendered":"http:\/\/knjiznice.nsk.hr\/ogulin\/?p=737"},"modified":"2016-06-17T12:35:32","modified_gmt":"2016-06-17T11:35:32","slug":"obavijest-o-radnom-vremenu","status":"publish","type":"post","link":"http:\/\/knjiznice.nsk.hr\/ogulin\/obavijest-o-radnom-vremenu\/","title":{"rendered":"Obavijest o radnom vremenu"},"content":{"rendered":"<p><a name=\"_GoBack\"><\/a><span style=\"font-family: 'Times New Roman', serif\"><span style=\"font-size: medium\">Temeljem \u010dlanka 21.d Statuta Gradske knji\u017enice i \u010ditaonice Ogulin Upravno vije\u0107e Knji\u017enice na svojoj 21. Sjednici, odr\u017eanoj 17.6.2016. donijelo je:<\/span><\/span><\/p>\n<p align=\"CENTER\"><span style=\"font-family: 'Times New Roman', serif\"><span style=\"font-size: medium\"><b>ODLUKU<\/b><\/span><\/span><\/p>\n<p align=\"CENTER\"><span style=\"font-family: 'Times New Roman', serif\"><span style=\"font-size: medium\">o promjeni radnog vremena za period od 4. srpnja do 28. kolovoza<\/span><\/span><\/p>\n<p style=\"text-align: center\"><span style=\"font-family: 'Times New Roman', serif\"><span style=\"font-size: medium\">PONEDJELJAK 7:30 &#8211; 15:00<\/span><\/span><\/p>\n<p style=\"text-align: center\"><span style=\"font-family: 'Times New Roman', serif\"><span style=\"font-size: medium\">UTORAK 12:00 &#8211; 19:00<\/span><\/span><\/p>\n<p style=\"text-align: center\"><span style=\"font-family: 'Times New Roman', serif\"><span style=\"font-size: medium\">SRIJEDA 7:30 &#8211; 15:00<\/span><\/span><\/p>\n<p style=\"text-align: center\"><span style=\"font-family: 'Times New Roman', serif\"><span style=\"font-size: medium\">\u010cETVRTAK 12:00 &#8211; 19:00<\/span><\/span><\/p>\n<p style=\"text-align: center\"><span style=\"font-family: 'Times New Roman', serif\"><span style=\"font-size: medium\">PETAK 7:30 \u2013 15:00<\/span><\/span><\/p>\n<p style=\"text-align: center\"><span style=\"font-family: 'Times New Roman', serif\"><span style=\"font-size: medium\">SUBOTA 8:30 \u2013 12:00<\/span><\/span><\/p>\n<p style=\"text-align: right\"><span style=\"font-family: 'Times New Roman', serif\"><span style=\"font-size: medium\"> PREDSJEDNIK UPRAVNOG VIJE\u0106A<\/span><\/span><\/p>\n<p style=\"text-align: right\"><span style=\"font-family: 'Times New Roman', serif\"><span style=\"font-size: medium\"> __________________________________<\/span><\/span><\/p>\n<p style=\"text-align: right\"><span style=\"font-family: 'Times New Roman', serif\"><span style=\"font-size: medium\"> Hrvoje Magdi\u0107, prof.<\/span><\/span><\/p>\n<p><span style=\"font-family: 'Times New Roman', serif\"><span style=\"font-size: medium\">Obavijest o ovoj ODLUCI, objavljena je u Knji\u017enici, na web stranici Knji\u017enice (<a href=\"http:\/\/www.gkc-ogulin.hr\">www.gkc-ogulin.hr<\/a>), i na Facebook stranici Knji\u017enice <\/span><\/span><\/p>\n<p><span style=\"font-family: 'Times New Roman', serif\"><span style=\"font-size: medium\">U Ogulinu, 17.6.2016.<\/span><\/span><\/p>\n<p><span style=\"font-family: 'Times New Roman', serif\"><span style=\"font-size: medium\">Urbroj: 01-194-2016<\/span><\/span><\/p>\n","protected":false},"excerpt":{"rendered":"<p>Temeljem \u010dlanka 21.d Statuta Gradske knji\u017enice i \u010ditaonice Ogulin Upravno vije\u0107e Knji\u017enice na svojoj 21. Sjednici, odr\u017eanoj 17.6.2016. donijelo je: ODLUKU o promjeni radnog vremena za period od 4. srpnja do 28. kolovoza PONEDJELJAK 7:30 &#8211; 15:00 UTORAK 12:00 &#8211; 19:00 SRIJEDA 7:30 &#8211; 15:00 \u010cETVRTAK 12:00 &#8211; 19:00 PETAK 7:30 \u2013 15:00 SUBOTA 8:30 [&hellip;]<\/p>\n","protected":false},"author":99,"featured_media":0,"comment_status":"closed","ping_status":"closed","sticky":false,"template":"","format":"standard","meta":{"ngg_post_thumbnail":0},"categories":[27],"tags":[],"yoast_head":"<!-- This site is optimized with the Yoast SEO plugin v16.4 - https:\/\/yoast.com\/wordpress\/plugins\/seo\/ -->\n<meta name=\"robots\" content=\"index, follow, max-snippet:-1, max-image-preview:large, max-video-preview:-1\" \/>\n<link rel=\"canonical\" href=\"https:\/\/knjiznice.nsk.hr\/ogulin\/obavijest-o-radnom-vremenu\/\" \/>\n<meta property=\"og:locale\" content=\"hr_HR\" \/>\n<meta property=\"og:type\" content=\"article\" \/>\n<meta property=\"og:title\" content=\"Obavijest o radnom vremenu - Gradska knji\u017enica i \u010ditaonica Ogulin\" \/>\n<meta property=\"og:description\" content=\"Temeljem \u010dlanka 21.d Statuta Gradske knji\u017enice i \u010ditaonice Ogulin Upravno vije\u0107e Knji\u017enice na svojoj 21. Sjednici, odr\u017eanoj 17.6.2016. donijelo je: ODLUKU o promjeni radnog vremena za period od 4. srpnja do 28. kolovoza PONEDJELJAK 7:30 &#8211; 15:00 UTORAK 12:00 &#8211; 19:00 SRIJEDA 7:30 &#8211; 15:00 \u010cETVRTAK 12:00 &#8211; 19:00 PETAK 7:30 \u2013 15:00 SUBOTA 8:30 [&hellip;]\" \/>\n<meta property=\"og:url\" content=\"https:\/\/knjiznice.nsk.hr\/ogulin\/obavijest-o-radnom-vremenu\/\" \/>\n<meta property=\"og:site_name\" content=\"Gradska knji\u017enica i \u010ditaonica Ogulin\" \/>\n<meta property=\"article:published_time\" content=\"2016-06-17T11:35:32+00:00\" \/>\n<script type=\"application\/ld+json\" class=\"yoast-schema-graph\">{\"@context\":\"https:\/\/schema.org\",\"@graph\":[{\"@type\":\"WebSite\",\"@id\":\"http:\/\/knjiznice.nsk.hr\/ogulin\/#website\",\"url\":\"http:\/\/knjiznice.nsk.hr\/ogulin\/\",\"name\":\"Gradska knji\\u017enica i \\u010ditaonica Ogulin\",\"description\":\"Najbolja stvar kod knji\\u017enica jest ta da je dovoljno velika da stane cijeli svijet u nju, a opet dovoljno mala da stane u tvoj grad.\",\"potentialAction\":[{\"@type\":\"SearchAction\",\"target\":\"http:\/\/knjiznice.nsk.hr\/ogulin\/?s={search_term_string}\",\"query-input\":\"required name=search_term_string\"}],\"inLanguage\":\"hr\"},{\"@type\":\"WebPage\",\"@id\":\"https:\/\/knjiznice.nsk.hr\/ogulin\/obavijest-o-radnom-vremenu\/#webpage\",\"url\":\"https:\/\/knjiznice.nsk.hr\/ogulin\/obavijest-o-radnom-vremenu\/\",\"name\":\"Obavijest o radnom vremenu - Gradska knji\\u017enica i \\u010ditaonica Ogulin\",\"isPartOf\":{\"@id\":\"http:\/\/knjiznice.nsk.hr\/ogulin\/#website\"},\"datePublished\":\"2016-06-17T11:35:32+00:00\",\"dateModified\":\"2016-06-17T11:35:32+00:00\",\"author\":{\"@id\":\"http:\/\/knjiznice.nsk.hr\/ogulin\/#\/schema\/person\/99a8fc9ef4a418b51c19d7d8e752aeb8\"},\"breadcrumb\":{\"@id\":\"https:\/\/knjiznice.nsk.hr\/ogulin\/obavijest-o-radnom-vremenu\/#breadcrumb\"},\"inLanguage\":\"hr\",\"potentialAction\":[{\"@type\":\"ReadAction\",\"target\":[\"https:\/\/knjiznice.nsk.hr\/ogulin\/obavijest-o-radnom-vremenu\/\"]}]},{\"@type\":\"BreadcrumbList\",\"@id\":\"https:\/\/knjiznice.nsk.hr\/ogulin\/obavijest-o-radnom-vremenu\/#breadcrumb\",\"itemListElement\":[{\"@type\":\"ListItem\",\"position\":1,\"item\":{\"@type\":\"WebPage\",\"@id\":\"http:\/\/knjiznice.nsk.hr\/ogulin\/\",\"url\":\"http:\/\/knjiznice.nsk.hr\/ogulin\/\",\"name\":\"Po\\u010detna stranica\"}},{\"@type\":\"ListItem\",\"position\":2,\"item\":{\"@id\":\"https:\/\/knjiznice.nsk.hr\/ogulin\/obavijest-o-radnom-vremenu\/#webpage\"}}]},{\"@type\":\"Person\",\"@id\":\"http:\/\/knjiznice.nsk.hr\/ogulin\/#\/schema\/person\/99a8fc9ef4a418b51c19d7d8e752aeb8\",\"name\":\"ogulin\",\"image\":{\"@type\":\"ImageObject\",\"@id\":\"http:\/\/knjiznice.nsk.hr\/ogulin\/#personlogo\",\"inLanguage\":\"hr\",\"url\":\"http:\/\/0.gravatar.com\/avatar\/cb53c5c0bd9e7eda9da88f36632ddfb5?s=96&d=mm&r=g\",\"contentUrl\":\"http:\/\/0.gravatar.com\/avatar\/cb53c5c0bd9e7eda9da88f36632ddfb5?s=96&d=mm&r=g\",\"caption\":\"ogulin\"},\"url\":\"http:\/\/knjiznice.nsk.hr\/ogulin\/\"}]}<\/script>\n<!-- \/ Yoast SEO plugin. -->","_links":{"self":[{"href":"http:\/\/knjiznice.nsk.hr\/ogulin\/wp-json\/wp\/v2\/posts\/737"}],"collection":[{"href":"http:\/\/knjiznice.nsk.hr\/ogulin\/wp-json\/wp\/v2\/posts"}],"about":[{"href":"http:\/\/knjiznice.nsk.hr\/ogulin\/wp-json\/wp\/v2\/types\/post"}],"author":[{"embeddable":true,"href":"http:\/\/knjiznice.nsk.hr\/ogulin\/wp-json\/wp\/v2\/users\/99"}],"replies":[{"embeddable":true,"href":"http:\/\/knjiznice.nsk.hr\/ogulin\/wp-json\/wp\/v2\/comments?post=737"}],"version-history":[{"count":1,"href":"http:\/\/knjiznice.nsk.hr\/ogulin\/wp-json\/wp\/v2\/posts\/737\/revisions"}],"predecessor-version":[{"id":738,"href":"http:\/\/knjiznice.nsk.hr\/ogulin\/wp-json\/wp\/v2\/posts\/737\/revisions\/738"}],"wp:attachment":[{"href":"http:\/\/knjiznice.nsk.hr\/ogulin\/wp-json\/wp\/v2\/media?parent=737"}],"wp:term":[{"taxonomy":"category","embeddable":true,"href":"http:\/\/knjiznice.nsk.hr\/ogulin\/wp-json\/wp\/v2\/categories?post=737"},{"taxonomy":"post_tag","embeddable":true,"href":"http:\/\/knjiznice.nsk.hr\/ogulin\/wp-json\/wp\/v2\/tags?post=737"}],"curies":[{"name":"wp","href":"https:\/\/api.w.org\/{rel}","templated":true}]}}