{"id":595,"date":"2016-04-15T16:06:14","date_gmt":"2016-04-15T15:06:14","guid":{"rendered":"http:\/\/knjiznice.nsk.hr\/ogulin\/?p=595"},"modified":"2016-04-22T07:56:50","modified_gmt":"2016-04-22T06:56:50","slug":"program-noci-knjige-2016","status":"publish","type":"post","link":"http:\/\/knjiznice.nsk.hr\/ogulin\/program-noci-knjige-2016\/","title":{"rendered":"Program No\u0107i knjige 2016."},"content":{"rendered":"<p><a href=\"http:\/\/knjiznice.nsk.hr\/ogulin\/program-noci-knjige-2016\/face\/\" rel=\"attachment wp-att-596\"><img loading=\"lazy\" class=\"alignleft size-medium wp-image-596\" src=\"http:\/\/knjiznice.nsk.hr\/ogulin\/wp-content\/uploads\/sites\/83\/2016\/04\/face-300x111.jpg\" alt=\"face\" width=\"300\" height=\"111\" \/><\/a>No\u0107 knjige, manifestacija koja petu godinu zaredom daje poticaj kulturi \u010ditanja, poti\u010de razgovor o literaturi, knji\u017eevnosti i svemu onome \u0161to knjiga predstavlja ili treba predstavljati u suvremenom dru\u0161tvu, odr\u017eat \u0107e se 22. travnja.<br \/>\nI ove godine Gradska knji\u017enica i \u010ditaonica Ogulin sudjeluje u manifestaciji No\u0107 knjige 2016.\u00a0prigodnim programom:<\/p>\n<p align=\"LEFT\"><span style=\"color: #ff0000\"><strong><span style=\"font-family: 'Times New Roman', serif\"><span style=\"font-size: large\">17 sati &#8211; Iz pri\u010de u pri\u010du <\/span><\/span><\/strong><\/span><\/p>\n<p align=\"LEFT\"><span style=\"color: #000000\"><span style=\"font-family: 'Times New Roman', serif\"><span style=\"font-size: large\">Lutkarska predstava temeljena na &#8220;Pri\u010dama iz davnine&#8221;. <\/span><\/span><\/span><\/p>\n<p align=\"LEFT\"><span style=\"color: #000000\"><span style=\"font-family: 'Times New Roman', serif\"><span style=\"font-size: large\">Izvodi lutkarska dru\u017eina Knji\u017enice &#8220;Tintilini\u0107&#8221;.<\/span><\/span><\/span><!--more--><\/p>\n<p align=\"LEFT\"><strong><span style=\"color: #ff0000\"><span style=\"font-family: 'Times New Roman', serif\"><span style=\"font-size: large\">18 sati &#8211; Tko nam to \u010dita?<\/span><\/span><\/span><\/strong><\/p>\n<p align=\"LEFT\"><span style=\"color: #000000\"><span style=\"font-family: 'Times New Roman', serif\"><span style=\"font-size: large\">Ivana djeci \u010dita &#8220;Pri\u010de iz davnine&#8221;. <\/span><\/span><\/span><\/p>\n<p align=\"LEFT\">\n<p align=\"LEFT\"><span style=\"color: #ff0000\"><strong><span style=\"font-family: 'Times New Roman', serif\"><span style=\"font-size: large\">20 sati &#8211; 10 godina izdava\u0161tva Katedre \u010cakavskog sabora Modru\u0161e<\/span><\/span><\/strong><\/span><\/p>\n<p align=\"LEFT\"><span style=\"color: #000000\"><span style=\"font-family: 'Times New Roman', serif\"><span style=\"font-size: large\">Pregled svih izdanja Katedre \u010cakavskoga sabora Modru\u0161e. <\/span><\/span><\/span><\/p>\n<p align=\"LEFT\"><span style=\"color: #000000\"><span style=\"font-family: 'Times New Roman', serif\"><span style=\"font-size: large\">Promocija knjige &#8220;Arheologija \u0161pilje Zale: od paleoliti\u010dkih lovaca skuplja\u010da do<\/span><\/span><\/span><\/p>\n<p align=\"LEFT\"><span style=\"color: #000000\"><span style=\"font-family: 'Times New Roman', serif\"><span style=\"font-size: large\">rimskih osvaja\u010da&#8221;. Izlo\u017eba knjiga koje su izdane u 10 godina rada Katedre \u010cakavskoga sabora Modru\u0161e.<\/span><\/span><\/span><\/p>\n<p align=\"LEFT\"><span style=\"color: #000000\"><span style=\"font-family: 'Times New Roman', serif\"><span style=\"font-size: large\">Prigodna prodaja knjiga s velikim popustom.<\/span><\/span><\/span><\/p>\n<p align=\"LEFT\"><span style=\"color: #000000\"><span style=\"font-family: 'Times New Roman', serif\"><span style=\"font-size: large\">Gosti su predsjednik Katedre Zvonko Trdi\u0107 i predava\u010di.<\/span><\/span><\/span><\/p>\n<p align=\"LEFT\"><span style=\"color: #ff0000\"><strong><span style=\"font-family: 'Times New Roman', serif\"><span style=\"font-size: large\">7 sati do 23 sata &#8211; Knjiga s porukom <\/span><\/span><\/strong><\/span><\/p>\n<p align=\"LEFT\"><span style=\"color: #000000\"><span style=\"font-family: 'Times New Roman', serif\"><span style=\"font-size: large\">&#8220;Spoj na slijepo s knjigom\u201d \u2013 u Knji\u017enici \u0107e biti izlo\u017eene knjige za djecu i mlade, zamotane u neprozirni papir, a na njima odlomak ili citat iz knjige na temelju kojeg \u0107e korisnici izabrati knjigu za sebe. <\/span><\/span><\/span><\/p>\n<p align=\"LEFT\">\n","protected":false},"excerpt":{"rendered":"<p>No\u0107 knjige, manifestacija koja petu godinu zaredom daje poticaj kulturi \u010ditanja, poti\u010de razgovor o literaturi, knji\u017eevnosti i svemu onome \u0161to knjiga predstavlja ili treba predstavljati u suvremenom dru\u0161tvu, odr\u017eat \u0107e se 22. travnja. I ove godine Gradska knji\u017enica i \u010ditaonica Ogulin sudjeluje u manifestaciji No\u0107 knjige 2016.\u00a0prigodnim programom: 17 sati &#8211; Iz pri\u010de u pri\u010du [&hellip;]<\/p>\n","protected":false},"author":99,"featured_media":0,"comment_status":"closed","ping_status":"closed","sticky":false,"template":"","format":"standard","meta":{"ngg_post_thumbnail":0},"categories":[27],"tags":[52],"yoast_head":"<!-- This site is optimized with the Yoast SEO plugin v16.4 - https:\/\/yoast.com\/wordpress\/plugins\/seo\/ -->\n<meta name=\"robots\" content=\"index, follow, max-snippet:-1, max-image-preview:large, max-video-preview:-1\" \/>\n<link rel=\"canonical\" href=\"http:\/\/knjiznice.nsk.hr\/ogulin\/program-noci-knjige-2016\/\" \/>\n<meta property=\"og:locale\" content=\"hr_HR\" \/>\n<meta property=\"og:type\" content=\"article\" \/>\n<meta property=\"og:title\" content=\"Program No\u0107i knjige 2016. - Gradska knji\u017enica i \u010ditaonica Ogulin\" \/>\n<meta property=\"og:description\" content=\"No\u0107 knjige, manifestacija koja petu godinu zaredom daje poticaj kulturi \u010ditanja, poti\u010de razgovor o literaturi, knji\u017eevnosti i svemu onome \u0161to knjiga predstavlja ili treba predstavljati u suvremenom dru\u0161tvu, odr\u017eat \u0107e se 22. travnja. I ove godine Gradska knji\u017enica i \u010ditaonica Ogulin sudjeluje u manifestaciji No\u0107 knjige 2016.\u00a0prigodnim programom: 17 sati &#8211; Iz pri\u010de u pri\u010du [&hellip;]\" \/>\n<meta property=\"og:url\" content=\"http:\/\/knjiznice.nsk.hr\/ogulin\/program-noci-knjige-2016\/\" \/>\n<meta property=\"og:site_name\" content=\"Gradska knji\u017enica i \u010ditaonica Ogulin\" \/>\n<meta property=\"article:published_time\" content=\"2016-04-15T15:06:14+00:00\" \/>\n<meta property=\"article:modified_time\" content=\"2016-04-22T06:56:50+00:00\" \/>\n<meta property=\"og:image\" content=\"http:\/\/knjiznice.nsk.hr\/ogulin\/wp-content\/uploads\/sites\/83\/2016\/04\/face-300x111.jpg\" \/>\n<meta name=\"twitter:label1\" content=\"Procijenjeno vrijeme \u010ditanja\" \/>\n\t<meta name=\"twitter:data1\" content=\"1 minuta\" \/>\n<script type=\"application\/ld+json\" class=\"yoast-schema-graph\">{\"@context\":\"https:\/\/schema.org\",\"@graph\":[{\"@type\":\"WebSite\",\"@id\":\"http:\/\/knjiznice.nsk.hr\/ogulin\/#website\",\"url\":\"http:\/\/knjiznice.nsk.hr\/ogulin\/\",\"name\":\"Gradska knji\\u017enica i \\u010ditaonica Ogulin\",\"description\":\"Najbolja stvar kod knji\\u017enica jest ta da je dovoljno velika da stane cijeli svijet u nju, a opet dovoljno mala da stane u tvoj grad.\",\"potentialAction\":[{\"@type\":\"SearchAction\",\"target\":\"http:\/\/knjiznice.nsk.hr\/ogulin\/?s={search_term_string}\",\"query-input\":\"required name=search_term_string\"}],\"inLanguage\":\"hr\"},{\"@type\":\"ImageObject\",\"@id\":\"http:\/\/knjiznice.nsk.hr\/ogulin\/program-noci-knjige-2016\/#primaryimage\",\"inLanguage\":\"hr\",\"url\":\"http:\/\/knjiznice.nsk.hr\/ogulin\/wp-content\/uploads\/sites\/83\/2016\/04\/face-300x111.jpg\",\"contentUrl\":\"http:\/\/knjiznice.nsk.hr\/ogulin\/wp-content\/uploads\/sites\/83\/2016\/04\/face-300x111.jpg\"},{\"@type\":\"WebPage\",\"@id\":\"http:\/\/knjiznice.nsk.hr\/ogulin\/program-noci-knjige-2016\/#webpage\",\"url\":\"http:\/\/knjiznice.nsk.hr\/ogulin\/program-noci-knjige-2016\/\",\"name\":\"Program No\\u0107i knjige 2016. - Gradska knji\\u017enica i \\u010ditaonica Ogulin\",\"isPartOf\":{\"@id\":\"http:\/\/knjiznice.nsk.hr\/ogulin\/#website\"},\"primaryImageOfPage\":{\"@id\":\"http:\/\/knjiznice.nsk.hr\/ogulin\/program-noci-knjige-2016\/#primaryimage\"},\"datePublished\":\"2016-04-15T15:06:14+00:00\",\"dateModified\":\"2016-04-22T06:56:50+00:00\",\"author\":{\"@id\":\"http:\/\/knjiznice.nsk.hr\/ogulin\/#\/schema\/person\/99a8fc9ef4a418b51c19d7d8e752aeb8\"},\"breadcrumb\":{\"@id\":\"http:\/\/knjiznice.nsk.hr\/ogulin\/program-noci-knjige-2016\/#breadcrumb\"},\"inLanguage\":\"hr\",\"potentialAction\":[{\"@type\":\"ReadAction\",\"target\":[\"http:\/\/knjiznice.nsk.hr\/ogulin\/program-noci-knjige-2016\/\"]}]},{\"@type\":\"BreadcrumbList\",\"@id\":\"http:\/\/knjiznice.nsk.hr\/ogulin\/program-noci-knjige-2016\/#breadcrumb\",\"itemListElement\":[{\"@type\":\"ListItem\",\"position\":1,\"item\":{\"@type\":\"WebPage\",\"@id\":\"http:\/\/knjiznice.nsk.hr\/ogulin\/\",\"url\":\"http:\/\/knjiznice.nsk.hr\/ogulin\/\",\"name\":\"Po\\u010detna stranica\"}},{\"@type\":\"ListItem\",\"position\":2,\"item\":{\"@id\":\"http:\/\/knjiznice.nsk.hr\/ogulin\/program-noci-knjige-2016\/#webpage\"}}]},{\"@type\":\"Person\",\"@id\":\"http:\/\/knjiznice.nsk.hr\/ogulin\/#\/schema\/person\/99a8fc9ef4a418b51c19d7d8e752aeb8\",\"name\":\"ogulin\",\"image\":{\"@type\":\"ImageObject\",\"@id\":\"http:\/\/knjiznice.nsk.hr\/ogulin\/#personlogo\",\"inLanguage\":\"hr\",\"url\":\"http:\/\/0.gravatar.com\/avatar\/cb53c5c0bd9e7eda9da88f36632ddfb5?s=96&d=mm&r=g\",\"contentUrl\":\"http:\/\/0.gravatar.com\/avatar\/cb53c5c0bd9e7eda9da88f36632ddfb5?s=96&d=mm&r=g\",\"caption\":\"ogulin\"},\"url\":\"http:\/\/knjiznice.nsk.hr\/ogulin\/\"}]}<\/script>\n<!-- \/ Yoast SEO plugin. -->","_links":{"self":[{"href":"http:\/\/knjiznice.nsk.hr\/ogulin\/wp-json\/wp\/v2\/posts\/595"}],"collection":[{"href":"http:\/\/knjiznice.nsk.hr\/ogulin\/wp-json\/wp\/v2\/posts"}],"about":[{"href":"http:\/\/knjiznice.nsk.hr\/ogulin\/wp-json\/wp\/v2\/types\/post"}],"author":[{"embeddable":true,"href":"http:\/\/knjiznice.nsk.hr\/ogulin\/wp-json\/wp\/v2\/users\/99"}],"replies":[{"embeddable":true,"href":"http:\/\/knjiznice.nsk.hr\/ogulin\/wp-json\/wp\/v2\/comments?post=595"}],"version-history":[{"count":7,"href":"http:\/\/knjiznice.nsk.hr\/ogulin\/wp-json\/wp\/v2\/posts\/595\/revisions"}],"predecessor-version":[{"id":610,"href":"http:\/\/knjiznice.nsk.hr\/ogulin\/wp-json\/wp\/v2\/posts\/595\/revisions\/610"}],"wp:attachment":[{"href":"http:\/\/knjiznice.nsk.hr\/ogulin\/wp-json\/wp\/v2\/media?parent=595"}],"wp:term":[{"taxonomy":"category","embeddable":true,"href":"http:\/\/knjiznice.nsk.hr\/ogulin\/wp-json\/wp\/v2\/categories?post=595"},{"taxonomy":"post_tag","embeddable":true,"href":"http:\/\/knjiznice.nsk.hr\/ogulin\/wp-json\/wp\/v2\/tags?post=595"}],"curies":[{"name":"wp","href":"https:\/\/api.w.org\/{rel}","templated":true}]}}