{"id":1029,"date":"2016-12-22T16:16:09","date_gmt":"2016-12-22T15:16:09","guid":{"rendered":"http:\/\/knjiznice.nsk.hr\/ogulin\/?p=1029"},"modified":"2016-12-22T16:16:41","modified_gmt":"2016-12-22T15:16:41","slug":"knjizevni-susret-s-pavlom-pavlicicem-2","status":"publish","type":"post","link":"http:\/\/knjiznice.nsk.hr\/ogulin\/knjizevni-susret-s-pavlom-pavlicicem-2\/","title":{"rendered":"Knji\u017eevni susret s Pavlom Pavli\u010di\u0107em"},"content":{"rendered":"<p><a href=\"http:\/\/knjiznice.nsk.hr\/ogulin\/knjizevni-susret-s-pavlom-pavlicicem\/cover\/\" rel=\"attachment wp-att-1010\"><img loading=\"lazy\" class=\" wp-image-1010 alignleft\" src=\"http:\/\/knjiznice.nsk.hr\/ogulin\/wp-content\/uploads\/sites\/83\/2016\/12\/cover-275x300.jpg\" alt=\"cover\" width=\"172\" height=\"188\" srcset=\"http:\/\/knjiznice.nsk.hr\/ogulin\/wp-content\/uploads\/sites\/83\/2016\/12\/cover-275x300.jpg 275w, http:\/\/knjiznice.nsk.hr\/ogulin\/wp-content\/uploads\/sites\/83\/2016\/12\/cover.jpg 418w\" sizes=\"(max-width: 172px) 100vw, 172px\" \/><\/a>Gradska knji\u017enica i \u010ditaonica Ogulin poziva vas na knji\u017eevni susret sa suvremenim hrvatskim knji\u017eevnikom i akademikom Pavlom Pavli\u010di\u0107em koji \u0107e se odr\u017eati 28. prosinca s po\u010detkom u 19 sati.<br \/>\nPavao Pavli\u010di\u0107 &#8211; scenarist, pripovjeda\u010d, romanopisac, knji\u017eevni povjesni\u010dar i esejist &#8211; ro\u0111en je u Vukovaru 1946. godine. Fakultet je zavr\u0161io u Zagrebu diplomiraju\u0107i na Filozofskom fakultetu. Danas je tamo zaposlen kao profesor.<\/p>\n","protected":false},"excerpt":{"rendered":"<p>Gradska knji\u017enica i \u010ditaonica Ogulin poziva vas na knji\u017eevni susret sa suvremenim hrvatskim knji\u017eevnikom i akademikom Pavlom Pavli\u010di\u0107em koji \u0107e se odr\u017eati 28. prosinca s po\u010detkom u 19 sati. Pavao Pavli\u010di\u0107 &#8211; scenarist, pripovjeda\u010d, romanopisac, knji\u017eevni povjesni\u010dar i esejist &#8211; ro\u0111en je u Vukovaru 1946. godine. Fakultet je zavr\u0161io u Zagrebu diplomiraju\u0107i na Filozofskom fakultetu. [&hellip;]<\/p>\n","protected":false},"author":99,"featured_media":0,"comment_status":"closed","ping_status":"closed","sticky":false,"template":"","format":"standard","meta":{"ngg_post_thumbnail":0},"categories":[45],"tags":[],"yoast_head":"<!-- This site is optimized with the Yoast SEO plugin v16.4 - https:\/\/yoast.com\/wordpress\/plugins\/seo\/ -->\n<meta name=\"robots\" content=\"index, follow, max-snippet:-1, max-image-preview:large, max-video-preview:-1\" \/>\n<link rel=\"canonical\" href=\"http:\/\/knjiznice.nsk.hr\/ogulin\/knjizevni-susret-s-pavlom-pavlicicem-2\/\" \/>\n<meta property=\"og:locale\" content=\"hr_HR\" \/>\n<meta property=\"og:type\" content=\"article\" \/>\n<meta property=\"og:title\" content=\"Knji\u017eevni susret s Pavlom Pavli\u010di\u0107em - Gradska knji\u017enica i \u010ditaonica Ogulin\" \/>\n<meta property=\"og:description\" content=\"Gradska knji\u017enica i \u010ditaonica Ogulin poziva vas na knji\u017eevni susret sa suvremenim hrvatskim knji\u017eevnikom i akademikom Pavlom Pavli\u010di\u0107em koji \u0107e se odr\u017eati 28. prosinca s po\u010detkom u 19 sati. Pavao Pavli\u010di\u0107 &#8211; scenarist, pripovjeda\u010d, romanopisac, knji\u017eevni povjesni\u010dar i esejist &#8211; ro\u0111en je u Vukovaru 1946. godine. Fakultet je zavr\u0161io u Zagrebu diplomiraju\u0107i na Filozofskom fakultetu. [&hellip;]\" \/>\n<meta property=\"og:url\" content=\"http:\/\/knjiznice.nsk.hr\/ogulin\/knjizevni-susret-s-pavlom-pavlicicem-2\/\" \/>\n<meta property=\"og:site_name\" content=\"Gradska knji\u017enica i \u010ditaonica Ogulin\" \/>\n<meta property=\"article:published_time\" content=\"2016-12-22T15:16:09+00:00\" \/>\n<meta property=\"article:modified_time\" content=\"2016-12-22T15:16:41+00:00\" \/>\n<meta property=\"og:image\" content=\"http:\/\/knjiznice.nsk.hr\/ogulin\/wp-content\/uploads\/sites\/83\/2016\/12\/cover-275x300.jpg\" \/>\n<script type=\"application\/ld+json\" class=\"yoast-schema-graph\">{\"@context\":\"https:\/\/schema.org\",\"@graph\":[{\"@type\":\"WebSite\",\"@id\":\"http:\/\/knjiznice.nsk.hr\/ogulin\/#website\",\"url\":\"http:\/\/knjiznice.nsk.hr\/ogulin\/\",\"name\":\"Gradska knji\\u017enica i \\u010ditaonica Ogulin\",\"description\":\"Najbolja stvar kod knji\\u017enica jest ta da je dovoljno velika da stane cijeli svijet u nju, a opet dovoljno mala da stane u tvoj grad.\",\"potentialAction\":[{\"@type\":\"SearchAction\",\"target\":\"http:\/\/knjiznice.nsk.hr\/ogulin\/?s={search_term_string}\",\"query-input\":\"required name=search_term_string\"}],\"inLanguage\":\"hr\"},{\"@type\":\"ImageObject\",\"@id\":\"http:\/\/knjiznice.nsk.hr\/ogulin\/knjizevni-susret-s-pavlom-pavlicicem-2\/#primaryimage\",\"inLanguage\":\"hr\",\"url\":\"http:\/\/knjiznice.nsk.hr\/ogulin\/wp-content\/uploads\/sites\/83\/2016\/12\/cover.jpg\",\"contentUrl\":\"http:\/\/knjiznice.nsk.hr\/ogulin\/wp-content\/uploads\/sites\/83\/2016\/12\/cover.jpg\",\"width\":418,\"height\":456},{\"@type\":\"WebPage\",\"@id\":\"http:\/\/knjiznice.nsk.hr\/ogulin\/knjizevni-susret-s-pavlom-pavlicicem-2\/#webpage\",\"url\":\"http:\/\/knjiznice.nsk.hr\/ogulin\/knjizevni-susret-s-pavlom-pavlicicem-2\/\",\"name\":\"Knji\\u017eevni susret s Pavlom Pavli\\u010di\\u0107em - Gradska knji\\u017enica i \\u010ditaonica Ogulin\",\"isPartOf\":{\"@id\":\"http:\/\/knjiznice.nsk.hr\/ogulin\/#website\"},\"primaryImageOfPage\":{\"@id\":\"http:\/\/knjiznice.nsk.hr\/ogulin\/knjizevni-susret-s-pavlom-pavlicicem-2\/#primaryimage\"},\"datePublished\":\"2016-12-22T15:16:09+00:00\",\"dateModified\":\"2016-12-22T15:16:41+00:00\",\"author\":{\"@id\":\"http:\/\/knjiznice.nsk.hr\/ogulin\/#\/schema\/person\/99a8fc9ef4a418b51c19d7d8e752aeb8\"},\"breadcrumb\":{\"@id\":\"http:\/\/knjiznice.nsk.hr\/ogulin\/knjizevni-susret-s-pavlom-pavlicicem-2\/#breadcrumb\"},\"inLanguage\":\"hr\",\"potentialAction\":[{\"@type\":\"ReadAction\",\"target\":[\"http:\/\/knjiznice.nsk.hr\/ogulin\/knjizevni-susret-s-pavlom-pavlicicem-2\/\"]}]},{\"@type\":\"BreadcrumbList\",\"@id\":\"http:\/\/knjiznice.nsk.hr\/ogulin\/knjizevni-susret-s-pavlom-pavlicicem-2\/#breadcrumb\",\"itemListElement\":[{\"@type\":\"ListItem\",\"position\":1,\"item\":{\"@type\":\"WebPage\",\"@id\":\"http:\/\/knjiznice.nsk.hr\/ogulin\/\",\"url\":\"http:\/\/knjiznice.nsk.hr\/ogulin\/\",\"name\":\"Po\\u010detna stranica\"}},{\"@type\":\"ListItem\",\"position\":2,\"item\":{\"@id\":\"http:\/\/knjiznice.nsk.hr\/ogulin\/knjizevni-susret-s-pavlom-pavlicicem-2\/#webpage\"}}]},{\"@type\":\"Person\",\"@id\":\"http:\/\/knjiznice.nsk.hr\/ogulin\/#\/schema\/person\/99a8fc9ef4a418b51c19d7d8e752aeb8\",\"name\":\"ogulin\",\"image\":{\"@type\":\"ImageObject\",\"@id\":\"http:\/\/knjiznice.nsk.hr\/ogulin\/#personlogo\",\"inLanguage\":\"hr\",\"url\":\"http:\/\/0.gravatar.com\/avatar\/cb53c5c0bd9e7eda9da88f36632ddfb5?s=96&d=mm&r=g\",\"contentUrl\":\"http:\/\/0.gravatar.com\/avatar\/cb53c5c0bd9e7eda9da88f36632ddfb5?s=96&d=mm&r=g\",\"caption\":\"ogulin\"},\"url\":\"http:\/\/knjiznice.nsk.hr\/ogulin\/\"}]}<\/script>\n<!-- \/ Yoast SEO plugin. -->","_links":{"self":[{"href":"http:\/\/knjiznice.nsk.hr\/ogulin\/wp-json\/wp\/v2\/posts\/1029"}],"collection":[{"href":"http:\/\/knjiznice.nsk.hr\/ogulin\/wp-json\/wp\/v2\/posts"}],"about":[{"href":"http:\/\/knjiznice.nsk.hr\/ogulin\/wp-json\/wp\/v2\/types\/post"}],"author":[{"embeddable":true,"href":"http:\/\/knjiznice.nsk.hr\/ogulin\/wp-json\/wp\/v2\/users\/99"}],"replies":[{"embeddable":true,"href":"http:\/\/knjiznice.nsk.hr\/ogulin\/wp-json\/wp\/v2\/comments?post=1029"}],"version-history":[{"count":2,"href":"http:\/\/knjiznice.nsk.hr\/ogulin\/wp-json\/wp\/v2\/posts\/1029\/revisions"}],"predecessor-version":[{"id":1031,"href":"http:\/\/knjiznice.nsk.hr\/ogulin\/wp-json\/wp\/v2\/posts\/1029\/revisions\/1031"}],"wp:attachment":[{"href":"http:\/\/knjiznice.nsk.hr\/ogulin\/wp-json\/wp\/v2\/media?parent=1029"}],"wp:term":[{"taxonomy":"category","embeddable":true,"href":"http:\/\/knjiznice.nsk.hr\/ogulin\/wp-json\/wp\/v2\/categories?post=1029"},{"taxonomy":"post_tag","embeddable":true,"href":"http:\/\/knjiznice.nsk.hr\/ogulin\/wp-json\/wp\/v2\/tags?post=1029"}],"curies":[{"name":"wp","href":"https:\/\/api.w.org\/{rel}","templated":true}]}}