{"id":881,"date":"2021-12-24T09:13:17","date_gmt":"2021-12-24T08:13:17","guid":{"rendered":"http:\/\/knjiznice.nsk.hr\/obrovac\/?p=881"},"modified":"2021-12-24T09:13:21","modified_gmt":"2021-12-24T08:13:21","slug":"cestitka-5","status":"publish","type":"post","link":"http:\/\/knjiznice.nsk.hr\/obrovac\/2021\/12\/24\/cestitka-5\/","title":{"rendered":"\u010cestitka"},"content":{"rendered":"<p><img loading=\"lazy\" class=\"alignnone size-medium wp-image-882\" src=\"http:\/\/knjiznice.nsk.hr\/obrovac\/wp-content\/uploads\/sites\/101\/2021\/12\/Cestit-Bozic-i-sretnu-novu-2022.godinu-zeli-vam-Knjiznica-i-citaonica-Obrovac-212x300.jpg\" alt=\"\" width=\"212\" height=\"300\" srcset=\"http:\/\/knjiznice.nsk.hr\/obrovac\/wp-content\/uploads\/sites\/101\/2021\/12\/Cestit-Bozic-i-sretnu-novu-2022.godinu-zeli-vam-Knjiznica-i-citaonica-Obrovac-212x300.jpg 212w, http:\/\/knjiznice.nsk.hr\/obrovac\/wp-content\/uploads\/sites\/101\/2021\/12\/Cestit-Bozic-i-sretnu-novu-2022.godinu-zeli-vam-Knjiznica-i-citaonica-Obrovac-724x1024.jpg 724w, http:\/\/knjiznice.nsk.hr\/obrovac\/wp-content\/uploads\/sites\/101\/2021\/12\/Cestit-Bozic-i-sretnu-novu-2022.godinu-zeli-vam-Knjiznica-i-citaonica-Obrovac-768x1086.jpg 768w, http:\/\/knjiznice.nsk.hr\/obrovac\/wp-content\/uploads\/sites\/101\/2021\/12\/Cestit-Bozic-i-sretnu-novu-2022.godinu-zeli-vam-Knjiznica-i-citaonica-Obrovac-600x849.jpg 600w, http:\/\/knjiznice.nsk.hr\/obrovac\/wp-content\/uploads\/sites\/101\/2021\/12\/Cestit-Bozic-i-sretnu-novu-2022.godinu-zeli-vam-Knjiznica-i-citaonica-Obrovac-1086x1536.jpg 1086w, http:\/\/knjiznice.nsk.hr\/obrovac\/wp-content\/uploads\/sites\/101\/2021\/12\/Cestit-Bozic-i-sretnu-novu-2022.godinu-zeli-vam-Knjiznica-i-citaonica-Obrovac-1448x2048.jpg 1448w, http:\/\/knjiznice.nsk.hr\/obrovac\/wp-content\/uploads\/sites\/101\/2021\/12\/Cestit-Bozic-i-sretnu-novu-2022.godinu-zeli-vam-Knjiznica-i-citaonica-Obrovac.jpg 1587w\" sizes=\"(max-width: 212px) 100vw, 212px\" \/><\/p>\n","protected":false},"excerpt":{"rendered":"","protected":false},"author":165,"featured_media":0,"comment_status":"closed","ping_status":"closed","sticky":false,"template":"","format":"standard","meta":{"ngg_post_thumbnail":0},"categories":[4],"tags":[],"yoast_head":"<!-- This site is optimized with the Yoast SEO plugin v16.4 - https:\/\/yoast.com\/wordpress\/plugins\/seo\/ -->\n<meta name=\"robots\" content=\"index, follow, max-snippet:-1, max-image-preview:large, max-video-preview:-1\" \/>\n<link rel=\"canonical\" href=\"http:\/\/knjiznice.nsk.hr\/obrovac\/2021\/12\/24\/cestitka-5\/\" \/>\n<meta property=\"og:locale\" content=\"hr_HR\" \/>\n<meta property=\"og:type\" content=\"article\" \/>\n<meta property=\"og:title\" content=\"\u010cestitka - Pu\u010dko otvoreno u\u010dili\u0161te-Knji\u017enica i \u010ditaonica Obrovac\" \/>\n<meta property=\"og:url\" content=\"http:\/\/knjiznice.nsk.hr\/obrovac\/2021\/12\/24\/cestitka-5\/\" \/>\n<meta property=\"og:site_name\" content=\"Pu\u010dko otvoreno u\u010dili\u0161te-Knji\u017enica i \u010ditaonica Obrovac\" \/>\n<meta property=\"article:published_time\" content=\"2021-12-24T08:13:17+00:00\" \/>\n<meta property=\"article:modified_time\" content=\"2021-12-24T08:13:21+00:00\" \/>\n<meta property=\"og:image\" content=\"http:\/\/knjiznice.nsk.hr\/obrovac\/wp-content\/uploads\/sites\/101\/2021\/12\/Cestit-Bozic-i-sretnu-novu-2022.godinu-zeli-vam-Knjiznica-i-citaonica-Obrovac-212x300.jpg\" \/>\n<meta name=\"twitter:card\" content=\"summary_large_image\" \/>\n<meta name=\"twitter:label1\" content=\"Procijenjeno vrijeme \u010ditanja\" \/>\n\t<meta name=\"twitter:data1\" content=\"1 minuta\" \/>\n<script type=\"application\/ld+json\" class=\"yoast-schema-graph\">{\"@context\":\"https:\/\/schema.org\",\"@graph\":[{\"@type\":\"WebSite\",\"@id\":\"http:\/\/knjiznice.nsk.hr\/obrovac\/#website\",\"url\":\"http:\/\/knjiznice.nsk.hr\/obrovac\/\",\"name\":\"Pu\\u010dko otvoreno u\\u010dili\\u0161te-Knji\\u017enica i \\u010ditaonica Obrovac\",\"description\":\"\",\"potentialAction\":[{\"@type\":\"SearchAction\",\"target\":\"http:\/\/knjiznice.nsk.hr\/obrovac\/?s={search_term_string}\",\"query-input\":\"required name=search_term_string\"}],\"inLanguage\":\"hr\"},{\"@type\":\"ImageObject\",\"@id\":\"http:\/\/knjiznice.nsk.hr\/obrovac\/2021\/12\/24\/cestitka-5\/#primaryimage\",\"inLanguage\":\"hr\",\"url\":\"http:\/\/knjiznice.nsk.hr\/obrovac\/wp-content\/uploads\/sites\/101\/2021\/12\/Cestit-Bozic-i-sretnu-novu-2022.godinu-zeli-vam-Knjiznica-i-citaonica-Obrovac.jpg\",\"contentUrl\":\"http:\/\/knjiznice.nsk.hr\/obrovac\/wp-content\/uploads\/sites\/101\/2021\/12\/Cestit-Bozic-i-sretnu-novu-2022.godinu-zeli-vam-Knjiznica-i-citaonica-Obrovac.jpg\",\"width\":1587,\"height\":2245},{\"@type\":\"WebPage\",\"@id\":\"http:\/\/knjiznice.nsk.hr\/obrovac\/2021\/12\/24\/cestitka-5\/#webpage\",\"url\":\"http:\/\/knjiznice.nsk.hr\/obrovac\/2021\/12\/24\/cestitka-5\/\",\"name\":\"\\u010cestitka - Pu\\u010dko otvoreno u\\u010dili\\u0161te-Knji\\u017enica i \\u010ditaonica Obrovac\",\"isPartOf\":{\"@id\":\"http:\/\/knjiznice.nsk.hr\/obrovac\/#website\"},\"primaryImageOfPage\":{\"@id\":\"http:\/\/knjiznice.nsk.hr\/obrovac\/2021\/12\/24\/cestitka-5\/#primaryimage\"},\"datePublished\":\"2021-12-24T08:13:17+00:00\",\"dateModified\":\"2021-12-24T08:13:21+00:00\",\"author\":{\"@id\":\"http:\/\/knjiznice.nsk.hr\/obrovac\/#\/schema\/person\/28ed387f817d8132e000a337eaae89a2\"},\"breadcrumb\":{\"@id\":\"http:\/\/knjiznice.nsk.hr\/obrovac\/2021\/12\/24\/cestitka-5\/#breadcrumb\"},\"inLanguage\":\"hr\",\"potentialAction\":[{\"@type\":\"ReadAction\",\"target\":[\"http:\/\/knjiznice.nsk.hr\/obrovac\/2021\/12\/24\/cestitka-5\/\"]}]},{\"@type\":\"BreadcrumbList\",\"@id\":\"http:\/\/knjiznice.nsk.hr\/obrovac\/2021\/12\/24\/cestitka-5\/#breadcrumb\",\"itemListElement\":[{\"@type\":\"ListItem\",\"position\":1,\"item\":{\"@type\":\"WebPage\",\"@id\":\"http:\/\/knjiznice.nsk.hr\/obrovac\/\",\"url\":\"http:\/\/knjiznice.nsk.hr\/obrovac\/\",\"name\":\"Po\\u010detna stranica\"}},{\"@type\":\"ListItem\",\"position\":2,\"item\":{\"@id\":\"http:\/\/knjiznice.nsk.hr\/obrovac\/2021\/12\/24\/cestitka-5\/#webpage\"}}]},{\"@type\":\"Person\",\"@id\":\"http:\/\/knjiznice.nsk.hr\/obrovac\/#\/schema\/person\/28ed387f817d8132e000a337eaae89a2\",\"name\":\"obrovac\",\"image\":{\"@type\":\"ImageObject\",\"@id\":\"http:\/\/knjiznice.nsk.hr\/obrovac\/#personlogo\",\"inLanguage\":\"hr\",\"url\":\"http:\/\/2.gravatar.com\/avatar\/281be2e7e7f272a89209ef9863d01f75?s=96&d=mm&r=g\",\"contentUrl\":\"http:\/\/2.gravatar.com\/avatar\/281be2e7e7f272a89209ef9863d01f75?s=96&d=mm&r=g\",\"caption\":\"obrovac\"},\"url\":\"http:\/\/knjiznice.nsk.hr\/obrovac\/\"}]}<\/script>\n<!-- \/ Yoast SEO plugin. -->","_links":{"self":[{"href":"http:\/\/knjiznice.nsk.hr\/obrovac\/wp-json\/wp\/v2\/posts\/881"}],"collection":[{"href":"http:\/\/knjiznice.nsk.hr\/obrovac\/wp-json\/wp\/v2\/posts"}],"about":[{"href":"http:\/\/knjiznice.nsk.hr\/obrovac\/wp-json\/wp\/v2\/types\/post"}],"author":[{"embeddable":true,"href":"http:\/\/knjiznice.nsk.hr\/obrovac\/wp-json\/wp\/v2\/users\/165"}],"replies":[{"embeddable":true,"href":"http:\/\/knjiznice.nsk.hr\/obrovac\/wp-json\/wp\/v2\/comments?post=881"}],"version-history":[{"count":1,"href":"http:\/\/knjiznice.nsk.hr\/obrovac\/wp-json\/wp\/v2\/posts\/881\/revisions"}],"predecessor-version":[{"id":883,"href":"http:\/\/knjiznice.nsk.hr\/obrovac\/wp-json\/wp\/v2\/posts\/881\/revisions\/883"}],"wp:attachment":[{"href":"http:\/\/knjiznice.nsk.hr\/obrovac\/wp-json\/wp\/v2\/media?parent=881"}],"wp:term":[{"taxonomy":"category","embeddable":true,"href":"http:\/\/knjiznice.nsk.hr\/obrovac\/wp-json\/wp\/v2\/categories?post=881"},{"taxonomy":"post_tag","embeddable":true,"href":"http:\/\/knjiznice.nsk.hr\/obrovac\/wp-json\/wp\/v2\/tags?post=881"}],"curies":[{"name":"wp","href":"https:\/\/api.w.org\/{rel}","templated":true}]}}