{"id":663,"date":"2021-02-16T15:12:24","date_gmt":"2021-02-16T14:12:24","guid":{"rendered":"http:\/\/knjiznice.nsk.hr\/obrovac\/?p=663"},"modified":"2021-02-16T15:12:27","modified_gmt":"2021-02-16T14:12:27","slug":"prijava-na-foto-natjecaj","status":"publish","type":"post","link":"http:\/\/knjiznice.nsk.hr\/obrovac\/2021\/02\/16\/prijava-na-foto-natjecaj\/","title":{"rendered":"Prijava na foto natje\u010daj"},"content":{"rendered":"<div class=\"kvgmc6g5 cxmmr5t8 oygrvhab hcukyx3x c1et5uql ii04i59q\">\n<div dir=\"auto\">Za sve male i velike fotografe, u tijeku je zanimljiv foto natje\u010daj!<\/div>\n<div dir=\"auto\">U natje\u010daj se mogu uklju\u010diti svi fotografi amateri iz Hrvatske od pred\u0161kolske dobi do 18 godina.<\/div>\n<div dir=\"auto\">Sudjelovati se mo\u017ee s najvi\u0161e tri rada koji na kreativan i iskren na\u010din trebaju prikazati vlastiti kutak za \u010ditanje s knjigama.<\/div>\n<\/div>\n<div class=\"o9v6fnle cxmmr5t8 oygrvhab hcukyx3x c1et5uql ii04i59q\">\n<div dir=\"auto\"><a class=\"oajrlxb2 g5ia77u1 qu0x051f esr5mh6w e9989ue4 r7d6kgcz rq0escxv nhd2j8a9 nc684nl6 p7hjln8o kvgmc6g5 cxmmr5t8 oygrvhab hcukyx3x jb3vyjys rz4wbd8a qt6c0cv9 a8nywdso i1ao9s8h esuyzwwr f1sip0of lzcic4wl py34i1dx gpro0wi8\" role=\"link\" href=\"http:\/\/www.kgz.hr\/hr\/knjiznice\/djecja-knjiznica-m2\/64?fbclid=IwAR1Gy3b55iM1aNO71YwTCxqRFd-WjLsHMA116yzGbPetW02-ErZdR14jgYc\" target=\"_blank\" rel=\"nofollow noopener noreferrer\">http:\/\/www.kgz.hr\/hr\/knjiznice\/djecja-knjiznica-m2\/64<\/a><\/div>\n<\/div>\n<div dir=\"auto\">&nbsp;<\/div>\n<div dir=\"auto\"><img loading=\"lazy\" class=\"alignnone size-medium wp-image-664\" src=\"http:\/\/knjiznice.nsk.hr\/obrovac\/wp-content\/uploads\/sites\/101\/2021\/02\/foto-natjecaj-212x300.png\" alt=\"\" width=\"212\" height=\"300\" srcset=\"http:\/\/knjiznice.nsk.hr\/obrovac\/wp-content\/uploads\/sites\/101\/2021\/02\/foto-natjecaj-212x300.png 212w, http:\/\/knjiznice.nsk.hr\/obrovac\/wp-content\/uploads\/sites\/101\/2021\/02\/foto-natjecaj-724x1024.png 724w, http:\/\/knjiznice.nsk.hr\/obrovac\/wp-content\/uploads\/sites\/101\/2021\/02\/foto-natjecaj-768x1086.png 768w, http:\/\/knjiznice.nsk.hr\/obrovac\/wp-content\/uploads\/sites\/101\/2021\/02\/foto-natjecaj-600x849.png 600w, http:\/\/knjiznice.nsk.hr\/obrovac\/wp-content\/uploads\/sites\/101\/2021\/02\/foto-natjecaj-1086x1536.png 1086w, http:\/\/knjiznice.nsk.hr\/obrovac\/wp-content\/uploads\/sites\/101\/2021\/02\/foto-natjecaj-1448x2048.png 1448w, http:\/\/knjiznice.nsk.hr\/obrovac\/wp-content\/uploads\/sites\/101\/2021\/02\/foto-natjecaj.png 1587w\" sizes=\"(max-width: 212px) 100vw, 212px\" \/><\/div>\n","protected":false},"excerpt":{"rendered":"<p>Za sve male i velike fotografe, u tijeku je zanimljiv foto natje\u010daj! U natje\u010daj se mogu uklju\u010diti svi fotografi amateri iz Hrvatske od pred\u0161kolske dobi do 18 godina. Sudjelovati se mo\u017ee s najvi\u0161e tri rada koji na kreativan i iskren na\u010din trebaju prikazati vlastiti kutak za \u010ditanje s knjigama. http:\/\/www.kgz.hr\/hr\/knjiznice\/djecja-knjiznica-m2\/64 &nbsp;<\/p>\n","protected":false},"author":165,"featured_media":0,"comment_status":"closed","ping_status":"closed","sticky":false,"template":"","format":"standard","meta":{"ngg_post_thumbnail":0},"categories":[4],"tags":[],"yoast_head":"<!-- This site is optimized with the Yoast SEO plugin v16.4 - https:\/\/yoast.com\/wordpress\/plugins\/seo\/ -->\n<meta name=\"robots\" content=\"index, follow, max-snippet:-1, max-image-preview:large, max-video-preview:-1\" \/>\n<link rel=\"canonical\" href=\"http:\/\/knjiznice.nsk.hr\/obrovac\/2021\/02\/16\/prijava-na-foto-natjecaj\/\" \/>\n<meta property=\"og:locale\" content=\"hr_HR\" \/>\n<meta property=\"og:type\" content=\"article\" \/>\n<meta property=\"og:title\" content=\"Prijava na foto natje\u010daj - Pu\u010dko otvoreno u\u010dili\u0161te-Knji\u017enica i \u010ditaonica Obrovac\" \/>\n<meta property=\"og:description\" content=\"Za sve male i velike fotografe, u tijeku je zanimljiv foto natje\u010daj! U natje\u010daj se mogu uklju\u010diti svi fotografi amateri iz Hrvatske od pred\u0161kolske dobi do 18 godina. Sudjelovati se mo\u017ee s najvi\u0161e tri rada koji na kreativan i iskren na\u010din trebaju prikazati vlastiti kutak za \u010ditanje s knjigama. http:\/\/www.kgz.hr\/hr\/knjiznice\/djecja-knjiznica-m2\/64 &nbsp;\" \/>\n<meta property=\"og:url\" content=\"http:\/\/knjiznice.nsk.hr\/obrovac\/2021\/02\/16\/prijava-na-foto-natjecaj\/\" \/>\n<meta property=\"og:site_name\" content=\"Pu\u010dko otvoreno u\u010dili\u0161te-Knji\u017enica i \u010ditaonica Obrovac\" \/>\n<meta property=\"article:published_time\" content=\"2021-02-16T14:12:24+00:00\" \/>\n<meta property=\"article:modified_time\" content=\"2021-02-16T14:12:27+00:00\" \/>\n<meta property=\"og:image\" content=\"http:\/\/knjiznice.nsk.hr\/obrovac\/wp-content\/uploads\/sites\/101\/2021\/02\/foto-natjecaj-212x300.png\" \/>\n<meta name=\"twitter:card\" content=\"summary_large_image\" \/>\n<script type=\"application\/ld+json\" class=\"yoast-schema-graph\">{\"@context\":\"https:\/\/schema.org\",\"@graph\":[{\"@type\":\"WebSite\",\"@id\":\"http:\/\/knjiznice.nsk.hr\/obrovac\/#website\",\"url\":\"http:\/\/knjiznice.nsk.hr\/obrovac\/\",\"name\":\"Pu\\u010dko otvoreno u\\u010dili\\u0161te-Knji\\u017enica i \\u010ditaonica Obrovac\",\"description\":\"\",\"potentialAction\":[{\"@type\":\"SearchAction\",\"target\":\"http:\/\/knjiznice.nsk.hr\/obrovac\/?s={search_term_string}\",\"query-input\":\"required name=search_term_string\"}],\"inLanguage\":\"hr\"},{\"@type\":\"ImageObject\",\"@id\":\"http:\/\/knjiznice.nsk.hr\/obrovac\/2021\/02\/16\/prijava-na-foto-natjecaj\/#primaryimage\",\"inLanguage\":\"hr\",\"url\":\"http:\/\/knjiznice.nsk.hr\/obrovac\/wp-content\/uploads\/sites\/101\/2021\/02\/foto-natjecaj.png\",\"contentUrl\":\"http:\/\/knjiznice.nsk.hr\/obrovac\/wp-content\/uploads\/sites\/101\/2021\/02\/foto-natjecaj.png\",\"width\":1587,\"height\":2245},{\"@type\":\"WebPage\",\"@id\":\"http:\/\/knjiznice.nsk.hr\/obrovac\/2021\/02\/16\/prijava-na-foto-natjecaj\/#webpage\",\"url\":\"http:\/\/knjiznice.nsk.hr\/obrovac\/2021\/02\/16\/prijava-na-foto-natjecaj\/\",\"name\":\"Prijava na foto natje\\u010daj - Pu\\u010dko otvoreno u\\u010dili\\u0161te-Knji\\u017enica i \\u010ditaonica Obrovac\",\"isPartOf\":{\"@id\":\"http:\/\/knjiznice.nsk.hr\/obrovac\/#website\"},\"primaryImageOfPage\":{\"@id\":\"http:\/\/knjiznice.nsk.hr\/obrovac\/2021\/02\/16\/prijava-na-foto-natjecaj\/#primaryimage\"},\"datePublished\":\"2021-02-16T14:12:24+00:00\",\"dateModified\":\"2021-02-16T14:12:27+00:00\",\"author\":{\"@id\":\"http:\/\/knjiznice.nsk.hr\/obrovac\/#\/schema\/person\/28ed387f817d8132e000a337eaae89a2\"},\"breadcrumb\":{\"@id\":\"http:\/\/knjiznice.nsk.hr\/obrovac\/2021\/02\/16\/prijava-na-foto-natjecaj\/#breadcrumb\"},\"inLanguage\":\"hr\",\"potentialAction\":[{\"@type\":\"ReadAction\",\"target\":[\"http:\/\/knjiznice.nsk.hr\/obrovac\/2021\/02\/16\/prijava-na-foto-natjecaj\/\"]}]},{\"@type\":\"BreadcrumbList\",\"@id\":\"http:\/\/knjiznice.nsk.hr\/obrovac\/2021\/02\/16\/prijava-na-foto-natjecaj\/#breadcrumb\",\"itemListElement\":[{\"@type\":\"ListItem\",\"position\":1,\"item\":{\"@type\":\"WebPage\",\"@id\":\"http:\/\/knjiznice.nsk.hr\/obrovac\/\",\"url\":\"http:\/\/knjiznice.nsk.hr\/obrovac\/\",\"name\":\"Po\\u010detna stranica\"}},{\"@type\":\"ListItem\",\"position\":2,\"item\":{\"@id\":\"http:\/\/knjiznice.nsk.hr\/obrovac\/2021\/02\/16\/prijava-na-foto-natjecaj\/#webpage\"}}]},{\"@type\":\"Person\",\"@id\":\"http:\/\/knjiznice.nsk.hr\/obrovac\/#\/schema\/person\/28ed387f817d8132e000a337eaae89a2\",\"name\":\"obrovac\",\"image\":{\"@type\":\"ImageObject\",\"@id\":\"http:\/\/knjiznice.nsk.hr\/obrovac\/#personlogo\",\"inLanguage\":\"hr\",\"url\":\"http:\/\/2.gravatar.com\/avatar\/281be2e7e7f272a89209ef9863d01f75?s=96&d=mm&r=g\",\"contentUrl\":\"http:\/\/2.gravatar.com\/avatar\/281be2e7e7f272a89209ef9863d01f75?s=96&d=mm&r=g\",\"caption\":\"obrovac\"},\"url\":\"http:\/\/knjiznice.nsk.hr\/obrovac\/\"}]}<\/script>\n<!-- \/ Yoast SEO plugin. -->","_links":{"self":[{"href":"http:\/\/knjiznice.nsk.hr\/obrovac\/wp-json\/wp\/v2\/posts\/663"}],"collection":[{"href":"http:\/\/knjiznice.nsk.hr\/obrovac\/wp-json\/wp\/v2\/posts"}],"about":[{"href":"http:\/\/knjiznice.nsk.hr\/obrovac\/wp-json\/wp\/v2\/types\/post"}],"author":[{"embeddable":true,"href":"http:\/\/knjiznice.nsk.hr\/obrovac\/wp-json\/wp\/v2\/users\/165"}],"replies":[{"embeddable":true,"href":"http:\/\/knjiznice.nsk.hr\/obrovac\/wp-json\/wp\/v2\/comments?post=663"}],"version-history":[{"count":1,"href":"http:\/\/knjiznice.nsk.hr\/obrovac\/wp-json\/wp\/v2\/posts\/663\/revisions"}],"predecessor-version":[{"id":665,"href":"http:\/\/knjiznice.nsk.hr\/obrovac\/wp-json\/wp\/v2\/posts\/663\/revisions\/665"}],"wp:attachment":[{"href":"http:\/\/knjiznice.nsk.hr\/obrovac\/wp-json\/wp\/v2\/media?parent=663"}],"wp:term":[{"taxonomy":"category","embeddable":true,"href":"http:\/\/knjiznice.nsk.hr\/obrovac\/wp-json\/wp\/v2\/categories?post=663"},{"taxonomy":"post_tag","embeddable":true,"href":"http:\/\/knjiznice.nsk.hr\/obrovac\/wp-json\/wp\/v2\/tags?post=663"}],"curies":[{"name":"wp","href":"https:\/\/api.w.org\/{rel}","templated":true}]}}