{"id":549,"date":"2020-09-18T11:23:47","date_gmt":"2020-09-18T09:23:47","guid":{"rendered":"http:\/\/knjiznice.nsk.hr\/obrovac\/?p=549"},"modified":"2020-09-22T15:23:19","modified_gmt":"2020-09-22T13:23:19","slug":"izjava-o-pristupacnosti","status":"publish","type":"post","link":"http:\/\/knjiznice.nsk.hr\/obrovac\/2020\/09\/18\/izjava-o-pristupacnosti\/","title":{"rendered":"Izjava o pristupa\u010dnosti"},"content":{"rendered":"<p><strong>Op\u0107enito<\/strong><\/p>\n<p>Pu\u010dko otvoreno u\u010dili\u0161te Obrovac, Knji\u017enica i \u010ditaonica nastoji svoje mre\u017ene stranice u\u010diniti pristupa\u010dnima u skladusa&nbsp;<a href=\"https:\/\/www.zakon.hr\/z\/1929\/Zakon-o-pristupa%C4%8Dnosti-mre%C5%BEnih-stranica-i-programskih-rje%C5%A1enja-za-pokretne-ure%C4%91aje-tijela-javnog-sektora\">Zakonom o pristupa\u010dnosti mre\u017enih stranica i programskih rje\u0161enja za pokretne ure\u0111aje tijela javnog sektora Republike Hrvatske<\/a>&nbsp;(\u201eNarodne novine\u201c, broj 17\/19; dalje u tekstu: Zakon) kojim se prenosi&nbsp;<a href=\"https:\/\/eur-lex.europa.eu\/legal-content\/HR\/AUTO\/?uri=OJ:L:2016:327:TOC\">Direktiva (EU)&nbsp;2016\/2102 Europskog parlamenta i Vije\u0107a od 26.&nbsp;listopada 2016. o pristupa\u010dnosti internetskih stranica i mobilnih aplikacija tijela javnog sektora<\/a>&nbsp;(SL&nbsp;L&nbsp;327, 2.12.2016.).<\/p>\n<p>Ova Izjava o pristupa\u010dnosti primjenjuje se na mre\u017eno sjedi\u0161te Pu\u010dko otvoreno u\u010dili\u0161te Obrovac, Knji\u017enica i \u010ditaonica koje se nalazi na adresi http:\/\/knjiznice.nsk.hr\/obrovac\/.<\/p>\n<p><strong>Status uskla\u0111enosti<\/strong><\/p>\n<p>Mre\u017eno sjedi\u0161te&nbsp;http:\/\/knjiznice.nsk.hr\/obrovac\/&nbsp;djelomi\u010dno je uskla\u0111eno sa Zakonom zbog neuskla\u0111enosti koje su navedene u nastavku.<\/p>\n<p><strong>Nepristupa\u010dan sadr\u017eaj<\/strong><\/p>\n<p>Sadr\u017eaj naveden u nastavku je nepristupa\u010dan iz razloga:<\/p>\n<ol>\n<li>Neuskla\u0111enosti sa Zakonom<\/li>\n<\/ol>\n<ul>\n<li>Kontrast na pojedinim dijelovima stranice nije zadovoljavaju\u0107.<\/li>\n<li>Veli\u010dina fonta na mre\u017enom mjestu je premala.<\/li>\n<li>Nazivi pojedinih poveznica trebali bi konkretnije specificirati sadr\u017eaj koji se iza njih nalazi.<\/li>\n<li>Mre\u017eno mjesto nema mogu\u0107nost reprodukcije tekstualnog sadr\u017eaja u audio obliku.<\/li>\n<li>Pojedine slike na stranici ne sadr\u017ee &lt;alt&gt;atribut.<\/li>\n<li>Pojedine slike na stranici ne sadr\u017ee kratak tekstualni opis sadr\u017eaja i funkcije slike.<\/li>\n<li>Navigacija u sidebaru prikazuje padaju\u0107e izbornike na prelazak mi\u0161a preko elementa navigacije, a ne na klik na odre\u0111eni element.<\/li>\n<\/ul>\n<ol>\n<li>Nerazmjerno optere\u0107enje<\/li>\n<li>Za neuskla\u0111enosti navedene pod to\u010dkom a), Pu\u010dko otvoreno u\u010dili\u0161te Obrovac, Knji\u017enica i \u010ditaonica se poziva na iznimku zbog nerazmjernog optere\u0107enja sukladno \u010dlanku 8. Zakona.Sukladno \u010dlanku 3. Zakona, isti se ne primjenjuje na uredske datoteke objavljene prije 23. rujna 2018.\u010diji sadr\u017eaj nije potreban za postupke u tijeku koje tijelo javnog sektora obavlja u okviru svog djelokruga.Sukladno \u010dlanku 3. Zakona, isti se ne primjenjuje na prethodno snimljene medijske sadr\u017eaje u obliku audiozapisa, videozapisa, audio i videozapisa, audio i\/ili videozapisa kombiniranih s interakcijom, objavljene prije 23. rujna 2020.<strong>Priprema ove izjave o pristupa\u010dnosti<\/strong>\n<p>Ova je izjava sastavljena 18. rujna 2020., prema Predlo\u0161ku izjave o pristupa\u010dnosti koji je u skladu s Direktivom (EU) 2016\/2102 Europskog parlamenta i Vije\u0107a o pristupa\u010dnosti internetskih stranica i mobilnih aplikacija tijela javnog sektora, a utvr\u0111en je&nbsp;<a href=\"https:\/\/eur-lex.europa.eu\/legal-content\/HR\/TXT\/HTML\/?uri=CELEX:32018D1523&amp;qid=1590482508144&amp;from=HR\">Provedbenom odlukom Komisije (EU) 2018\/1523<\/a>.<\/p>\n<p>Izjava je zadnji put preispitana&nbsp;18. rujna 2020. godine.<\/p>\n<p><strong>Povratne informacije i podaci za kontakt<\/strong><\/p>\n<p>Molimo korisnike ove mre\u017ene stranice ako primijete neuskla\u0111en sadr\u017eaj, koji nije obuhva\u0107en ovom izjavom, da o tome obavijeste Pu\u010dko otvoreno u\u010dili\u0161te Obrovac, Knji\u017enica i \u010ditaonica.<\/p>\n<p>Sve upite i sugestije vezane uz pristupa\u010dnost mre\u017enog sjedi\u0161ta Pu\u010dko otvoreno u\u010dili\u0161te Obrovac, Knji\u017enica i \u010ditaonica korisnici mogu uputiti putem elektroni\u010dke po\u0161te:&nbsp;pucko.otvoreno.uciliste.obrovac@zd.t-com.hr.<\/p>\n<p>Pu\u010dko otvoreno &nbsp;u\u010dili\u0161te Obrovac, Knji\u017enica i \u010ditaonica je du\u017ena na upit, obavijest ili zahtjev korisnika vezano uz osiguravanje pristupa\u010dnosti odgovoriti u roku od 15 dana od dana primitka obavijesti, odnosno zahtjeva ili ga u istom roku, uz detaljno obrazlo\u017eenje razloga koji zahtijevaju odgodu, obavijestiti o naknadnom roku u kojem \u0107e odgovoriti na korisnikovu obavijest ili zahtjev.<\/p>\n<p><strong>Postupak pra\u0107enja provedbe propisa<\/strong><\/p>\n<p>Povjerenik za informiranje Republike Hrvatske je tijelo nadle\u017eno za pra\u0107enje uskla\u0111enosti mre\u017enih stranica i programskih rje\u0161enja za pokretne ure\u0111aje tijela javnog sektora sa zahtjevima pristupa\u010dnosti kao i za nadzor nad provedbom Zakona.<\/p>\n<p>U slu\u010daju nezadovoljavaju\u0107ih odgovora na obavijesti i zahtjev za povratne informacije o pristupa\u010dnosti ovih mre\u017enih stranica, korisnici se mogu obratiti Povjereniku za informiranje putem elektroni\u010dke po\u0161te:&nbsp;<a href=\"mailto:pristupacnost@pristupinfo.hr\">pristupacnost@pristupinfo.hr<\/a>.<\/li>\n<\/ol>\n<p>&nbsp;<\/p>\n<p>&nbsp;<\/p>\n<p>&nbsp;<\/p>\n","protected":false},"excerpt":{"rendered":"<p>Op\u0107enito Pu\u010dko otvoreno u\u010dili\u0161te Obrovac, Knji\u017enica i \u010ditaonica nastoji svoje mre\u017ene stranice u\u010diniti pristupa\u010dnima u skladusa&nbsp;Zakonom o pristupa\u010dnosti mre\u017enih stranica i programskih rje\u0161enja za pokretne ure\u0111aje tijela javnog sektora Republike Hrvatske&nbsp;(\u201eNarodne novine\u201c, broj 17\/19; dalje u tekstu: Zakon) kojim se prenosi&nbsp;Direktiva (EU)&nbsp;2016\/2102 Europskog parlamenta i Vije\u0107a od 26.&nbsp;listopada 2016. o pristupa\u010dnosti internetskih stranica i mobilnih [&hellip;]<\/p>\n","protected":false},"author":165,"featured_media":0,"comment_status":"closed","ping_status":"closed","sticky":false,"template":"","format":"standard","meta":{"ngg_post_thumbnail":0},"categories":[4],"tags":[],"yoast_head":"<!-- This site is optimized with the Yoast SEO plugin v16.4 - https:\/\/yoast.com\/wordpress\/plugins\/seo\/ -->\n<meta name=\"robots\" content=\"index, follow, max-snippet:-1, max-image-preview:large, max-video-preview:-1\" \/>\n<link rel=\"canonical\" href=\"http:\/\/knjiznice.nsk.hr\/obrovac\/2020\/09\/18\/izjava-o-pristupacnosti\/\" \/>\n<meta property=\"og:locale\" content=\"hr_HR\" \/>\n<meta property=\"og:type\" content=\"article\" \/>\n<meta property=\"og:title\" content=\"Izjava o pristupa\u010dnosti - Pu\u010dko otvoreno u\u010dili\u0161te-Knji\u017enica i \u010ditaonica Obrovac\" \/>\n<meta property=\"og:description\" content=\"Op\u0107enito Pu\u010dko otvoreno u\u010dili\u0161te Obrovac, Knji\u017enica i \u010ditaonica nastoji svoje mre\u017ene stranice u\u010diniti pristupa\u010dnima u skladusa&nbsp;Zakonom o pristupa\u010dnosti mre\u017enih stranica i programskih rje\u0161enja za pokretne ure\u0111aje tijela javnog sektora Republike Hrvatske&nbsp;(\u201eNarodne novine\u201c, broj 17\/19; dalje u tekstu: Zakon) kojim se prenosi&nbsp;Direktiva (EU)&nbsp;2016\/2102 Europskog parlamenta i Vije\u0107a od 26.&nbsp;listopada 2016. o pristupa\u010dnosti internetskih stranica i mobilnih [&hellip;]\" \/>\n<meta property=\"og:url\" content=\"http:\/\/knjiznice.nsk.hr\/obrovac\/2020\/09\/18\/izjava-o-pristupacnosti\/\" \/>\n<meta property=\"og:site_name\" content=\"Pu\u010dko otvoreno u\u010dili\u0161te-Knji\u017enica i \u010ditaonica Obrovac\" \/>\n<meta property=\"article:published_time\" content=\"2020-09-18T09:23:47+00:00\" \/>\n<meta property=\"article:modified_time\" content=\"2020-09-22T13:23:19+00:00\" \/>\n<meta name=\"twitter:card\" content=\"summary_large_image\" \/>\n<meta name=\"twitter:label1\" content=\"Procijenjeno vrijeme \u010ditanja\" \/>\n\t<meta name=\"twitter:data1\" content=\"3 minute\" \/>\n<script type=\"application\/ld+json\" class=\"yoast-schema-graph\">{\"@context\":\"https:\/\/schema.org\",\"@graph\":[{\"@type\":\"WebSite\",\"@id\":\"http:\/\/knjiznice.nsk.hr\/obrovac\/#website\",\"url\":\"http:\/\/knjiznice.nsk.hr\/obrovac\/\",\"name\":\"Pu\\u010dko otvoreno u\\u010dili\\u0161te-Knji\\u017enica i \\u010ditaonica Obrovac\",\"description\":\"\",\"potentialAction\":[{\"@type\":\"SearchAction\",\"target\":\"http:\/\/knjiznice.nsk.hr\/obrovac\/?s={search_term_string}\",\"query-input\":\"required name=search_term_string\"}],\"inLanguage\":\"hr\"},{\"@type\":\"WebPage\",\"@id\":\"http:\/\/knjiznice.nsk.hr\/obrovac\/2020\/09\/18\/izjava-o-pristupacnosti\/#webpage\",\"url\":\"http:\/\/knjiznice.nsk.hr\/obrovac\/2020\/09\/18\/izjava-o-pristupacnosti\/\",\"name\":\"Izjava o pristupa\\u010dnosti - Pu\\u010dko otvoreno u\\u010dili\\u0161te-Knji\\u017enica i \\u010ditaonica Obrovac\",\"isPartOf\":{\"@id\":\"http:\/\/knjiznice.nsk.hr\/obrovac\/#website\"},\"datePublished\":\"2020-09-18T09:23:47+00:00\",\"dateModified\":\"2020-09-22T13:23:19+00:00\",\"author\":{\"@id\":\"http:\/\/knjiznice.nsk.hr\/obrovac\/#\/schema\/person\/28ed387f817d8132e000a337eaae89a2\"},\"breadcrumb\":{\"@id\":\"http:\/\/knjiznice.nsk.hr\/obrovac\/2020\/09\/18\/izjava-o-pristupacnosti\/#breadcrumb\"},\"inLanguage\":\"hr\",\"potentialAction\":[{\"@type\":\"ReadAction\",\"target\":[\"http:\/\/knjiznice.nsk.hr\/obrovac\/2020\/09\/18\/izjava-o-pristupacnosti\/\"]}]},{\"@type\":\"BreadcrumbList\",\"@id\":\"http:\/\/knjiznice.nsk.hr\/obrovac\/2020\/09\/18\/izjava-o-pristupacnosti\/#breadcrumb\",\"itemListElement\":[{\"@type\":\"ListItem\",\"position\":1,\"item\":{\"@type\":\"WebPage\",\"@id\":\"http:\/\/knjiznice.nsk.hr\/obrovac\/\",\"url\":\"http:\/\/knjiznice.nsk.hr\/obrovac\/\",\"name\":\"Po\\u010detna stranica\"}},{\"@type\":\"ListItem\",\"position\":2,\"item\":{\"@id\":\"http:\/\/knjiznice.nsk.hr\/obrovac\/2020\/09\/18\/izjava-o-pristupacnosti\/#webpage\"}}]},{\"@type\":\"Person\",\"@id\":\"http:\/\/knjiznice.nsk.hr\/obrovac\/#\/schema\/person\/28ed387f817d8132e000a337eaae89a2\",\"name\":\"obrovac\",\"image\":{\"@type\":\"ImageObject\",\"@id\":\"http:\/\/knjiznice.nsk.hr\/obrovac\/#personlogo\",\"inLanguage\":\"hr\",\"url\":\"http:\/\/2.gravatar.com\/avatar\/281be2e7e7f272a89209ef9863d01f75?s=96&d=mm&r=g\",\"contentUrl\":\"http:\/\/2.gravatar.com\/avatar\/281be2e7e7f272a89209ef9863d01f75?s=96&d=mm&r=g\",\"caption\":\"obrovac\"},\"url\":\"http:\/\/knjiznice.nsk.hr\/obrovac\/\"}]}<\/script>\n<!-- \/ Yoast SEO plugin. -->","_links":{"self":[{"href":"http:\/\/knjiznice.nsk.hr\/obrovac\/wp-json\/wp\/v2\/posts\/549"}],"collection":[{"href":"http:\/\/knjiznice.nsk.hr\/obrovac\/wp-json\/wp\/v2\/posts"}],"about":[{"href":"http:\/\/knjiznice.nsk.hr\/obrovac\/wp-json\/wp\/v2\/types\/post"}],"author":[{"embeddable":true,"href":"http:\/\/knjiznice.nsk.hr\/obrovac\/wp-json\/wp\/v2\/users\/165"}],"replies":[{"embeddable":true,"href":"http:\/\/knjiznice.nsk.hr\/obrovac\/wp-json\/wp\/v2\/comments?post=549"}],"version-history":[{"count":4,"href":"http:\/\/knjiznice.nsk.hr\/obrovac\/wp-json\/wp\/v2\/posts\/549\/revisions"}],"predecessor-version":[{"id":561,"href":"http:\/\/knjiznice.nsk.hr\/obrovac\/wp-json\/wp\/v2\/posts\/549\/revisions\/561"}],"wp:attachment":[{"href":"http:\/\/knjiznice.nsk.hr\/obrovac\/wp-json\/wp\/v2\/media?parent=549"}],"wp:term":[{"taxonomy":"category","embeddable":true,"href":"http:\/\/knjiznice.nsk.hr\/obrovac\/wp-json\/wp\/v2\/categories?post=549"},{"taxonomy":"post_tag","embeddable":true,"href":"http:\/\/knjiznice.nsk.hr\/obrovac\/wp-json\/wp\/v2\/tags?post=549"}],"curies":[{"name":"wp","href":"https:\/\/api.w.org\/{rel}","templated":true}]}}