{"id":331,"date":"2019-12-23T11:28:38","date_gmt":"2019-12-23T10:28:38","guid":{"rendered":"http:\/\/knjiznice.nsk.hr\/obrovac\/?p=331"},"modified":"2019-12-24T08:50:38","modified_gmt":"2019-12-24T07:50:38","slug":"cestitka-2","status":"publish","type":"post","link":"http:\/\/knjiznice.nsk.hr\/obrovac\/2019\/12\/23\/cestitka-2\/","title":{"rendered":"\u010cestitka"},"content":{"rendered":"<p>Svim na\u0161im dragim \u010dlanovima kao i svim \u017eiteljima Grada Obrovca \u017eelimo \u010cestit Bo\u017ei\u0107 te sretnu i uspje\u0161nu Novu 2020.Godinu!<\/p>\n<!-- index.php -->\n<div\n\tclass=\"ngg-galleryoverview ngg-ajax-pagination-none\"\n\tid=\"ngg-gallery-592270e9d60d79f6b965fb419030dadf-1\">\n\n    \t<div class=\"slideshowlink\">\n        <a href='http:\/\/knjiznice.nsk.hr\/obrovac\/2019\/12\/23\/cestitka-2\/nggallery\/slideshow'>[Show slideshow]<\/a>\n\t\t\n\t<\/div>\n\t\t\t<!-- Thumbnails -->\n\t\t\t\t<div id=\"ngg-image-0\" class=\"ngg-gallery-thumbnail-box\" >\n\t\t\t\t        <div class=\"ngg-gallery-thumbnail\">\n            <a href=\"http:\/\/knjiznice.nsk.hr\/obrovac\/wp-content\/uploads\/sites\/101\/nggallery\/cestitka\/20191223_102538.jpg\"\n               title=\"\"\n               data-src=\"http:\/\/knjiznice.nsk.hr\/obrovac\/wp-content\/uploads\/sites\/101\/nggallery\/cestitka\/20191223_102538.jpg\"\n               data-thumbnail=\"http:\/\/knjiznice.nsk.hr\/obrovac\/wp-content\/uploads\/sites\/101\/nggallery\/cestitka\/thumbs\/thumbs_20191223_102538.jpg\"\n               data-image-id=\"102\"\n               data-title=\"20191223_102538\"\n               data-description=\"\"\n               data-image-slug=\"20191223_102538\"\n               class=\"ngg-fancybox\" rel=\"592270e9d60d79f6b965fb419030dadf\">\n                <img\n                    title=\"20191223_102538\"\n                    alt=\"20191223_102538\"\n                    src=\"http:\/\/knjiznice.nsk.hr\/obrovac\/wp-content\/uploads\/sites\/101\/nggallery\/cestitka\/thumbs\/thumbs_20191223_102538.jpg\"\n                    width=\"240\"\n                    height=\"160\"\n                    style=\"max-width:100%;\"\n                \/>\n            <\/a>\n        <\/div>\n\t\t\t\t\t\t\t<\/div> \n\t\t\t\n        \n\t\t\n\t\t<!-- Pagination -->\n\t<div class='ngg-clear'><\/div>\t<\/div>\n\n","protected":false},"excerpt":{"rendered":"<p>Svim na\u0161im dragim \u010dlanovima kao i svim \u017eiteljima Grada Obrovca \u017eelimo \u010cestit Bo\u017ei\u0107 te sretnu i uspje\u0161nu Novu 2020.Godinu!<\/p>\n","protected":false},"author":165,"featured_media":0,"comment_status":"closed","ping_status":"closed","sticky":false,"template":"","format":"standard","meta":{"ngg_post_thumbnail":0},"categories":[4],"tags":[],"yoast_head":"<!-- This site is optimized with the Yoast SEO plugin v16.4 - https:\/\/yoast.com\/wordpress\/plugins\/seo\/ -->\n<meta name=\"robots\" content=\"index, follow, max-snippet:-1, max-image-preview:large, max-video-preview:-1\" \/>\n<link rel=\"canonical\" href=\"http:\/\/knjiznice.nsk.hr\/obrovac\/2019\/12\/23\/cestitka-2\/\" \/>\n<meta property=\"og:locale\" content=\"hr_HR\" \/>\n<meta property=\"og:type\" content=\"article\" \/>\n<meta property=\"og:title\" content=\"\u010cestitka - Pu\u010dko otvoreno u\u010dili\u0161te-Knji\u017enica i \u010ditaonica Obrovac\" \/>\n<meta property=\"og:description\" content=\"Svim na\u0161im dragim \u010dlanovima kao i svim \u017eiteljima Grada Obrovca \u017eelimo \u010cestit Bo\u017ei\u0107 te sretnu i uspje\u0161nu Novu 2020.Godinu!\" \/>\n<meta property=\"og:url\" content=\"http:\/\/knjiznice.nsk.hr\/obrovac\/2019\/12\/23\/cestitka-2\/\" \/>\n<meta property=\"og:site_name\" content=\"Pu\u010dko otvoreno u\u010dili\u0161te-Knji\u017enica i \u010ditaonica Obrovac\" \/>\n<meta property=\"article:published_time\" content=\"2019-12-23T10:28:38+00:00\" \/>\n<meta property=\"article:modified_time\" content=\"2019-12-24T07:50:38+00:00\" \/>\n<meta name=\"twitter:card\" content=\"summary_large_image\" \/>\n<script type=\"application\/ld+json\" class=\"yoast-schema-graph\">{\"@context\":\"https:\/\/schema.org\",\"@graph\":[{\"@type\":\"WebSite\",\"@id\":\"http:\/\/knjiznice.nsk.hr\/obrovac\/#website\",\"url\":\"http:\/\/knjiznice.nsk.hr\/obrovac\/\",\"name\":\"Pu\\u010dko otvoreno u\\u010dili\\u0161te-Knji\\u017enica i \\u010ditaonica Obrovac\",\"description\":\"\",\"potentialAction\":[{\"@type\":\"SearchAction\",\"target\":\"http:\/\/knjiznice.nsk.hr\/obrovac\/?s={search_term_string}\",\"query-input\":\"required name=search_term_string\"}],\"inLanguage\":\"hr\"},{\"@type\":\"WebPage\",\"@id\":\"http:\/\/knjiznice.nsk.hr\/obrovac\/2019\/12\/23\/cestitka-2\/#webpage\",\"url\":\"http:\/\/knjiznice.nsk.hr\/obrovac\/2019\/12\/23\/cestitka-2\/\",\"name\":\"\\u010cestitka - Pu\\u010dko otvoreno u\\u010dili\\u0161te-Knji\\u017enica i \\u010ditaonica Obrovac\",\"isPartOf\":{\"@id\":\"http:\/\/knjiznice.nsk.hr\/obrovac\/#website\"},\"datePublished\":\"2019-12-23T10:28:38+00:00\",\"dateModified\":\"2019-12-24T07:50:38+00:00\",\"author\":{\"@id\":\"http:\/\/knjiznice.nsk.hr\/obrovac\/#\/schema\/person\/28ed387f817d8132e000a337eaae89a2\"},\"breadcrumb\":{\"@id\":\"http:\/\/knjiznice.nsk.hr\/obrovac\/2019\/12\/23\/cestitka-2\/#breadcrumb\"},\"inLanguage\":\"hr\",\"potentialAction\":[{\"@type\":\"ReadAction\",\"target\":[\"http:\/\/knjiznice.nsk.hr\/obrovac\/2019\/12\/23\/cestitka-2\/\"]}]},{\"@type\":\"BreadcrumbList\",\"@id\":\"http:\/\/knjiznice.nsk.hr\/obrovac\/2019\/12\/23\/cestitka-2\/#breadcrumb\",\"itemListElement\":[{\"@type\":\"ListItem\",\"position\":1,\"item\":{\"@type\":\"WebPage\",\"@id\":\"http:\/\/knjiznice.nsk.hr\/obrovac\/\",\"url\":\"http:\/\/knjiznice.nsk.hr\/obrovac\/\",\"name\":\"Po\\u010detna stranica\"}},{\"@type\":\"ListItem\",\"position\":2,\"item\":{\"@id\":\"http:\/\/knjiznice.nsk.hr\/obrovac\/2019\/12\/23\/cestitka-2\/#webpage\"}}]},{\"@type\":\"Person\",\"@id\":\"http:\/\/knjiznice.nsk.hr\/obrovac\/#\/schema\/person\/28ed387f817d8132e000a337eaae89a2\",\"name\":\"obrovac\",\"image\":{\"@type\":\"ImageObject\",\"@id\":\"http:\/\/knjiznice.nsk.hr\/obrovac\/#personlogo\",\"inLanguage\":\"hr\",\"url\":\"http:\/\/2.gravatar.com\/avatar\/281be2e7e7f272a89209ef9863d01f75?s=96&d=mm&r=g\",\"contentUrl\":\"http:\/\/2.gravatar.com\/avatar\/281be2e7e7f272a89209ef9863d01f75?s=96&d=mm&r=g\",\"caption\":\"obrovac\"},\"url\":\"http:\/\/knjiznice.nsk.hr\/obrovac\/\"}]}<\/script>\n<!-- \/ Yoast SEO plugin. -->","_links":{"self":[{"href":"http:\/\/knjiznice.nsk.hr\/obrovac\/wp-json\/wp\/v2\/posts\/331"}],"collection":[{"href":"http:\/\/knjiznice.nsk.hr\/obrovac\/wp-json\/wp\/v2\/posts"}],"about":[{"href":"http:\/\/knjiznice.nsk.hr\/obrovac\/wp-json\/wp\/v2\/types\/post"}],"author":[{"embeddable":true,"href":"http:\/\/knjiznice.nsk.hr\/obrovac\/wp-json\/wp\/v2\/users\/165"}],"replies":[{"embeddable":true,"href":"http:\/\/knjiznice.nsk.hr\/obrovac\/wp-json\/wp\/v2\/comments?post=331"}],"version-history":[{"count":6,"href":"http:\/\/knjiznice.nsk.hr\/obrovac\/wp-json\/wp\/v2\/posts\/331\/revisions"}],"predecessor-version":[{"id":347,"href":"http:\/\/knjiznice.nsk.hr\/obrovac\/wp-json\/wp\/v2\/posts\/331\/revisions\/347"}],"wp:attachment":[{"href":"http:\/\/knjiznice.nsk.hr\/obrovac\/wp-json\/wp\/v2\/media?parent=331"}],"wp:term":[{"taxonomy":"category","embeddable":true,"href":"http:\/\/knjiznice.nsk.hr\/obrovac\/wp-json\/wp\/v2\/categories?post=331"},{"taxonomy":"post_tag","embeddable":true,"href":"http:\/\/knjiznice.nsk.hr\/obrovac\/wp-json\/wp\/v2\/tags?post=331"}],"curies":[{"name":"wp","href":"https:\/\/api.w.org\/{rel}","templated":true}]}}