{"id":231,"date":"2020-12-31T07:18:58","date_gmt":"2020-12-31T07:18:58","guid":{"rendered":"http:\/\/knjiznice.nsk.hr\/nustar\/?p=231"},"modified":"2020-12-31T07:18:58","modified_gmt":"2020-12-31T07:18:58","slug":"blagdansko-radno-vrijeme","status":"publish","type":"post","link":"http:\/\/knjiznice.nsk.hr\/nustar\/blagdansko-radno-vrijeme\/","title":{"rendered":"Blagdansko radno vrijeme"},"content":{"rendered":"<p><strong>31. prosinca (Silvestrovo) \u2013 8:00 \u2013 12:00<\/strong><\/p>\n","protected":false},"excerpt":{"rendered":"<p>31. prosinca (Silvestrovo) \u2013 8:00 \u2013 12:00<\/p>\n","protected":false},"author":100,"featured_media":0,"comment_status":"closed","ping_status":"closed","sticky":false,"template":"","format":"standard","meta":{"ngg_post_thumbnail":0},"categories":[1],"tags":[],"yoast_head":"<!-- This site is optimized with the Yoast SEO plugin v16.4 - https:\/\/yoast.com\/wordpress\/plugins\/seo\/ -->\n<meta name=\"robots\" content=\"index, follow, max-snippet:-1, max-image-preview:large, max-video-preview:-1\" \/>\n<link rel=\"canonical\" href=\"http:\/\/knjiznice.nsk.hr\/nustar\/blagdansko-radno-vrijeme\/\" \/>\n<meta property=\"og:locale\" content=\"hr_HR\" \/>\n<meta property=\"og:type\" content=\"article\" \/>\n<meta property=\"og:title\" content=\"Blagdansko radno vrijeme - Narodna knji\u017enica i \u010ditaonica sv. Benedikta Nu\u0161tar\" \/>\n<meta property=\"og:description\" content=\"31. prosinca (Silvestrovo) \u2013 8:00 \u2013 12:00\" \/>\n<meta property=\"og:url\" content=\"http:\/\/knjiznice.nsk.hr\/nustar\/blagdansko-radno-vrijeme\/\" \/>\n<meta property=\"og:site_name\" content=\"Narodna knji\u017enica i \u010ditaonica sv. Benedikta Nu\u0161tar\" \/>\n<meta property=\"article:published_time\" content=\"2020-12-31T07:18:58+00:00\" \/>\n<script type=\"application\/ld+json\" class=\"yoast-schema-graph\">{\"@context\":\"https:\/\/schema.org\",\"@graph\":[{\"@type\":\"WebSite\",\"@id\":\"https:\/\/knjiznice.nsk.hr\/nustar\/#website\",\"url\":\"https:\/\/knjiznice.nsk.hr\/nustar\/\",\"name\":\"Narodna knji\\u017enica i \\u010ditaonica sv. Benedikta Nu\\u0161tar\",\"description\":\"\",\"potentialAction\":[{\"@type\":\"SearchAction\",\"target\":\"https:\/\/knjiznice.nsk.hr\/nustar\/?s={search_term_string}\",\"query-input\":\"required name=search_term_string\"}],\"inLanguage\":\"hr\"},{\"@type\":\"WebPage\",\"@id\":\"http:\/\/knjiznice.nsk.hr\/nustar\/blagdansko-radno-vrijeme\/#webpage\",\"url\":\"http:\/\/knjiznice.nsk.hr\/nustar\/blagdansko-radno-vrijeme\/\",\"name\":\"Blagdansko radno vrijeme - Narodna knji\\u017enica i \\u010ditaonica sv. Benedikta Nu\\u0161tar\",\"isPartOf\":{\"@id\":\"https:\/\/knjiznice.nsk.hr\/nustar\/#website\"},\"datePublished\":\"2020-12-31T07:18:58+00:00\",\"dateModified\":\"2020-12-31T07:18:58+00:00\",\"author\":{\"@id\":\"https:\/\/knjiznice.nsk.hr\/nustar\/#\/schema\/person\/3f49599c3f0f8a9274200b94c4808918\"},\"breadcrumb\":{\"@id\":\"http:\/\/knjiznice.nsk.hr\/nustar\/blagdansko-radno-vrijeme\/#breadcrumb\"},\"inLanguage\":\"hr\",\"potentialAction\":[{\"@type\":\"ReadAction\",\"target\":[\"http:\/\/knjiznice.nsk.hr\/nustar\/blagdansko-radno-vrijeme\/\"]}]},{\"@type\":\"BreadcrumbList\",\"@id\":\"http:\/\/knjiznice.nsk.hr\/nustar\/blagdansko-radno-vrijeme\/#breadcrumb\",\"itemListElement\":[{\"@type\":\"ListItem\",\"position\":1,\"item\":{\"@type\":\"WebPage\",\"@id\":\"https:\/\/knjiznice.nsk.hr\/nustar\/\",\"url\":\"https:\/\/knjiznice.nsk.hr\/nustar\/\",\"name\":\"Po\\u010detna stranica\"}},{\"@type\":\"ListItem\",\"position\":2,\"item\":{\"@id\":\"http:\/\/knjiznice.nsk.hr\/nustar\/blagdansko-radno-vrijeme\/#webpage\"}}]},{\"@type\":\"Person\",\"@id\":\"https:\/\/knjiznice.nsk.hr\/nustar\/#\/schema\/person\/3f49599c3f0f8a9274200b94c4808918\",\"name\":\"nustar\",\"image\":{\"@type\":\"ImageObject\",\"@id\":\"https:\/\/knjiznice.nsk.hr\/nustar\/#personlogo\",\"inLanguage\":\"hr\",\"url\":\"http:\/\/0.gravatar.com\/avatar\/c11bc27e29ae5e9ae62782851dafd55b?s=96&d=mm&r=g\",\"contentUrl\":\"http:\/\/0.gravatar.com\/avatar\/c11bc27e29ae5e9ae62782851dafd55b?s=96&d=mm&r=g\",\"caption\":\"nustar\"},\"url\":\"http:\/\/knjiznice.nsk.hr\/nustar\/\"}]}<\/script>\n<!-- \/ Yoast SEO plugin. -->","_links":{"self":[{"href":"http:\/\/knjiznice.nsk.hr\/nustar\/wp-json\/wp\/v2\/posts\/231"}],"collection":[{"href":"http:\/\/knjiznice.nsk.hr\/nustar\/wp-json\/wp\/v2\/posts"}],"about":[{"href":"http:\/\/knjiznice.nsk.hr\/nustar\/wp-json\/wp\/v2\/types\/post"}],"author":[{"embeddable":true,"href":"http:\/\/knjiznice.nsk.hr\/nustar\/wp-json\/wp\/v2\/users\/100"}],"replies":[{"embeddable":true,"href":"http:\/\/knjiznice.nsk.hr\/nustar\/wp-json\/wp\/v2\/comments?post=231"}],"version-history":[{"count":1,"href":"http:\/\/knjiznice.nsk.hr\/nustar\/wp-json\/wp\/v2\/posts\/231\/revisions"}],"predecessor-version":[{"id":232,"href":"http:\/\/knjiznice.nsk.hr\/nustar\/wp-json\/wp\/v2\/posts\/231\/revisions\/232"}],"wp:attachment":[{"href":"http:\/\/knjiznice.nsk.hr\/nustar\/wp-json\/wp\/v2\/media?parent=231"}],"wp:term":[{"taxonomy":"category","embeddable":true,"href":"http:\/\/knjiznice.nsk.hr\/nustar\/wp-json\/wp\/v2\/categories?post=231"},{"taxonomy":"post_tag","embeddable":true,"href":"http:\/\/knjiznice.nsk.hr\/nustar\/wp-json\/wp\/v2\/tags?post=231"}],"curies":[{"name":"wp","href":"https:\/\/api.w.org\/{rel}","templated":true}]}}