{"id":161,"date":"2020-02-19T13:09:46","date_gmt":"2020-02-19T13:09:46","guid":{"rendered":"http:\/\/knjiznice.nsk.hr\/nustar\/?p=161"},"modified":"2020-02-19T13:09:46","modified_gmt":"2020-02-19T13:09:46","slug":"predstavljanje-knjige","status":"publish","type":"post","link":"http:\/\/knjiznice.nsk.hr\/nustar\/predstavljanje-knjige\/","title":{"rendered":"Predstavljanje knjige"},"content":{"rendered":"<p style=\"text-align: center\"><a href=\"http:\/\/knjiznice.nsk.hr\/nustar\/wp-content\/uploads\/sites\/84\/2020\/02\/img20200206_16301431-1-scaled.jpg\"><img loading=\"lazy\" class=\" wp-image-159 alignleft\" src=\"http:\/\/knjiznice.nsk.hr\/nustar\/wp-content\/uploads\/sites\/84\/2020\/02\/img20200206_16301431-1-300x300.jpg\" alt=\"\" width=\"252\" height=\"252\" srcset=\"http:\/\/knjiznice.nsk.hr\/nustar\/wp-content\/uploads\/sites\/84\/2020\/02\/img20200206_16301431-1-300x300.jpg 300w, http:\/\/knjiznice.nsk.hr\/nustar\/wp-content\/uploads\/sites\/84\/2020\/02\/img20200206_16301431-1-1024x1020.jpg 1024w, http:\/\/knjiznice.nsk.hr\/nustar\/wp-content\/uploads\/sites\/84\/2020\/02\/img20200206_16301431-1-150x150.jpg 150w, http:\/\/knjiznice.nsk.hr\/nustar\/wp-content\/uploads\/sites\/84\/2020\/02\/img20200206_16301431-1-768x765.jpg 768w, http:\/\/knjiznice.nsk.hr\/nustar\/wp-content\/uploads\/sites\/84\/2020\/02\/img20200206_16301431-1-600x597.jpg 600w, http:\/\/knjiznice.nsk.hr\/nustar\/wp-content\/uploads\/sites\/84\/2020\/02\/img20200206_16301431-1-1536x1530.jpg 1536w, http:\/\/knjiznice.nsk.hr\/nustar\/wp-content\/uploads\/sites\/84\/2020\/02\/img20200206_16301431-1-2048x2039.jpg 2048w, http:\/\/knjiznice.nsk.hr\/nustar\/wp-content\/uploads\/sites\/84\/2020\/02\/img20200206_16301431-1-624x621.jpg 624w\" sizes=\"(max-width: 252px) 100vw, 252px\" \/><\/a>Pozivamo Vas na predstavljanje knjige<\/p>\n<p style=\"text-align: center\"><strong>Mare Majstorovi\u0107<\/strong><\/p>\n<p style=\"text-align: center\"><strong><em>Svjetlosna godina<\/em><\/strong><\/p>\n<p style=\"text-align: center\">Predstavljanje je organizirano u suradnji s Udrugom &#8220;Budi uz mene&#8221;.<\/p>\n<p style=\"text-align: center\">\u010detvrtak, 27. velja\u010de 2020. godine, 17:30 sati<\/p>\n","protected":false},"excerpt":{"rendered":"<p>Pozivamo Vas na predstavljanje knjige Mare Majstorovi\u0107 Svjetlosna godina Predstavljanje je organizirano u suradnji s Udrugom &#8220;Budi uz mene&#8221;. \u010detvrtak, 27. velja\u010de 2020. godine, 17:30 sati<\/p>\n","protected":false},"author":100,"featured_media":0,"comment_status":"closed","ping_status":"closed","sticky":false,"template":"","format":"standard","meta":{"ngg_post_thumbnail":0},"categories":[1],"tags":[],"yoast_head":"<!-- This site is optimized with the Yoast SEO plugin v16.4 - https:\/\/yoast.com\/wordpress\/plugins\/seo\/ -->\n<meta name=\"robots\" content=\"index, follow, max-snippet:-1, max-image-preview:large, max-video-preview:-1\" \/>\n<link rel=\"canonical\" href=\"http:\/\/knjiznice.nsk.hr\/nustar\/predstavljanje-knjige\/\" \/>\n<meta property=\"og:locale\" content=\"hr_HR\" \/>\n<meta property=\"og:type\" content=\"article\" \/>\n<meta property=\"og:title\" content=\"Predstavljanje knjige - Narodna knji\u017enica i \u010ditaonica sv. Benedikta Nu\u0161tar\" \/>\n<meta property=\"og:description\" content=\"Pozivamo Vas na predstavljanje knjige Mare Majstorovi\u0107 Svjetlosna godina Predstavljanje je organizirano u suradnji s Udrugom &#8220;Budi uz mene&#8221;. \u010detvrtak, 27. velja\u010de 2020. godine, 17:30 sati\" \/>\n<meta property=\"og:url\" content=\"http:\/\/knjiznice.nsk.hr\/nustar\/predstavljanje-knjige\/\" \/>\n<meta property=\"og:site_name\" content=\"Narodna knji\u017enica i \u010ditaonica sv. Benedikta Nu\u0161tar\" \/>\n<meta property=\"article:published_time\" content=\"2020-02-19T13:09:46+00:00\" \/>\n<meta property=\"og:image\" content=\"http:\/\/knjiznice.nsk.hr\/nustar\/wp-content\/uploads\/sites\/84\/2020\/02\/img20200206_16301431-1-300x300.jpg\" \/>\n<script type=\"application\/ld+json\" class=\"yoast-schema-graph\">{\"@context\":\"https:\/\/schema.org\",\"@graph\":[{\"@type\":\"WebSite\",\"@id\":\"https:\/\/knjiznice.nsk.hr\/nustar\/#website\",\"url\":\"https:\/\/knjiznice.nsk.hr\/nustar\/\",\"name\":\"Narodna knji\\u017enica i \\u010ditaonica sv. Benedikta Nu\\u0161tar\",\"description\":\"\",\"potentialAction\":[{\"@type\":\"SearchAction\",\"target\":\"https:\/\/knjiznice.nsk.hr\/nustar\/?s={search_term_string}\",\"query-input\":\"required name=search_term_string\"}],\"inLanguage\":\"hr\"},{\"@type\":\"ImageObject\",\"@id\":\"http:\/\/knjiznice.nsk.hr\/nustar\/predstavljanje-knjige\/#primaryimage\",\"inLanguage\":\"hr\",\"url\":\"http:\/\/knjiznice.nsk.hr\/nustar\/wp-content\/uploads\/sites\/84\/2020\/02\/img20200206_16301431-1-300x300.jpg\",\"contentUrl\":\"http:\/\/knjiznice.nsk.hr\/nustar\/wp-content\/uploads\/sites\/84\/2020\/02\/img20200206_16301431-1-300x300.jpg\"},{\"@type\":\"WebPage\",\"@id\":\"http:\/\/knjiznice.nsk.hr\/nustar\/predstavljanje-knjige\/#webpage\",\"url\":\"http:\/\/knjiznice.nsk.hr\/nustar\/predstavljanje-knjige\/\",\"name\":\"Predstavljanje knjige - Narodna knji\\u017enica i \\u010ditaonica sv. Benedikta Nu\\u0161tar\",\"isPartOf\":{\"@id\":\"https:\/\/knjiznice.nsk.hr\/nustar\/#website\"},\"primaryImageOfPage\":{\"@id\":\"http:\/\/knjiznice.nsk.hr\/nustar\/predstavljanje-knjige\/#primaryimage\"},\"datePublished\":\"2020-02-19T13:09:46+00:00\",\"dateModified\":\"2020-02-19T13:09:46+00:00\",\"author\":{\"@id\":\"https:\/\/knjiznice.nsk.hr\/nustar\/#\/schema\/person\/3f49599c3f0f8a9274200b94c4808918\"},\"breadcrumb\":{\"@id\":\"http:\/\/knjiznice.nsk.hr\/nustar\/predstavljanje-knjige\/#breadcrumb\"},\"inLanguage\":\"hr\",\"potentialAction\":[{\"@type\":\"ReadAction\",\"target\":[\"http:\/\/knjiznice.nsk.hr\/nustar\/predstavljanje-knjige\/\"]}]},{\"@type\":\"BreadcrumbList\",\"@id\":\"http:\/\/knjiznice.nsk.hr\/nustar\/predstavljanje-knjige\/#breadcrumb\",\"itemListElement\":[{\"@type\":\"ListItem\",\"position\":1,\"item\":{\"@type\":\"WebPage\",\"@id\":\"https:\/\/knjiznice.nsk.hr\/nustar\/\",\"url\":\"https:\/\/knjiznice.nsk.hr\/nustar\/\",\"name\":\"Po\\u010detna stranica\"}},{\"@type\":\"ListItem\",\"position\":2,\"item\":{\"@id\":\"http:\/\/knjiznice.nsk.hr\/nustar\/predstavljanje-knjige\/#webpage\"}}]},{\"@type\":\"Person\",\"@id\":\"https:\/\/knjiznice.nsk.hr\/nustar\/#\/schema\/person\/3f49599c3f0f8a9274200b94c4808918\",\"name\":\"nustar\",\"image\":{\"@type\":\"ImageObject\",\"@id\":\"https:\/\/knjiznice.nsk.hr\/nustar\/#personlogo\",\"inLanguage\":\"hr\",\"url\":\"http:\/\/0.gravatar.com\/avatar\/c11bc27e29ae5e9ae62782851dafd55b?s=96&d=mm&r=g\",\"contentUrl\":\"http:\/\/0.gravatar.com\/avatar\/c11bc27e29ae5e9ae62782851dafd55b?s=96&d=mm&r=g\",\"caption\":\"nustar\"},\"url\":\"http:\/\/knjiznice.nsk.hr\/nustar\/\"}]}<\/script>\n<!-- \/ Yoast SEO plugin. -->","_links":{"self":[{"href":"http:\/\/knjiznice.nsk.hr\/nustar\/wp-json\/wp\/v2\/posts\/161"}],"collection":[{"href":"http:\/\/knjiznice.nsk.hr\/nustar\/wp-json\/wp\/v2\/posts"}],"about":[{"href":"http:\/\/knjiznice.nsk.hr\/nustar\/wp-json\/wp\/v2\/types\/post"}],"author":[{"embeddable":true,"href":"http:\/\/knjiznice.nsk.hr\/nustar\/wp-json\/wp\/v2\/users\/100"}],"replies":[{"embeddable":true,"href":"http:\/\/knjiznice.nsk.hr\/nustar\/wp-json\/wp\/v2\/comments?post=161"}],"version-history":[{"count":1,"href":"http:\/\/knjiznice.nsk.hr\/nustar\/wp-json\/wp\/v2\/posts\/161\/revisions"}],"predecessor-version":[{"id":162,"href":"http:\/\/knjiznice.nsk.hr\/nustar\/wp-json\/wp\/v2\/posts\/161\/revisions\/162"}],"wp:attachment":[{"href":"http:\/\/knjiznice.nsk.hr\/nustar\/wp-json\/wp\/v2\/media?parent=161"}],"wp:term":[{"taxonomy":"category","embeddable":true,"href":"http:\/\/knjiznice.nsk.hr\/nustar\/wp-json\/wp\/v2\/categories?post=161"},{"taxonomy":"post_tag","embeddable":true,"href":"http:\/\/knjiznice.nsk.hr\/nustar\/wp-json\/wp\/v2\/tags?post=161"}],"curies":[{"name":"wp","href":"https:\/\/api.w.org\/{rel}","templated":true}]}}