{"id":1,"date":"2013-10-02T07:42:10","date_gmt":"2013-10-02T07:42:10","guid":{"rendered":"http:\/\/knjiznice.nsk.hr\/nasice\/?p=1"},"modified":"2013-10-02T07:42:10","modified_gmt":"2013-10-02T07:42:10","slug":"dan-svijete","status":"publish","type":"post","link":"http:\/\/knjiznice.nsk.hr\/nasice\/2013\/10\/02\/dan-svijete\/","title":{"rendered":"Dobar dan, svijete!"},"content":{"rendered":"<p>Dobrodo\u0161li u <a href=\"http:\/\/knjiznice.nsk.hr\/\">Sredi\u0161nji sustav za upravljanje sadr\u017eajem internetskih stranica narodnih knji\u017enica Web stranica<\/a>. Ovo je va\u0161 prvi post. Uredite ga ili izbri\u0161ite, a potom krenite s bloganjem!<\/p>\n","protected":false},"excerpt":{"rendered":"<p>Dobrodo\u0161li u Sredi\u0161nji sustav za upravljanje sadr\u017eajem internetskih stranica narodnih knji\u017enica Web stranica. Ovo je va\u0161 prvi post. Uredite ga ili izbri\u0161ite, a potom krenite s bloganjem!<\/p>\n","protected":false},"author":34,"featured_media":0,"comment_status":"open","ping_status":"open","sticky":false,"template":"","format":"standard","meta":{"ngg_post_thumbnail":0},"categories":[1],"tags":[],"yoast_head":"<!-- This site is optimized with the Yoast SEO plugin v16.4 - https:\/\/yoast.com\/wordpress\/plugins\/seo\/ -->\n<meta name=\"robots\" content=\"index, follow, max-snippet:-1, max-image-preview:large, max-video-preview:-1\" \/>\n<link rel=\"canonical\" href=\"http:\/\/knjiznice.nsk.hr\/nasice\/2013\/10\/02\/dan-svijete\/\" \/>\n<meta property=\"og:locale\" content=\"hr_HR\" \/>\n<meta property=\"og:type\" content=\"article\" \/>\n<meta property=\"og:title\" content=\"Dobar dan, svijete! - Hrvatska narodna knji\u017enica i \u010ditaonica Na\u0161ice\" \/>\n<meta property=\"og:description\" content=\"Dobrodo\u0161li u Sredi\u0161nji sustav za upravljanje sadr\u017eajem internetskih stranica narodnih knji\u017enica Web stranica. Ovo je va\u0161 prvi post. Uredite ga ili izbri\u0161ite, a potom krenite s bloganjem!\" \/>\n<meta property=\"og:url\" content=\"http:\/\/knjiznice.nsk.hr\/nasice\/2013\/10\/02\/dan-svijete\/\" \/>\n<meta property=\"og:site_name\" content=\"Hrvatska narodna knji\u017enica i \u010ditaonica Na\u0161ice\" \/>\n<meta property=\"article:published_time\" content=\"2013-10-02T07:42:10+00:00\" \/>\n<script type=\"application\/ld+json\" class=\"yoast-schema-graph\">{\"@context\":\"https:\/\/schema.org\",\"@graph\":[{\"@type\":\"WebSite\",\"@id\":\"http:\/\/knjiznice.nsk.hr\/nasice\/#website\",\"url\":\"http:\/\/knjiznice.nsk.hr\/nasice\/\",\"name\":\"Hrvatska narodna knji\\u017enica i \\u010ditaonica Na\\u0161ice\",\"description\":\"Samo jo\\u0161 jedna Sredi\\u0161nji sustav za upravljanje sadr\\u017eajem internetskih stranica narodnih knji\\u017enica Web stranica web stranica\",\"potentialAction\":[{\"@type\":\"SearchAction\",\"target\":\"http:\/\/knjiznice.nsk.hr\/nasice\/?s={search_term_string}\",\"query-input\":\"required name=search_term_string\"}],\"inLanguage\":\"hr\"},{\"@type\":\"WebPage\",\"@id\":\"http:\/\/knjiznice.nsk.hr\/nasice\/2013\/10\/02\/dan-svijete\/#webpage\",\"url\":\"http:\/\/knjiznice.nsk.hr\/nasice\/2013\/10\/02\/dan-svijete\/\",\"name\":\"Dobar dan, svijete! - Hrvatska narodna knji\\u017enica i \\u010ditaonica Na\\u0161ice\",\"isPartOf\":{\"@id\":\"http:\/\/knjiznice.nsk.hr\/nasice\/#website\"},\"datePublished\":\"2013-10-02T07:42:10+00:00\",\"dateModified\":\"2013-10-02T07:42:10+00:00\",\"author\":{\"@id\":\"http:\/\/knjiznice.nsk.hr\/nasice\/#\/schema\/person\/315e37a82e4274a7e4c541214a65006e\"},\"breadcrumb\":{\"@id\":\"http:\/\/knjiznice.nsk.hr\/nasice\/2013\/10\/02\/dan-svijete\/#breadcrumb\"},\"inLanguage\":\"hr\",\"potentialAction\":[{\"@type\":\"ReadAction\",\"target\":[\"http:\/\/knjiznice.nsk.hr\/nasice\/2013\/10\/02\/dan-svijete\/\"]}]},{\"@type\":\"BreadcrumbList\",\"@id\":\"http:\/\/knjiznice.nsk.hr\/nasice\/2013\/10\/02\/dan-svijete\/#breadcrumb\",\"itemListElement\":[{\"@type\":\"ListItem\",\"position\":1,\"item\":{\"@type\":\"WebPage\",\"@id\":\"http:\/\/knjiznice.nsk.hr\/nasice\/\",\"url\":\"http:\/\/knjiznice.nsk.hr\/nasice\/\",\"name\":\"Po\\u010detna stranica\"}},{\"@type\":\"ListItem\",\"position\":2,\"item\":{\"@id\":\"http:\/\/knjiznice.nsk.hr\/nasice\/2013\/10\/02\/dan-svijete\/#webpage\"}}]},{\"@type\":\"Person\",\"@id\":\"http:\/\/knjiznice.nsk.hr\/nasice\/#\/schema\/person\/315e37a82e4274a7e4c541214a65006e\",\"name\":\"Filip Lon\\u010dar\",\"image\":{\"@type\":\"ImageObject\",\"@id\":\"http:\/\/knjiznice.nsk.hr\/nasice\/#personlogo\",\"inLanguage\":\"hr\",\"url\":\"http:\/\/2.gravatar.com\/avatar\/88f82d4282f71a8cdcb47b662ce8628e?s=96&d=mm&r=g\",\"contentUrl\":\"http:\/\/2.gravatar.com\/avatar\/88f82d4282f71a8cdcb47b662ce8628e?s=96&d=mm&r=g\",\"caption\":\"Filip Lon\\u010dar\"},\"url\":\"http:\/\/knjiznice.nsk.hr\/nasice\/\"}]}<\/script>\n<!-- \/ Yoast SEO plugin. -->","_links":{"self":[{"href":"http:\/\/knjiznice.nsk.hr\/nasice\/wp-json\/wp\/v2\/posts\/1"}],"collection":[{"href":"http:\/\/knjiznice.nsk.hr\/nasice\/wp-json\/wp\/v2\/posts"}],"about":[{"href":"http:\/\/knjiznice.nsk.hr\/nasice\/wp-json\/wp\/v2\/types\/post"}],"author":[{"embeddable":true,"href":"http:\/\/knjiznice.nsk.hr\/nasice\/wp-json\/wp\/v2\/users\/34"}],"replies":[{"embeddable":true,"href":"http:\/\/knjiznice.nsk.hr\/nasice\/wp-json\/wp\/v2\/comments?post=1"}],"version-history":[{"count":0,"href":"http:\/\/knjiznice.nsk.hr\/nasice\/wp-json\/wp\/v2\/posts\/1\/revisions"}],"wp:attachment":[{"href":"http:\/\/knjiznice.nsk.hr\/nasice\/wp-json\/wp\/v2\/media?parent=1"}],"wp:term":[{"taxonomy":"category","embeddable":true,"href":"http:\/\/knjiznice.nsk.hr\/nasice\/wp-json\/wp\/v2\/categories?post=1"},{"taxonomy":"post_tag","embeddable":true,"href":"http:\/\/knjiznice.nsk.hr\/nasice\/wp-json\/wp\/v2\/tags?post=1"}],"curies":[{"name":"wp","href":"https:\/\/api.w.org\/{rel}","templated":true}]}}