{"id":2913,"date":"2025-10-15T08:00:41","date_gmt":"2025-10-15T08:00:41","guid":{"rendered":"http:\/\/knjiznice.nsk.hr\/lepoglava\/?p=2913"},"modified":"2025-10-15T11:39:59","modified_gmt":"2025-10-15T11:39:59","slug":"napisi-mi-stih","status":"publish","type":"post","link":"http:\/\/knjiznice.nsk.hr\/lepoglava\/2025\/10\/15\/napisi-mi-stih\/","title":{"rendered":"Napi\u0161i mi stih&#8230;"},"content":{"rendered":"<div class=\"xdj266r x14z9mp xat24cr x1lziwak x1vvkbs x126k92a\">\n<div dir=\"auto\"><a href=\"https:\/\/mhk.hr\/\"><span class=\"html-span xexx8yu xyri2b x18d9i69 x1c1uobl x1hl2dhg x16tdsg8 x1vvkbs x3nfvp2 x1j61x8r x1fcty0u xdj266r xat24cr xm2jcoa x1mpyi22 xxymvpz xlup9mm x1kky2od\">Mjesec hrvatske knjige <\/span><\/a>i slu\u017ebeno je zapo\u010deo, a u na\u0161oj knji\u017enici svi se rado kreativno izra\u017eavamo.<\/div>\n<\/div>\n<div class=\"x14z9mp xat24cr x1lziwak x1vvkbs xtlvy1s x126k92a\">\n<div dir=\"auto\">Kako bismo tu kreativnost i dalje njegovali u na\u0161oj je knji\u017enici postavljena na\u0161a stara \u0161tampa\u010da ma\u0161ina, a s ciljem da na\u0161i \u010dlanovi, korisnici, ali i slu\u010dajni prolaznici izraze svoje misli, osje\u0107aje, doga\u0111aje, \u017eelje, \u010de\u017enje, ljubavi &#8230;<\/div>\n<\/div>\n<div class=\"x14z9mp xat24cr x1lziwak x1vvkbs xtlvy1s x126k92a\">\n<div dir=\"auto\">&nbsp;<\/div>\n<div dir=\"auto\">Napi\u0161i mi stih, pjesmu, kratku pri\u010du&#8230; <span class=\"html-span xexx8yu xyri2b x18d9i69 x1c1uobl x1hl2dhg x16tdsg8 x1vvkbs x3nfvp2 x1j61x8r x1fcty0u xdj266r xat24cr xm2jcoa x1mpyi22 xxymvpz xlup9mm x1kky2od\"><img loading=\"lazy\" class=\"xz74otr x15mokao x1ga7v0g x16uus16 xbiv7yw\" src=\"https:\/\/static.xx.fbcdn.net\/images\/emoji.php\/v9\/tc5\/1\/16\/1f90d.png\" alt=\"&#x1f90d;\" width=\"16\" height=\"16\"><\/span><\/div>\n<div dir=\"auto\"><a href=\"http:\/\/knjiznice.nsk.hr\/lepoglava\/napisi-mi-stih\/\"><img loading=\"lazy\" class=\"alignnone size-medium wp-image-2912\" src=\"http:\/\/knjiznice.nsk.hr\/lepoglava\/wp-content\/uploads\/sites\/22\/2025\/10\/Napisi-mi-stih-274x300.jpg\" alt=\"\" width=\"274\" height=\"300\" srcset=\"http:\/\/knjiznice.nsk.hr\/lepoglava\/wp-content\/uploads\/sites\/22\/2025\/10\/Napisi-mi-stih-274x300.jpg 274w, http:\/\/knjiznice.nsk.hr\/lepoglava\/wp-content\/uploads\/sites\/22\/2025\/10\/Napisi-mi-stih-768x841.jpg 768w, http:\/\/knjiznice.nsk.hr\/lepoglava\/wp-content\/uploads\/sites\/22\/2025\/10\/Napisi-mi-stih-600x657.jpg 600w, http:\/\/knjiznice.nsk.hr\/lepoglava\/wp-content\/uploads\/sites\/22\/2025\/10\/Napisi-mi-stih.jpg 808w\" sizes=\"(max-width: 274px) 100vw, 274px\" \/><\/a> <a href=\"http:\/\/knjiznice.nsk.hr\/lepoglava\/img_0207\/\"><img loading=\"lazy\" class=\"alignnone size-medium wp-image-2910\" src=\"http:\/\/knjiznice.nsk.hr\/lepoglava\/wp-content\/uploads\/sites\/22\/2025\/10\/IMG_0207-225x300.jpg\" alt=\"\" width=\"225\" height=\"300\" srcset=\"http:\/\/knjiznice.nsk.hr\/lepoglava\/wp-content\/uploads\/sites\/22\/2025\/10\/IMG_0207-225x300.jpg 225w, http:\/\/knjiznice.nsk.hr\/lepoglava\/wp-content\/uploads\/sites\/22\/2025\/10\/IMG_0207-rotated.jpg 480w\" sizes=\"(max-width: 225px) 100vw, 225px\" \/><\/a> <a href=\"http:\/\/knjiznice.nsk.hr\/lepoglava\/img_0208\/\"><img loading=\"lazy\" class=\"alignnone size-medium wp-image-2911\" src=\"http:\/\/knjiznice.nsk.hr\/lepoglava\/wp-content\/uploads\/sites\/22\/2025\/10\/IMG_0208-225x300.jpg\" alt=\"\" width=\"225\" height=\"300\" srcset=\"http:\/\/knjiznice.nsk.hr\/lepoglava\/wp-content\/uploads\/sites\/22\/2025\/10\/IMG_0208-225x300.jpg 225w, http:\/\/knjiznice.nsk.hr\/lepoglava\/wp-content\/uploads\/sites\/22\/2025\/10\/IMG_0208-rotated.jpg 480w\" sizes=\"(max-width: 225px) 100vw, 225px\" \/><\/a><\/div>\n<\/div>\n","protected":false},"excerpt":{"rendered":"<p>Mjesec hrvatske knjige i slu\u017ebeno je zapo\u010deo, a u na\u0161oj knji\u017enici svi se rado kreativno izra\u017eavamo. Kako bismo tu kreativnost i dalje njegovali u na\u0161oj je knji\u017enici postavljena na\u0161a stara \u0161tampa\u010da ma\u0161ina, a s ciljem da na\u0161i \u010dlanovi, korisnici, ali i slu\u010dajni prolaznici izraze svoje misli, osje\u0107aje, doga\u0111aje, \u017eelje, \u010de\u017enje, ljubavi &#8230; &nbsp; Napi\u0161i mi [&hellip;]<\/p>\n","protected":false},"author":18,"featured_media":0,"comment_status":"closed","ping_status":"closed","sticky":false,"template":"","format":"standard","meta":{"ngg_post_thumbnail":0},"categories":[1],"tags":[],"yoast_head":"<!-- This site is optimized with the Yoast SEO plugin v16.4 - https:\/\/yoast.com\/wordpress\/plugins\/seo\/ -->\n<meta name=\"robots\" content=\"index, follow, max-snippet:-1, max-image-preview:large, max-video-preview:-1\" \/>\n<link rel=\"canonical\" href=\"http:\/\/knjiznice.nsk.hr\/lepoglava\/2025\/10\/15\/napisi-mi-stih\/\" \/>\n<meta property=\"og:locale\" content=\"hr_HR\" \/>\n<meta property=\"og:type\" content=\"article\" \/>\n<meta property=\"og:title\" content=\"Napi\u0161i mi stih... - Gradska knji\u017enica Ivana Belostenca Lepoglava\" \/>\n<meta property=\"og:description\" content=\"Mjesec hrvatske knjige i slu\u017ebeno je zapo\u010deo, a u na\u0161oj knji\u017enici svi se rado kreativno izra\u017eavamo. Kako bismo tu kreativnost i dalje njegovali u na\u0161oj je knji\u017enici postavljena na\u0161a stara \u0161tampa\u010da ma\u0161ina, a s ciljem da na\u0161i \u010dlanovi, korisnici, ali i slu\u010dajni prolaznici izraze svoje misli, osje\u0107aje, doga\u0111aje, \u017eelje, \u010de\u017enje, ljubavi &#8230; &nbsp; Napi\u0161i mi [&hellip;]\" \/>\n<meta property=\"og:url\" content=\"http:\/\/knjiznice.nsk.hr\/lepoglava\/2025\/10\/15\/napisi-mi-stih\/\" \/>\n<meta property=\"og:site_name\" content=\"Gradska knji\u017enica Ivana Belostenca Lepoglava\" \/>\n<meta property=\"article:published_time\" content=\"2025-10-15T08:00:41+00:00\" \/>\n<meta property=\"article:modified_time\" content=\"2025-10-15T11:39:59+00:00\" \/>\n<meta property=\"og:image\" content=\"https:\/\/static.xx.fbcdn.net\/images\/emoji.php\/v9\/tc5\/1\/16\/1f90d.png\" \/>\n<meta name=\"twitter:label1\" content=\"Procijenjeno vrijeme \u010ditanja\" \/>\n\t<meta name=\"twitter:data1\" content=\"2 minute\" \/>\n<script type=\"application\/ld+json\" class=\"yoast-schema-graph\">{\"@context\":\"https:\/\/schema.org\",\"@graph\":[{\"@type\":\"WebSite\",\"@id\":\"http:\/\/knjiznice.nsk.hr\/lepoglava\/#website\",\"url\":\"http:\/\/knjiznice.nsk.hr\/lepoglava\/\",\"name\":\"Gradska knji\\u017enica Ivana Belostenca Lepoglava\",\"description\":\"\",\"potentialAction\":[{\"@type\":\"SearchAction\",\"target\":\"http:\/\/knjiznice.nsk.hr\/lepoglava\/?s={search_term_string}\",\"query-input\":\"required name=search_term_string\"}],\"inLanguage\":\"hr\"},{\"@type\":\"ImageObject\",\"@id\":\"http:\/\/knjiznice.nsk.hr\/lepoglava\/2025\/10\/15\/napisi-mi-stih\/#primaryimage\",\"inLanguage\":\"hr\",\"url\":\"https:\/\/static.xx.fbcdn.net\/images\/emoji.php\/v9\/tc5\/1\/16\/1f90d.png\",\"contentUrl\":\"https:\/\/static.xx.fbcdn.net\/images\/emoji.php\/v9\/tc5\/1\/16\/1f90d.png\"},{\"@type\":\"WebPage\",\"@id\":\"http:\/\/knjiznice.nsk.hr\/lepoglava\/2025\/10\/15\/napisi-mi-stih\/#webpage\",\"url\":\"http:\/\/knjiznice.nsk.hr\/lepoglava\/2025\/10\/15\/napisi-mi-stih\/\",\"name\":\"Napi\\u0161i mi stih... - Gradska knji\\u017enica Ivana Belostenca Lepoglava\",\"isPartOf\":{\"@id\":\"http:\/\/knjiznice.nsk.hr\/lepoglava\/#website\"},\"primaryImageOfPage\":{\"@id\":\"http:\/\/knjiznice.nsk.hr\/lepoglava\/2025\/10\/15\/napisi-mi-stih\/#primaryimage\"},\"datePublished\":\"2025-10-15T08:00:41+00:00\",\"dateModified\":\"2025-10-15T11:39:59+00:00\",\"author\":{\"@id\":\"http:\/\/knjiznice.nsk.hr\/lepoglava\/#\/schema\/person\/14dc66f44641ce38deb763484749e42c\"},\"breadcrumb\":{\"@id\":\"http:\/\/knjiznice.nsk.hr\/lepoglava\/2025\/10\/15\/napisi-mi-stih\/#breadcrumb\"},\"inLanguage\":\"hr\",\"potentialAction\":[{\"@type\":\"ReadAction\",\"target\":[\"http:\/\/knjiznice.nsk.hr\/lepoglava\/2025\/10\/15\/napisi-mi-stih\/\"]}]},{\"@type\":\"BreadcrumbList\",\"@id\":\"http:\/\/knjiznice.nsk.hr\/lepoglava\/2025\/10\/15\/napisi-mi-stih\/#breadcrumb\",\"itemListElement\":[{\"@type\":\"ListItem\",\"position\":1,\"item\":{\"@type\":\"WebPage\",\"@id\":\"http:\/\/knjiznice.nsk.hr\/lepoglava\/\",\"url\":\"http:\/\/knjiznice.nsk.hr\/lepoglava\/\",\"name\":\"Po\\u010detna stranica\"}},{\"@type\":\"ListItem\",\"position\":2,\"item\":{\"@id\":\"http:\/\/knjiznice.nsk.hr\/lepoglava\/2025\/10\/15\/napisi-mi-stih\/#webpage\"}}]},{\"@type\":\"Person\",\"@id\":\"http:\/\/knjiznice.nsk.hr\/lepoglava\/#\/schema\/person\/14dc66f44641ce38deb763484749e42c\",\"name\":\"lepoglava\",\"image\":{\"@type\":\"ImageObject\",\"@id\":\"http:\/\/knjiznice.nsk.hr\/lepoglava\/#personlogo\",\"inLanguage\":\"hr\",\"url\":\"http:\/\/1.gravatar.com\/avatar\/a086e8fce86c47181a4299685e5b101f?s=96&d=mm&r=g\",\"contentUrl\":\"http:\/\/1.gravatar.com\/avatar\/a086e8fce86c47181a4299685e5b101f?s=96&d=mm&r=g\",\"caption\":\"lepoglava\"},\"url\":\"http:\/\/knjiznice.nsk.hr\/lepoglava\/\"}]}<\/script>\n<!-- \/ Yoast SEO plugin. -->","_links":{"self":[{"href":"http:\/\/knjiznice.nsk.hr\/lepoglava\/wp-json\/wp\/v2\/posts\/2913"}],"collection":[{"href":"http:\/\/knjiznice.nsk.hr\/lepoglava\/wp-json\/wp\/v2\/posts"}],"about":[{"href":"http:\/\/knjiznice.nsk.hr\/lepoglava\/wp-json\/wp\/v2\/types\/post"}],"author":[{"embeddable":true,"href":"http:\/\/knjiznice.nsk.hr\/lepoglava\/wp-json\/wp\/v2\/users\/18"}],"replies":[{"embeddable":true,"href":"http:\/\/knjiznice.nsk.hr\/lepoglava\/wp-json\/wp\/v2\/comments?post=2913"}],"version-history":[{"count":1,"href":"http:\/\/knjiznice.nsk.hr\/lepoglava\/wp-json\/wp\/v2\/posts\/2913\/revisions"}],"predecessor-version":[{"id":2914,"href":"http:\/\/knjiznice.nsk.hr\/lepoglava\/wp-json\/wp\/v2\/posts\/2913\/revisions\/2914"}],"wp:attachment":[{"href":"http:\/\/knjiznice.nsk.hr\/lepoglava\/wp-json\/wp\/v2\/media?parent=2913"}],"wp:term":[{"taxonomy":"category","embeddable":true,"href":"http:\/\/knjiznice.nsk.hr\/lepoglava\/wp-json\/wp\/v2\/categories?post=2913"},{"taxonomy":"post_tag","embeddable":true,"href":"http:\/\/knjiznice.nsk.hr\/lepoglava\/wp-json\/wp\/v2\/tags?post=2913"}],"curies":[{"name":"wp","href":"https:\/\/api.w.org\/{rel}","templated":true}]}}