{"id":1253,"date":"2023-03-19T21:29:23","date_gmt":"2023-03-19T20:29:23","guid":{"rendered":"http:\/\/knjiznice.nsk.hr\/kali\/?p=1253"},"modified":"2023-03-19T21:29:23","modified_gmt":"2023-03-19T20:29:23","slug":"kali-cita","status":"publish","type":"post","link":"http:\/\/knjiznice.nsk.hr\/kali\/2023\/03\/19\/kali-cita\/","title":{"rendered":"Kali \u010dita :)"},"content":{"rendered":"<p>Na\u0161a Knji\u017enica i ove godine se svojim programom pridru\u017eila Manifestaciji Gradske knji\u017enice Zadar, petnaesta po redu &#8221; Zadar \u010dita&#8221;. Tema ovogodi\u0161nje manifestacije je smijeh.<\/p>\n<p>Poticanje \u010ditanja te promocija kulturnih doga\u0111anja s ciljem popularizacije knji\u017eevnosti i stvaranja \u010ditateljskih navika glavne su odlike ovog projekta. Manifestaciji se kontinuirano priklju\u010duju i ustanove i udruge s lokalnog podru\u010dja te zajedni\u010dkim doprinosom i aktivnostima \u0161irimo kulturu \u010ditanja u zajednici.<\/p>\n<p>Objavljujemo doga\u0111anja Narodne knji\u017enice Kali u sklopu ovogodi\u0161nje manifestacije Zadar \u010dita, te Vas pozivamo da nam se pridru\u017eite.<\/p>\n<p><img loading=\"lazy\" class=\"alignnone  wp-image-1254\" src=\"http:\/\/knjiznice.nsk.hr\/kali\/wp-content\/uploads\/sites\/100\/2023\/03\/Kali-cita.jpg\" alt=\"\" width=\"586\" height=\"823\" srcset=\"http:\/\/knjiznice.nsk.hr\/kali\/wp-content\/uploads\/sites\/100\/2023\/03\/Kali-cita.jpg 750w, http:\/\/knjiznice.nsk.hr\/kali\/wp-content\/uploads\/sites\/100\/2023\/03\/Kali-cita-213x300.jpg 213w, http:\/\/knjiznice.nsk.hr\/kali\/wp-content\/uploads\/sites\/100\/2023\/03\/Kali-cita-729x1024.jpg 729w, http:\/\/knjiznice.nsk.hr\/kali\/wp-content\/uploads\/sites\/100\/2023\/03\/Kali-cita-600x843.jpg 600w, http:\/\/knjiznice.nsk.hr\/kali\/wp-content\/uploads\/sites\/100\/2023\/03\/Kali-cita-624x877.jpg 624w\" sizes=\"(max-width: 586px) 100vw, 586px\" \/><\/p>\n","protected":false},"excerpt":{"rendered":"<p>Na\u0161a Knji\u017enica i ove godine se svojim programom pridru\u017eila Manifestaciji Gradske knji\u017enice Zadar, petnaesta po redu &#8221; Zadar \u010dita&#8221;. Tema ovogodi\u0161nje manifestacije je smijeh. Poticanje \u010ditanja te promocija kulturnih doga\u0111anja s ciljem popularizacije knji\u017eevnosti i stvaranja \u010ditateljskih navika glavne su odlike ovog projekta. Manifestaciji se kontinuirano priklju\u010duju i ustanove i udruge s lokalnog podru\u010dja te [&hellip;]<\/p>\n","protected":false},"author":168,"featured_media":0,"comment_status":"closed","ping_status":"closed","sticky":false,"template":"","format":"standard","meta":{"ngg_post_thumbnail":0},"categories":[1],"tags":[],"yoast_head":"<!-- This site is optimized with the Yoast SEO plugin v16.4 - https:\/\/yoast.com\/wordpress\/plugins\/seo\/ -->\n<meta name=\"robots\" content=\"index, follow, max-snippet:-1, max-image-preview:large, max-video-preview:-1\" \/>\n<link rel=\"canonical\" href=\"http:\/\/knjiznice.nsk.hr\/kali\/2023\/03\/19\/kali-cita\/\" \/>\n<meta property=\"og:locale\" content=\"hr_HR\" \/>\n<meta property=\"og:type\" content=\"article\" \/>\n<meta property=\"og:title\" content=\"Kali \u010dita :) - Narodna knji\u017enica Kali\" \/>\n<meta property=\"og:description\" content=\"Na\u0161a Knji\u017enica i ove godine se svojim programom pridru\u017eila Manifestaciji Gradske knji\u017enice Zadar, petnaesta po redu &#8221; Zadar \u010dita&#8221;. Tema ovogodi\u0161nje manifestacije je smijeh. Poticanje \u010ditanja te promocija kulturnih doga\u0111anja s ciljem popularizacije knji\u017eevnosti i stvaranja \u010ditateljskih navika glavne su odlike ovog projekta. Manifestaciji se kontinuirano priklju\u010duju i ustanove i udruge s lokalnog podru\u010dja te [&hellip;]\" \/>\n<meta property=\"og:url\" content=\"http:\/\/knjiznice.nsk.hr\/kali\/2023\/03\/19\/kali-cita\/\" \/>\n<meta property=\"og:site_name\" content=\"Narodna knji\u017enica Kali\" \/>\n<meta property=\"article:publisher\" content=\"https:\/\/www.facebook.com\/narodna.knjiznica.kali\/\" \/>\n<meta property=\"article:author\" content=\"https:\/\/www.facebook.com\/narodna.knjiznica.kali\/\" \/>\n<meta property=\"article:published_time\" content=\"2023-03-19T20:29:23+00:00\" \/>\n<meta property=\"og:image\" content=\"http:\/\/knjiznice.nsk.hr\/kali\/wp-content\/uploads\/sites\/100\/2023\/03\/Kali-cita.jpg\" \/>\n<meta name=\"twitter:card\" content=\"summary_large_image\" \/>\n<meta name=\"twitter:label1\" content=\"Procijenjeno vrijeme \u010ditanja\" \/>\n\t<meta name=\"twitter:data1\" content=\"1 minuta\" \/>\n<script type=\"application\/ld+json\" class=\"yoast-schema-graph\">{\"@context\":\"https:\/\/schema.org\",\"@graph\":[{\"@type\":\"Organization\",\"@id\":\"http:\/\/knjiznice.nsk.hr\/kali\/#organization\",\"name\":\"Narodna kni\\u017enica Kali\",\"url\":\"http:\/\/knjiznice.nsk.hr\/kali\/\",\"sameAs\":[\"https:\/\/www.facebook.com\/narodna.knjiznica.kali\/\",\"https:\/\/www.instagram.com\/narodnaknjiznicakali\/\",\"https:\/\/www.youtube.com\/channel\/UC2glNDARQY0rsXxh2ZnUv_Q\"],\"logo\":{\"@type\":\"ImageObject\",\"@id\":\"http:\/\/knjiznice.nsk.hr\/kali\/#logo\",\"inLanguage\":\"hr\",\"url\":\"http:\/\/knjiznice.nsk.hr\/kali\/wp-content\/uploads\/sites\/100\/2019\/10\/cropped-LOGO-VERZIJA-1-3.jpg\",\"contentUrl\":\"http:\/\/knjiznice.nsk.hr\/kali\/wp-content\/uploads\/sites\/100\/2019\/10\/cropped-LOGO-VERZIJA-1-3.jpg\",\"width\":1122,\"height\":1118,\"caption\":\"Narodna kni\\u017enica Kali\"},\"image\":{\"@id\":\"http:\/\/knjiznice.nsk.hr\/kali\/#logo\"}},{\"@type\":\"WebSite\",\"@id\":\"http:\/\/knjiznice.nsk.hr\/kali\/#website\",\"url\":\"http:\/\/knjiznice.nsk.hr\/kali\/\",\"name\":\"Narodna knji\\u017enica Kali\",\"description\":\"\",\"publisher\":{\"@id\":\"http:\/\/knjiznice.nsk.hr\/kali\/#organization\"},\"potentialAction\":[{\"@type\":\"SearchAction\",\"target\":\"http:\/\/knjiznice.nsk.hr\/kali\/?s={search_term_string}\",\"query-input\":\"required name=search_term_string\"}],\"inLanguage\":\"hr\"},{\"@type\":\"ImageObject\",\"@id\":\"http:\/\/knjiznice.nsk.hr\/kali\/2023\/03\/19\/kali-cita\/#primaryimage\",\"inLanguage\":\"hr\",\"url\":\"http:\/\/knjiznice.nsk.hr\/kali\/wp-content\/uploads\/sites\/100\/2023\/03\/Kali-cita.jpg\",\"contentUrl\":\"http:\/\/knjiznice.nsk.hr\/kali\/wp-content\/uploads\/sites\/100\/2023\/03\/Kali-cita.jpg\",\"width\":750,\"height\":1054},{\"@type\":\"WebPage\",\"@id\":\"http:\/\/knjiznice.nsk.hr\/kali\/2023\/03\/19\/kali-cita\/#webpage\",\"url\":\"http:\/\/knjiznice.nsk.hr\/kali\/2023\/03\/19\/kali-cita\/\",\"name\":\"Kali \\u010dita :) - Narodna knji\\u017enica Kali\",\"isPartOf\":{\"@id\":\"http:\/\/knjiznice.nsk.hr\/kali\/#website\"},\"primaryImageOfPage\":{\"@id\":\"http:\/\/knjiznice.nsk.hr\/kali\/2023\/03\/19\/kali-cita\/#primaryimage\"},\"datePublished\":\"2023-03-19T20:29:23+00:00\",\"dateModified\":\"2023-03-19T20:29:23+00:00\",\"breadcrumb\":{\"@id\":\"http:\/\/knjiznice.nsk.hr\/kali\/2023\/03\/19\/kali-cita\/#breadcrumb\"},\"inLanguage\":\"hr\",\"potentialAction\":[{\"@type\":\"ReadAction\",\"target\":[\"http:\/\/knjiznice.nsk.hr\/kali\/2023\/03\/19\/kali-cita\/\"]}]},{\"@type\":\"BreadcrumbList\",\"@id\":\"http:\/\/knjiznice.nsk.hr\/kali\/2023\/03\/19\/kali-cita\/#breadcrumb\",\"itemListElement\":[{\"@type\":\"ListItem\",\"position\":1,\"item\":{\"@type\":\"WebPage\",\"@id\":\"http:\/\/knjiznice.nsk.hr\/kali\/\",\"url\":\"http:\/\/knjiznice.nsk.hr\/kali\/\",\"name\":\"Po\\u010detna stranica\"}},{\"@type\":\"ListItem\",\"position\":2,\"item\":{\"@id\":\"http:\/\/knjiznice.nsk.hr\/kali\/2023\/03\/19\/kali-cita\/#webpage\"}}]},{\"@type\":\"Article\",\"@id\":\"http:\/\/knjiznice.nsk.hr\/kali\/2023\/03\/19\/kali-cita\/#article\",\"isPartOf\":{\"@id\":\"http:\/\/knjiznice.nsk.hr\/kali\/2023\/03\/19\/kali-cita\/#webpage\"},\"author\":{\"@id\":\"http:\/\/knjiznice.nsk.hr\/kali\/#\/schema\/person\/51d8e86261cb9a2d1bb4863bf9654ba9\"},\"headline\":\"Kali \\u010dita :)\",\"datePublished\":\"2023-03-19T20:29:23+00:00\",\"dateModified\":\"2023-03-19T20:29:23+00:00\",\"mainEntityOfPage\":{\"@id\":\"http:\/\/knjiznice.nsk.hr\/kali\/2023\/03\/19\/kali-cita\/#webpage\"},\"wordCount\":97,\"publisher\":{\"@id\":\"http:\/\/knjiznice.nsk.hr\/kali\/#organization\"},\"image\":{\"@id\":\"http:\/\/knjiznice.nsk.hr\/kali\/2023\/03\/19\/kali-cita\/#primaryimage\"},\"thumbnailUrl\":\"http:\/\/knjiznice.nsk.hr\/kali\/wp-content\/uploads\/sites\/100\/2023\/03\/Kali-cita.jpg\",\"articleSection\":[\"Novosti\"],\"inLanguage\":\"hr\"},{\"@type\":\"Person\",\"@id\":\"http:\/\/knjiznice.nsk.hr\/kali\/#\/schema\/person\/51d8e86261cb9a2d1bb4863bf9654ba9\",\"name\":\"Narodna knji\\u017enica Kali\",\"image\":{\"@type\":\"ImageObject\",\"@id\":\"http:\/\/knjiznice.nsk.hr\/kali\/#personlogo\",\"inLanguage\":\"hr\",\"url\":\"http:\/\/0.gravatar.com\/avatar\/3eae34de244752d861414b6623fd0bd0?s=96&d=mm&r=g\",\"contentUrl\":\"http:\/\/0.gravatar.com\/avatar\/3eae34de244752d861414b6623fd0bd0?s=96&d=mm&r=g\",\"caption\":\"Narodna knji\\u017enica Kali\"},\"sameAs\":[\"http:\/\/knjiznicakali.hr\",\"https:\/\/www.facebook.com\/narodna.knjiznica.kali\/\",\"www.instagram.com\/narodnaknjiznicakali\/\"],\"url\":\"http:\/\/knjiznice.nsk.hr\/kali\/\"}]}<\/script>\n<!-- \/ Yoast SEO plugin. -->","_links":{"self":[{"href":"http:\/\/knjiznice.nsk.hr\/kali\/wp-json\/wp\/v2\/posts\/1253"}],"collection":[{"href":"http:\/\/knjiznice.nsk.hr\/kali\/wp-json\/wp\/v2\/posts"}],"about":[{"href":"http:\/\/knjiznice.nsk.hr\/kali\/wp-json\/wp\/v2\/types\/post"}],"author":[{"embeddable":true,"href":"http:\/\/knjiznice.nsk.hr\/kali\/wp-json\/wp\/v2\/users\/168"}],"replies":[{"embeddable":true,"href":"http:\/\/knjiznice.nsk.hr\/kali\/wp-json\/wp\/v2\/comments?post=1253"}],"version-history":[{"count":1,"href":"http:\/\/knjiznice.nsk.hr\/kali\/wp-json\/wp\/v2\/posts\/1253\/revisions"}],"predecessor-version":[{"id":1255,"href":"http:\/\/knjiznice.nsk.hr\/kali\/wp-json\/wp\/v2\/posts\/1253\/revisions\/1255"}],"wp:attachment":[{"href":"http:\/\/knjiznice.nsk.hr\/kali\/wp-json\/wp\/v2\/media?parent=1253"}],"wp:term":[{"taxonomy":"category","embeddable":true,"href":"http:\/\/knjiznice.nsk.hr\/kali\/wp-json\/wp\/v2\/categories?post=1253"},{"taxonomy":"post_tag","embeddable":true,"href":"http:\/\/knjiznice.nsk.hr\/kali\/wp-json\/wp\/v2\/tags?post=1253"}],"curies":[{"name":"wp","href":"https:\/\/api.w.org\/{rel}","templated":true}]}}