{"id":1092,"date":"2021-11-29T22:12:10","date_gmt":"2021-11-29T21:12:10","guid":{"rendered":"http:\/\/knjiznice.nsk.hr\/kali\/?p=1092"},"modified":"2021-11-29T22:12:10","modified_gmt":"2021-11-29T21:12:10","slug":"obavijest-4","status":"publish","type":"post","link":"http:\/\/knjiznice.nsk.hr\/kali\/2021\/11\/29\/obavijest-4\/","title":{"rendered":"OBAVIJEST"},"content":{"rendered":"<p>Dana 30. studenoga (utorak) knji\u017enica ne\u0107e radi, zbog odlaska ravnateljice na sastanak ravnatelja narodnih knji\u017enica Zadarske \u017eupanije i Mati\u010dne slu\u017ebe Gradske knji\u017enice Zadar.<\/p>\n<p>Hvala na razumijevanju!<\/p>\n","protected":false},"excerpt":{"rendered":"<p>Dana 30. studenoga (utorak) knji\u017enica ne\u0107e radi, zbog odlaska ravnateljice na sastanak ravnatelja narodnih knji\u017enica Zadarske \u017eupanije i Mati\u010dne slu\u017ebe Gradske knji\u017enice Zadar. Hvala na razumijevanju!<\/p>\n","protected":false},"author":168,"featured_media":0,"comment_status":"closed","ping_status":"closed","sticky":false,"template":"","format":"standard","meta":{"ngg_post_thumbnail":0},"categories":[1],"tags":[],"yoast_head":"<!-- This site is optimized with the Yoast SEO plugin v16.4 - https:\/\/yoast.com\/wordpress\/plugins\/seo\/ -->\n<meta name=\"robots\" content=\"index, follow, max-snippet:-1, max-image-preview:large, max-video-preview:-1\" \/>\n<link rel=\"canonical\" href=\"http:\/\/knjiznice.nsk.hr\/kali\/2021\/11\/29\/obavijest-4\/\" \/>\n<meta property=\"og:locale\" content=\"hr_HR\" \/>\n<meta property=\"og:type\" content=\"article\" \/>\n<meta property=\"og:title\" content=\"OBAVIJEST - Narodna knji\u017enica Kali\" \/>\n<meta property=\"og:description\" content=\"Dana 30. studenoga (utorak) knji\u017enica ne\u0107e radi, zbog odlaska ravnateljice na sastanak ravnatelja narodnih knji\u017enica Zadarske \u017eupanije i Mati\u010dne slu\u017ebe Gradske knji\u017enice Zadar. Hvala na razumijevanju!\" \/>\n<meta property=\"og:url\" content=\"http:\/\/knjiznice.nsk.hr\/kali\/2021\/11\/29\/obavijest-4\/\" \/>\n<meta property=\"og:site_name\" content=\"Narodna knji\u017enica Kali\" \/>\n<meta property=\"article:publisher\" content=\"https:\/\/www.facebook.com\/narodna.knjiznica.kali\/\" \/>\n<meta property=\"article:author\" content=\"https:\/\/www.facebook.com\/narodna.knjiznica.kali\/\" \/>\n<meta property=\"article:published_time\" content=\"2021-11-29T21:12:10+00:00\" \/>\n<meta name=\"twitter:card\" content=\"summary_large_image\" \/>\n<meta name=\"twitter:label1\" content=\"Procijenjeno vrijeme \u010ditanja\" \/>\n\t<meta name=\"twitter:data1\" content=\"1 minuta\" \/>\n<script type=\"application\/ld+json\" class=\"yoast-schema-graph\">{\"@context\":\"https:\/\/schema.org\",\"@graph\":[{\"@type\":\"Organization\",\"@id\":\"http:\/\/knjiznice.nsk.hr\/kali\/#organization\",\"name\":\"Narodna kni\\u017enica Kali\",\"url\":\"http:\/\/knjiznice.nsk.hr\/kali\/\",\"sameAs\":[\"https:\/\/www.facebook.com\/narodna.knjiznica.kali\/\",\"https:\/\/www.instagram.com\/narodnaknjiznicakali\/\",\"https:\/\/www.youtube.com\/channel\/UC2glNDARQY0rsXxh2ZnUv_Q\"],\"logo\":{\"@type\":\"ImageObject\",\"@id\":\"http:\/\/knjiznice.nsk.hr\/kali\/#logo\",\"inLanguage\":\"hr\",\"url\":\"http:\/\/knjiznice.nsk.hr\/kali\/wp-content\/uploads\/sites\/100\/2019\/10\/cropped-LOGO-VERZIJA-1-3.jpg\",\"contentUrl\":\"http:\/\/knjiznice.nsk.hr\/kali\/wp-content\/uploads\/sites\/100\/2019\/10\/cropped-LOGO-VERZIJA-1-3.jpg\",\"width\":1122,\"height\":1118,\"caption\":\"Narodna kni\\u017enica Kali\"},\"image\":{\"@id\":\"http:\/\/knjiznice.nsk.hr\/kali\/#logo\"}},{\"@type\":\"WebSite\",\"@id\":\"http:\/\/knjiznice.nsk.hr\/kali\/#website\",\"url\":\"http:\/\/knjiznice.nsk.hr\/kali\/\",\"name\":\"Narodna knji\\u017enica Kali\",\"description\":\"\",\"publisher\":{\"@id\":\"http:\/\/knjiznice.nsk.hr\/kali\/#organization\"},\"potentialAction\":[{\"@type\":\"SearchAction\",\"target\":\"http:\/\/knjiznice.nsk.hr\/kali\/?s={search_term_string}\",\"query-input\":\"required name=search_term_string\"}],\"inLanguage\":\"hr\"},{\"@type\":\"WebPage\",\"@id\":\"http:\/\/knjiznice.nsk.hr\/kali\/2021\/11\/29\/obavijest-4\/#webpage\",\"url\":\"http:\/\/knjiznice.nsk.hr\/kali\/2021\/11\/29\/obavijest-4\/\",\"name\":\"OBAVIJEST - Narodna knji\\u017enica Kali\",\"isPartOf\":{\"@id\":\"http:\/\/knjiznice.nsk.hr\/kali\/#website\"},\"datePublished\":\"2021-11-29T21:12:10+00:00\",\"dateModified\":\"2021-11-29T21:12:10+00:00\",\"breadcrumb\":{\"@id\":\"http:\/\/knjiznice.nsk.hr\/kali\/2021\/11\/29\/obavijest-4\/#breadcrumb\"},\"inLanguage\":\"hr\",\"potentialAction\":[{\"@type\":\"ReadAction\",\"target\":[\"http:\/\/knjiznice.nsk.hr\/kali\/2021\/11\/29\/obavijest-4\/\"]}]},{\"@type\":\"BreadcrumbList\",\"@id\":\"http:\/\/knjiznice.nsk.hr\/kali\/2021\/11\/29\/obavijest-4\/#breadcrumb\",\"itemListElement\":[{\"@type\":\"ListItem\",\"position\":1,\"item\":{\"@type\":\"WebPage\",\"@id\":\"http:\/\/knjiznice.nsk.hr\/kali\/\",\"url\":\"http:\/\/knjiznice.nsk.hr\/kali\/\",\"name\":\"Po\\u010detna stranica\"}},{\"@type\":\"ListItem\",\"position\":2,\"item\":{\"@id\":\"http:\/\/knjiznice.nsk.hr\/kali\/2021\/11\/29\/obavijest-4\/#webpage\"}}]},{\"@type\":\"Article\",\"@id\":\"http:\/\/knjiznice.nsk.hr\/kali\/2021\/11\/29\/obavijest-4\/#article\",\"isPartOf\":{\"@id\":\"http:\/\/knjiznice.nsk.hr\/kali\/2021\/11\/29\/obavijest-4\/#webpage\"},\"author\":{\"@id\":\"http:\/\/knjiznice.nsk.hr\/kali\/#\/schema\/person\/51d8e86261cb9a2d1bb4863bf9654ba9\"},\"headline\":\"OBAVIJEST\",\"datePublished\":\"2021-11-29T21:12:10+00:00\",\"dateModified\":\"2021-11-29T21:12:10+00:00\",\"mainEntityOfPage\":{\"@id\":\"http:\/\/knjiznice.nsk.hr\/kali\/2021\/11\/29\/obavijest-4\/#webpage\"},\"wordCount\":32,\"publisher\":{\"@id\":\"http:\/\/knjiznice.nsk.hr\/kali\/#organization\"},\"articleSection\":[\"Novosti\"],\"inLanguage\":\"hr\"},{\"@type\":\"Person\",\"@id\":\"http:\/\/knjiznice.nsk.hr\/kali\/#\/schema\/person\/51d8e86261cb9a2d1bb4863bf9654ba9\",\"name\":\"Narodna knji\\u017enica Kali\",\"image\":{\"@type\":\"ImageObject\",\"@id\":\"http:\/\/knjiznice.nsk.hr\/kali\/#personlogo\",\"inLanguage\":\"hr\",\"url\":\"http:\/\/0.gravatar.com\/avatar\/3eae34de244752d861414b6623fd0bd0?s=96&d=mm&r=g\",\"contentUrl\":\"http:\/\/0.gravatar.com\/avatar\/3eae34de244752d861414b6623fd0bd0?s=96&d=mm&r=g\",\"caption\":\"Narodna knji\\u017enica Kali\"},\"sameAs\":[\"http:\/\/knjiznicakali.hr\",\"https:\/\/www.facebook.com\/narodna.knjiznica.kali\/\",\"www.instagram.com\/narodnaknjiznicakali\/\"],\"url\":\"http:\/\/knjiznice.nsk.hr\/kali\/\"}]}<\/script>\n<!-- \/ Yoast SEO plugin. -->","_links":{"self":[{"href":"http:\/\/knjiznice.nsk.hr\/kali\/wp-json\/wp\/v2\/posts\/1092"}],"collection":[{"href":"http:\/\/knjiznice.nsk.hr\/kali\/wp-json\/wp\/v2\/posts"}],"about":[{"href":"http:\/\/knjiznice.nsk.hr\/kali\/wp-json\/wp\/v2\/types\/post"}],"author":[{"embeddable":true,"href":"http:\/\/knjiznice.nsk.hr\/kali\/wp-json\/wp\/v2\/users\/168"}],"replies":[{"embeddable":true,"href":"http:\/\/knjiznice.nsk.hr\/kali\/wp-json\/wp\/v2\/comments?post=1092"}],"version-history":[{"count":1,"href":"http:\/\/knjiznice.nsk.hr\/kali\/wp-json\/wp\/v2\/posts\/1092\/revisions"}],"predecessor-version":[{"id":1093,"href":"http:\/\/knjiznice.nsk.hr\/kali\/wp-json\/wp\/v2\/posts\/1092\/revisions\/1093"}],"wp:attachment":[{"href":"http:\/\/knjiznice.nsk.hr\/kali\/wp-json\/wp\/v2\/media?parent=1092"}],"wp:term":[{"taxonomy":"category","embeddable":true,"href":"http:\/\/knjiznice.nsk.hr\/kali\/wp-json\/wp\/v2\/categories?post=1092"},{"taxonomy":"post_tag","embeddable":true,"href":"http:\/\/knjiznice.nsk.hr\/kali\/wp-json\/wp\/v2\/tags?post=1092"}],"curies":[{"name":"wp","href":"https:\/\/api.w.org\/{rel}","templated":true}]}}