{"id":243,"date":"2019-07-12T00:03:11","date_gmt":"2019-07-11T22:03:11","guid":{"rendered":"http:\/\/knjiznice.nsk.hr\/hrvatskiskup\/?p=243"},"modified":"2019-07-12T00:10:59","modified_gmt":"2019-07-11T22:10:59","slug":"ljeto-2019","status":"publish","type":"post","link":"http:\/\/knjiznice.nsk.hr\/hrvatskiskup\/2019\/07\/12\/ljeto-2019\/","title":{"rendered":"Ljeto 2019."},"content":{"rendered":"<p><img loading=\"lazy\" class=\"alignnone size-medium wp-image-249\" src=\"http:\/\/knjiznice.nsk.hr\/hrvatskiskup\/wp-content\/uploads\/sites\/104\/2019\/07\/0001-300x212.jpg\" alt=\"\" width=\"300\" height=\"212\" srcset=\"http:\/\/knjiznice.nsk.hr\/hrvatskiskup\/wp-content\/uploads\/sites\/104\/2019\/07\/0001-300x212.jpg 300w, http:\/\/knjiznice.nsk.hr\/hrvatskiskup\/wp-content\/uploads\/sites\/104\/2019\/07\/0001-768x543.jpg 768w, http:\/\/knjiznice.nsk.hr\/hrvatskiskup\/wp-content\/uploads\/sites\/104\/2019\/07\/0001-1024x724.jpg 1024w, http:\/\/knjiznice.nsk.hr\/hrvatskiskup\/wp-content\/uploads\/sites\/104\/2019\/07\/0001-600x424.jpg 600w\" sizes=\"(max-width: 300px) 100vw, 300px\" \/><\/p>\n<p>15. 07. 2019. (ponedjeljak) u 21 sat<br \/>\n<strong>JADRANKA NEJA\u0160MI\u0106<\/strong>:<br \/>\n<u>Bro\u010du s puno jubavi: Bra\u010dka kulturna ba\u0161tina<\/u><\/p>\n<p><u>Jadranka Neja\u0161mi\u0107<\/u>, ravnateljica Op\u0107inske \u010ditaonice Bol ili bolje re\u010deno \u201eba\u0161tinski animator i ambasador\u201c,&nbsp; ve\u0107 godinama radi&nbsp; na promid\u017ebi bra\u010dke odnosno hrvatske kulture i umjetnosti.<br \/>\nU suradnji s akademskim televizijskim i filmskim redateljem i snimateljem&nbsp;<strong>\u0160imom Strikomanom Jadranka Neja\u0161mi\u0107 je <\/strong>&nbsp;snimila dokumentarne filmova \u201eBookBol\u201c, \u201eZmajevo selo\u201c i \u201eBra\u010d: kamen i voda\u201c<strong>. Njihova suradnja se &nbsp;<\/strong>nastavila i na projektu \u201eBro\u010dko Blogo\u201c. Namjera im je kroz tim projektom prikazati 10 000 godina bra\u010dke povijesti i kulture kroz scene, pra\u0107ene tekstom, na svim bra\u010dkim narje\u010djima i prijevodom na engleski jezik, u sklopu Strikomanovog projekta&nbsp;<strong>\u201eTerra Croatica\u201c.<\/strong>&nbsp;<\/p>\n<p>&nbsp;<\/p>\n<p>21. 07. 2019. (nedjelja) u 21 sat<br \/>\n<strong>SILVIJA BUVINI\u0106 \/ IVONA D\u017dIMBEG<br \/>\n<\/strong><u>(ve\u010der poezije)<\/u><\/p>\n<p><u>Silvija Buvini\u0107<\/u> je&nbsp; pjesnikinja koja pi\u0161e na idiomu Pra\u017enica.&nbsp; Ve\u0107 u ranijem djetinjstvu pokazuje sklonost za poetski izri\u010daj te kao gimnazijalka objavljuje zbirku poezije \u201eSrce u dvoru\u201c u izdanju Ogranka Matice hrvatske &#8211; Split . Od tada gostuje na brojnim pjesni\u010dkim smotrama i manifestacijama.<br \/>\n<u>Ivona D\u017eimbeg<\/u> ro\u0111. Radi\u0107 se jo\u0161 kao jedanaestogodi\u0161njakinja deklarirala kao \u010dakavska pjesnikinja koja pi\u0161e na pu\u010di\u0161kom idiomu. Na Nazorovim danima, Maruli\u0107evim danima, Lidranu i dr. osvaja nagrade za svoje radove. Sudjeluje na brojnim manifestacijama koje se bave o\u010duvanjem nematerijale ba\u0161tine. Pjesme su joj uvr\u0161tene u zbornike festivala.<\/p>\n<p>&nbsp;<\/p>\n<p>29. 07. 2019. (ponedjeljak)&nbsp; u 21 sat&nbsp;<br \/>\n<strong>prof. dr. sc. JOSIP VRANDE\u010cI\u0106<\/strong>:<br \/>\n<u>Bra\u010dka galija u Kandijskom ratu&nbsp; (predavanje)<\/u><\/p>\n<p><u>Josip Vrande\u010di\u0107<\/u><strong>&nbsp; <\/strong>je redoviti profesor Filozofskog fakulteta u Splitu, Odsjek za povijest gdje predaje modernu europsku povijest. Autor je deset knjiga i stotinjak znanstvenih i stru\u010dnih radova. Gostuje na doktorskim studijima Katoli\u010dko bogoslovnog fakulteta u Splitu i Universit\u00e0 Europea u Rimu. \u010clan je uredni\u0161tva&nbsp; Knji\u017eevnog kruga Split i glavni urednik Bra\u010dkog zbornika.Iako je podru\u010dje njegova znanstvena rada moderna povijest rado se ve\u0107 godinama odaziva na pozive Narodne knji\u017enice \u201eHrvatski skup\u201c Pu\u010di\u0161\u0107a te svojim predavanjima o pro\u0161losti Pu\u010di\u0161\u0107a privla\u010di brojnu zainteresiranu publiku.<\/p>\n<p>&nbsp;<\/p>\n<p>04. 08. 2019. (nedjelja)&nbsp; u 20.30 sati<br \/>\n<strong>DUBRAVKA BORI\u0106:<br \/>\n<\/strong><strong><u>\u201e<\/u><\/strong><u>Bubamara\u201c<br \/>\n<\/u><u>predstavljanje zbirke poezije za djecu<\/u><\/p>\n<p><u>Dubravka Bori\u0107 ro\u0111. Marinovi\u0107 <\/u>pi\u0161e na pu\u010di\u0161kom dijalektu. Ro\u0111ena je u Pu\u010di\u0161\u0107ima, a \u017eivi u Podgori, umirovljena je odgajateljica. U prvoj zbirci poezije \u201eU Pu\u010di\u0161ku valu ku\u0161tat\u201c ispjevala je svojim Pu\u010di\u0161\u0107ima \u201ezbirku kartulina\u201c. \u201eBubamara\u201c njena nova zbirka poezije na zavi\u010dajnom govoru svojevrstan je spomen jednom djetinjstvu i odrastanju u Pu\u010di\u0161\u0107ima.&nbsp;<\/p>\n<p>&nbsp;<\/p>\n<p>06. 08. 2019. (utorak) u 21 sat&nbsp;<br \/>\n<strong>prof. dr. sc. VEDRAN BARBARI\u0106<\/strong>:<br \/>\n<u>Kontinuitet svetih mjesta na otoku Bra\u010du (predavanje)<\/u><\/p>\n<p><u>Vedran Barbari\u0107<\/u> docent je na Odsjeku za povijest umjetnosti Filozofskog fakulteta Sveu\u010dili\u0161ta u Splitu, gdje radi od 2005. godine. Podru\u010dja su mu znanstvenog interesa materijalna kultura posljednjeg tisu\u0107lje\u0107a pr. Kr., ranokr\u0161\u0107anska i ranosrednjovjekovna umjetnost. Od 2007. godine vodi sustavno istra\u017eivanje na lokalitetu Rat kod Lo\u017ei\u0161\u0107a na otoku Bra\u010du. Stru\u010dni doprinos ostvaruje u procesima kulturnog turizma, gdje se bavi modelima prezentacije i komunikacije materijalne i nematerijalne ba\u0161tine te aktivno sudjeluje u procesima transfera znanja i edukacijama vezanim uz kulturnu ba\u0161tinu.<\/p>\n<p>&nbsp;<\/p>\n<p>12. 08. 2019. (ponedjeljak)&nbsp; u 21 sat<br \/>\n<strong>dr. sc. DOMAGOJ VIDOVI\u0106<\/strong>:<br \/>\n<u>Oprosti mi, Gospodine, jer sam Dalmatinac:<br \/>\n\u0161torija o sv. Jeri&nbsp; (predavanje)<\/u><\/p>\n<p><u>Domagoj Vidovi<\/u><u>\u0107<\/u>&nbsp; zaposlen je u Institutu za hrvatski jezik i jezikoslovlje na kojemu radi na projektima Odjela za onomastiku i etimologiju te je voditelj podru\u017enice Instituta za hrvatski jezik i jezikoslovlje u Metkovi\u0107u. Predmet njegova u\u017eeg zanimanja je onomastika na rubnim hrvatskim prostorima i akcentologija, a bavi se i prevo\u0111enjem s esperanta. Objavljuje knjige samostalno i u suautorstvu, znanstvene radove, \u010dlanke o podrijetlu neretvanskih i bra\u010dkih rodova\u2026<br \/>\nRedoviti je&nbsp; predava\u010d na na\u0161im ljetnim predavanjima.<\/p>\n<p>&nbsp;<\/p>\n<p>19. 08. 2019. (ponedjeljak)&nbsp; u 21 sat&nbsp;<br \/>\n<strong>prof. dr. sc.<\/strong> <strong>DANIEL DENEGRI<\/strong>:<br \/>\n<em><u>NOVOSTI IZ CERNA <\/u><\/em><u>(predavanje)<\/u><\/p>\n<p><u>Daniel Denegri <\/u>istaknuti je hrvatski fizi\u010dar. Podru\u010dja njegova znanstvenoga interesa i istra\u017eivanja su brojna, a glavno podru\u010dje je fizika elementarnih \u010destica. \u010clan je vi\u0161e me\u0111unarodnih stru\u010dnih odbora i odnedavno dopisni \u010dlan Hrvatske akademije znanosti i umjetnosti.<br \/>\nPredava\u010d s najduljim sta\u017eom na ljetnim predavanjima u organizaciji Narodne knji\u017enice \u201eHrvatski skup\u201c Pu\u010di\u0161\u0107a, \u010dija predavanja iz godine u godine privla\u010de pa\u017enju nove publiku, ali i sadr\u017eavaju pa\u017enju njegove vjerne pu\u010di\u0161ke publike.<\/p>\n","protected":false},"excerpt":{"rendered":"<p>15. 07. 2019. (ponedjeljak) u 21 sat JADRANKA NEJA\u0160MI\u0106: Bro\u010du s puno jubavi: Bra\u010dka kulturna ba\u0161tina Jadranka Neja\u0161mi\u0107, ravnateljica Op\u0107inske \u010ditaonice Bol ili bolje re\u010deno \u201eba\u0161tinski animator i ambasador\u201c,&nbsp; ve\u0107 godinama radi&nbsp; na promid\u017ebi bra\u010dke odnosno hrvatske kulture i umjetnosti. U suradnji s akademskim televizijskim i filmskim redateljem i snimateljem&nbsp;\u0160imom Strikomanom Jadranka Neja\u0161mi\u0107 je &nbsp;snimila [&hellip;]<\/p>\n","protected":false},"author":161,"featured_media":0,"comment_status":"closed","ping_status":"closed","sticky":false,"template":"","format":"standard","meta":{"ngg_post_thumbnail":0},"categories":[1],"tags":[],"yoast_head":"<!-- This site is optimized with the Yoast SEO plugin v16.4 - https:\/\/yoast.com\/wordpress\/plugins\/seo\/ -->\n<meta name=\"robots\" content=\"index, follow, max-snippet:-1, max-image-preview:large, max-video-preview:-1\" \/>\n<link rel=\"canonical\" href=\"http:\/\/knjiznice.nsk.hr\/hrvatskiskup\/2019\/07\/12\/ljeto-2019\/\" \/>\n<meta property=\"og:locale\" content=\"hr_HR\" \/>\n<meta property=\"og:type\" content=\"article\" \/>\n<meta property=\"og:title\" content=\"Ljeto 2019. - Narodna knji\u017enica &quot;Hrvatski skup&quot;\" \/>\n<meta property=\"og:description\" content=\"15. 07. 2019. (ponedjeljak) u 21 sat JADRANKA NEJA\u0160MI\u0106: Bro\u010du s puno jubavi: Bra\u010dka kulturna ba\u0161tina Jadranka Neja\u0161mi\u0107, ravnateljica Op\u0107inske \u010ditaonice Bol ili bolje re\u010deno \u201eba\u0161tinski animator i ambasador\u201c,&nbsp; ve\u0107 godinama radi&nbsp; na promid\u017ebi bra\u010dke odnosno hrvatske kulture i umjetnosti. U suradnji s akademskim televizijskim i filmskim redateljem i snimateljem&nbsp;\u0160imom Strikomanom Jadranka Neja\u0161mi\u0107 je &nbsp;snimila [&hellip;]\" \/>\n<meta property=\"og:url\" content=\"http:\/\/knjiznice.nsk.hr\/hrvatskiskup\/2019\/07\/12\/ljeto-2019\/\" \/>\n<meta property=\"og:site_name\" content=\"Narodna knji\u017enica &quot;Hrvatski skup&quot;\" \/>\n<meta property=\"article:publisher\" content=\"http:\/\/knjiznica.pucisca@gmail.com\" \/>\n<meta property=\"article:published_time\" content=\"2019-07-11T22:03:11+00:00\" \/>\n<meta property=\"article:modified_time\" content=\"2019-07-11T22:10:59+00:00\" \/>\n<meta property=\"og:image\" content=\"http:\/\/knjiznice.nsk.hr\/hrvatskiskup\/wp-content\/uploads\/sites\/104\/2019\/07\/0001-300x212.jpg\" \/>\n<meta name=\"twitter:card\" content=\"summary_large_image\" \/>\n<meta name=\"twitter:label1\" content=\"Procijenjeno vrijeme \u010ditanja\" \/>\n\t<meta name=\"twitter:data1\" content=\"4 minute\" \/>\n<script type=\"application\/ld+json\" class=\"yoast-schema-graph\">{\"@context\":\"https:\/\/schema.org\",\"@graph\":[{\"@type\":\"WebSite\",\"@id\":\"http:\/\/knjiznice.nsk.hr\/hrvatskiskup\/#website\",\"url\":\"http:\/\/knjiznice.nsk.hr\/hrvatskiskup\/\",\"name\":\"Narodna knji\\u017enica &quot;Hrvatski skup&quot;\",\"description\":\"\\u010cESTA KAPLJA KAMEN DUBE\",\"potentialAction\":[{\"@type\":\"SearchAction\",\"target\":\"http:\/\/knjiznice.nsk.hr\/hrvatskiskup\/?s={search_term_string}\",\"query-input\":\"required name=search_term_string\"}],\"inLanguage\":\"hr\"},{\"@type\":\"ImageObject\",\"@id\":\"http:\/\/knjiznice.nsk.hr\/hrvatskiskup\/2019\/07\/12\/ljeto-2019\/#primaryimage\",\"inLanguage\":\"hr\",\"url\":\"http:\/\/knjiznice.nsk.hr\/hrvatskiskup\/wp-content\/uploads\/sites\/104\/2019\/07\/0001.jpg\",\"contentUrl\":\"http:\/\/knjiznice.nsk.hr\/hrvatskiskup\/wp-content\/uploads\/sites\/104\/2019\/07\/0001.jpg\",\"width\":3508,\"height\":2481},{\"@type\":\"WebPage\",\"@id\":\"http:\/\/knjiznice.nsk.hr\/hrvatskiskup\/2019\/07\/12\/ljeto-2019\/#webpage\",\"url\":\"http:\/\/knjiznice.nsk.hr\/hrvatskiskup\/2019\/07\/12\/ljeto-2019\/\",\"name\":\"Ljeto 2019. - Narodna knji\\u017enica &quot;Hrvatski skup&quot;\",\"isPartOf\":{\"@id\":\"http:\/\/knjiznice.nsk.hr\/hrvatskiskup\/#website\"},\"primaryImageOfPage\":{\"@id\":\"http:\/\/knjiznice.nsk.hr\/hrvatskiskup\/2019\/07\/12\/ljeto-2019\/#primaryimage\"},\"datePublished\":\"2019-07-11T22:03:11+00:00\",\"dateModified\":\"2019-07-11T22:10:59+00:00\",\"author\":{\"@id\":\"http:\/\/knjiznice.nsk.hr\/hrvatskiskup\/#\/schema\/person\/3a0168ea11216fea498cbb8c1102a7a1\"},\"breadcrumb\":{\"@id\":\"http:\/\/knjiznice.nsk.hr\/hrvatskiskup\/2019\/07\/12\/ljeto-2019\/#breadcrumb\"},\"inLanguage\":\"hr\",\"potentialAction\":[{\"@type\":\"ReadAction\",\"target\":[\"http:\/\/knjiznice.nsk.hr\/hrvatskiskup\/2019\/07\/12\/ljeto-2019\/\"]}]},{\"@type\":\"BreadcrumbList\",\"@id\":\"http:\/\/knjiznice.nsk.hr\/hrvatskiskup\/2019\/07\/12\/ljeto-2019\/#breadcrumb\",\"itemListElement\":[{\"@type\":\"ListItem\",\"position\":1,\"item\":{\"@type\":\"WebPage\",\"@id\":\"http:\/\/knjiznice.nsk.hr\/hrvatskiskup\/\",\"url\":\"http:\/\/knjiznice.nsk.hr\/hrvatskiskup\/\",\"name\":\"Po\\u010detna stranica\"}},{\"@type\":\"ListItem\",\"position\":2,\"item\":{\"@id\":\"http:\/\/knjiznice.nsk.hr\/hrvatskiskup\/2019\/07\/12\/ljeto-2019\/#webpage\"}}]},{\"@type\":\"Person\",\"@id\":\"http:\/\/knjiznice.nsk.hr\/hrvatskiskup\/#\/schema\/person\/3a0168ea11216fea498cbb8c1102a7a1\",\"name\":\"akozul\",\"image\":{\"@type\":\"ImageObject\",\"@id\":\"http:\/\/knjiznice.nsk.hr\/hrvatskiskup\/#personlogo\",\"inLanguage\":\"hr\",\"url\":\"http:\/\/1.gravatar.com\/avatar\/17b86523b50f77f05a6cdd5f19f370b9?s=96&d=mm&r=g\",\"contentUrl\":\"http:\/\/1.gravatar.com\/avatar\/17b86523b50f77f05a6cdd5f19f370b9?s=96&d=mm&r=g\",\"caption\":\"akozul\"}}]}<\/script>\n<!-- \/ Yoast SEO plugin. -->","_links":{"self":[{"href":"http:\/\/knjiznice.nsk.hr\/hrvatskiskup\/wp-json\/wp\/v2\/posts\/243"}],"collection":[{"href":"http:\/\/knjiznice.nsk.hr\/hrvatskiskup\/wp-json\/wp\/v2\/posts"}],"about":[{"href":"http:\/\/knjiznice.nsk.hr\/hrvatskiskup\/wp-json\/wp\/v2\/types\/post"}],"author":[{"embeddable":true,"href":"http:\/\/knjiznice.nsk.hr\/hrvatskiskup\/wp-json\/wp\/v2\/users\/161"}],"replies":[{"embeddable":true,"href":"http:\/\/knjiznice.nsk.hr\/hrvatskiskup\/wp-json\/wp\/v2\/comments?post=243"}],"version-history":[{"count":5,"href":"http:\/\/knjiznice.nsk.hr\/hrvatskiskup\/wp-json\/wp\/v2\/posts\/243\/revisions"}],"predecessor-version":[{"id":250,"href":"http:\/\/knjiznice.nsk.hr\/hrvatskiskup\/wp-json\/wp\/v2\/posts\/243\/revisions\/250"}],"wp:attachment":[{"href":"http:\/\/knjiznice.nsk.hr\/hrvatskiskup\/wp-json\/wp\/v2\/media?parent=243"}],"wp:term":[{"taxonomy":"category","embeddable":true,"href":"http:\/\/knjiznice.nsk.hr\/hrvatskiskup\/wp-json\/wp\/v2\/categories?post=243"},{"taxonomy":"post_tag","embeddable":true,"href":"http:\/\/knjiznice.nsk.hr\/hrvatskiskup\/wp-json\/wp\/v2\/tags?post=243"}],"curies":[{"name":"wp","href":"https:\/\/api.w.org\/{rel}","templated":true}]}}