{"id":346,"date":"2021-07-29T10:59:04","date_gmt":"2021-07-29T08:59:04","guid":{"rendered":"http:\/\/knjiznice.nsk.hr\/erdody\/?p=346"},"modified":"2021-07-29T11:05:54","modified_gmt":"2021-07-29T09:05:54","slug":"ljetna-stanka-2","status":"publish","type":"post","link":"http:\/\/knjiznice.nsk.hr\/erdody\/2021\/07\/29\/ljetna-stanka-2\/","title":{"rendered":"Ljetna stanka"},"content":{"rendered":"<p><img loading=\"lazy\" class=\"wp-image-345 alignleft\" src=\"http:\/\/knjiznice.nsk.hr\/erdody\/wp-content\/uploads\/sites\/94\/2021\/07\/9fd9faab9f57d3497fab953983a06ccb-200x300.jpg\" alt=\"\" width=\"202\" height=\"303\" srcset=\"http:\/\/knjiznice.nsk.hr\/erdody\/wp-content\/uploads\/sites\/94\/2021\/07\/9fd9faab9f57d3497fab953983a06ccb-200x300.jpg 200w, http:\/\/knjiznice.nsk.hr\/erdody\/wp-content\/uploads\/sites\/94\/2021\/07\/9fd9faab9f57d3497fab953983a06ccb.jpg 564w\" sizes=\"(max-width: 202px) 100vw, 202px\" \/><\/p>\n<p>Po\u0161tovani korisnici Op\u0107inske knji\u017enice i igraonice, obavje\u0161tavamo Vas da knji\u017enica i igraonica&nbsp;zbog ljetne stanke ne\u0107e raditi od 2. kolovoza do 13. kolovoza 2021.<\/p>\n<p>Knji\u017enica po\u010dinje raditi u ponedjeljak, 16. kolovoza 2021.<\/p>\n<p>Dragi korisnici odmarajte, u\u017eivajte u toplom ljetu, \u010ditajte.<\/p>\n<p>&nbsp;<\/p>\n<p>&nbsp;<\/p>\n<p>&nbsp;<\/p>\n","protected":false},"excerpt":{"rendered":"<p>Po\u0161tovani korisnici Op\u0107inske knji\u017enice i igraonice, obavje\u0161tavamo Vas da knji\u017enica i igraonica&nbsp;zbog ljetne stanke ne\u0107e raditi od 2. kolovoza do 13. kolovoza 2021. Knji\u017enica po\u010dinje raditi u ponedjeljak, 16. kolovoza 2021. Dragi korisnici odmarajte, u\u017eivajte u toplom ljetu, \u010ditajte. &nbsp; &nbsp; &nbsp;<\/p>\n","protected":false},"author":174,"featured_media":0,"comment_status":"closed","ping_status":"closed","sticky":false,"template":"","format":"standard","meta":{"ngg_post_thumbnail":0},"categories":[1],"tags":[],"yoast_head":"<!-- This site is optimized with the Yoast SEO plugin v16.4 - https:\/\/yoast.com\/wordpress\/plugins\/seo\/ -->\n<meta name=\"robots\" content=\"index, follow, max-snippet:-1, max-image-preview:large, max-video-preview:-1\" \/>\n<link rel=\"canonical\" href=\"http:\/\/knjiznice.nsk.hr\/erdody\/2021\/07\/29\/ljetna-stanka-2\/\" \/>\n<meta property=\"og:locale\" content=\"hr_HR\" \/>\n<meta property=\"og:type\" content=\"article\" \/>\n<meta property=\"og:title\" content=\"Ljetna stanka - Op\u0107inska knji\u017enica Sidonije Rubido Erd\u04e7dy Gornja Rijeka\" \/>\n<meta property=\"og:description\" content=\"Po\u0161tovani korisnici Op\u0107inske knji\u017enice i igraonice, obavje\u0161tavamo Vas da knji\u017enica i igraonica&nbsp;zbog ljetne stanke ne\u0107e raditi od 2. kolovoza do 13. kolovoza 2021. Knji\u017enica po\u010dinje raditi u ponedjeljak, 16. kolovoza 2021. Dragi korisnici odmarajte, u\u017eivajte u toplom ljetu, \u010ditajte. &nbsp; &nbsp; &nbsp;\" \/>\n<meta property=\"og:url\" content=\"http:\/\/knjiznice.nsk.hr\/erdody\/2021\/07\/29\/ljetna-stanka-2\/\" \/>\n<meta property=\"og:site_name\" content=\"Op\u0107inska knji\u017enica Sidonije Rubido Erd\u04e7dy Gornja Rijeka\" \/>\n<meta property=\"article:published_time\" content=\"2021-07-29T08:59:04+00:00\" \/>\n<meta property=\"article:modified_time\" content=\"2021-07-29T09:05:54+00:00\" \/>\n<meta property=\"og:image\" content=\"http:\/\/knjiznice.nsk.hr\/erdody\/wp-content\/uploads\/sites\/94\/2021\/07\/9fd9faab9f57d3497fab953983a06ccb-200x300.jpg\" \/>\n<meta name=\"twitter:card\" content=\"summary_large_image\" \/>\n<meta name=\"twitter:label1\" content=\"Procijenjeno vrijeme \u010ditanja\" \/>\n\t<meta name=\"twitter:data1\" content=\"1 minuta\" \/>\n<script type=\"application\/ld+json\" class=\"yoast-schema-graph\">{\"@context\":\"https:\/\/schema.org\",\"@graph\":[{\"@type\":\"Organization\",\"@id\":\"http:\/\/knjiznice.nsk.hr\/erdody\/#organization\",\"name\":\"Op\\u0107inska knji\\u017enica S. R. Erdody\",\"url\":\"http:\/\/knjiznice.nsk.hr\/erdody\/\",\"sameAs\":[],\"logo\":{\"@type\":\"ImageObject\",\"@id\":\"http:\/\/knjiznice.nsk.hr\/erdody\/#logo\",\"inLanguage\":\"hr\",\"url\":\"http:\/\/knjiznice.nsk.hr\/erdody\/wp-content\/uploads\/sites\/94\/2018\/11\/logo.png\",\"contentUrl\":\"http:\/\/knjiznice.nsk.hr\/erdody\/wp-content\/uploads\/sites\/94\/2018\/11\/logo.png\",\"width\":70,\"height\":65,\"caption\":\"Op\\u0107inska knji\\u017enica S. R. Erdody\"},\"image\":{\"@id\":\"http:\/\/knjiznice.nsk.hr\/erdody\/#logo\"}},{\"@type\":\"WebSite\",\"@id\":\"http:\/\/knjiznice.nsk.hr\/erdody\/#website\",\"url\":\"http:\/\/knjiznice.nsk.hr\/erdody\/\",\"name\":\"Op\\u0107inska knji\\u017enica Sidonije Rubido Erd\\u04e7dy Gornja Rijeka\",\"description\":\"\",\"publisher\":{\"@id\":\"http:\/\/knjiznice.nsk.hr\/erdody\/#organization\"},\"potentialAction\":[{\"@type\":\"SearchAction\",\"target\":\"http:\/\/knjiznice.nsk.hr\/erdody\/?s={search_term_string}\",\"query-input\":\"required name=search_term_string\"}],\"inLanguage\":\"hr\"},{\"@type\":\"ImageObject\",\"@id\":\"http:\/\/knjiznice.nsk.hr\/erdody\/2021\/07\/29\/ljetna-stanka-2\/#primaryimage\",\"inLanguage\":\"hr\",\"url\":\"http:\/\/knjiznice.nsk.hr\/erdody\/wp-content\/uploads\/sites\/94\/2021\/07\/9fd9faab9f57d3497fab953983a06ccb.jpg\",\"contentUrl\":\"http:\/\/knjiznice.nsk.hr\/erdody\/wp-content\/uploads\/sites\/94\/2021\/07\/9fd9faab9f57d3497fab953983a06ccb.jpg\",\"width\":564,\"height\":846},{\"@type\":\"WebPage\",\"@id\":\"http:\/\/knjiznice.nsk.hr\/erdody\/2021\/07\/29\/ljetna-stanka-2\/#webpage\",\"url\":\"http:\/\/knjiznice.nsk.hr\/erdody\/2021\/07\/29\/ljetna-stanka-2\/\",\"name\":\"Ljetna stanka - Op\\u0107inska knji\\u017enica Sidonije Rubido Erd\\u04e7dy Gornja Rijeka\",\"isPartOf\":{\"@id\":\"http:\/\/knjiznice.nsk.hr\/erdody\/#website\"},\"primaryImageOfPage\":{\"@id\":\"http:\/\/knjiznice.nsk.hr\/erdody\/2021\/07\/29\/ljetna-stanka-2\/#primaryimage\"},\"datePublished\":\"2021-07-29T08:59:04+00:00\",\"dateModified\":\"2021-07-29T09:05:54+00:00\",\"breadcrumb\":{\"@id\":\"http:\/\/knjiznice.nsk.hr\/erdody\/2021\/07\/29\/ljetna-stanka-2\/#breadcrumb\"},\"inLanguage\":\"hr\",\"potentialAction\":[{\"@type\":\"ReadAction\",\"target\":[\"http:\/\/knjiznice.nsk.hr\/erdody\/2021\/07\/29\/ljetna-stanka-2\/\"]}]},{\"@type\":\"BreadcrumbList\",\"@id\":\"http:\/\/knjiznice.nsk.hr\/erdody\/2021\/07\/29\/ljetna-stanka-2\/#breadcrumb\",\"itemListElement\":[{\"@type\":\"ListItem\",\"position\":1,\"item\":{\"@type\":\"WebPage\",\"@id\":\"http:\/\/knjiznice.nsk.hr\/erdody\/\",\"url\":\"http:\/\/knjiznice.nsk.hr\/erdody\/\",\"name\":\"Po\\u010detna stranica\"}},{\"@type\":\"ListItem\",\"position\":2,\"item\":{\"@id\":\"http:\/\/knjiznice.nsk.hr\/erdody\/2021\/07\/29\/ljetna-stanka-2\/#webpage\"}}]},{\"@type\":\"Article\",\"@id\":\"http:\/\/knjiznice.nsk.hr\/erdody\/2021\/07\/29\/ljetna-stanka-2\/#article\",\"isPartOf\":{\"@id\":\"http:\/\/knjiznice.nsk.hr\/erdody\/2021\/07\/29\/ljetna-stanka-2\/#webpage\"},\"author\":{\"@id\":\"http:\/\/knjiznice.nsk.hr\/erdody\/#\/schema\/person\/0115e558c8bfbbc1c728d520026c0af4\"},\"headline\":\"Ljetna stanka\",\"datePublished\":\"2021-07-29T08:59:04+00:00\",\"dateModified\":\"2021-07-29T09:05:54+00:00\",\"mainEntityOfPage\":{\"@id\":\"http:\/\/knjiznice.nsk.hr\/erdody\/2021\/07\/29\/ljetna-stanka-2\/#webpage\"},\"wordCount\":50,\"publisher\":{\"@id\":\"http:\/\/knjiznice.nsk.hr\/erdody\/#organization\"},\"image\":{\"@id\":\"http:\/\/knjiznice.nsk.hr\/erdody\/2021\/07\/29\/ljetna-stanka-2\/#primaryimage\"},\"thumbnailUrl\":\"http:\/\/knjiznice.nsk.hr\/erdody\/wp-content\/uploads\/sites\/94\/2021\/07\/9fd9faab9f57d3497fab953983a06ccb-200x300.jpg\",\"inLanguage\":\"hr\"},{\"@type\":\"Person\",\"@id\":\"http:\/\/knjiznice.nsk.hr\/erdody\/#\/schema\/person\/0115e558c8bfbbc1c728d520026c0af4\",\"name\":\"erdody\",\"image\":{\"@type\":\"ImageObject\",\"@id\":\"http:\/\/knjiznice.nsk.hr\/erdody\/#personlogo\",\"inLanguage\":\"hr\",\"url\":\"http:\/\/0.gravatar.com\/avatar\/f4756ee0a032cc598ac1efbd1df1a579?s=96&d=mm&r=g\",\"contentUrl\":\"http:\/\/0.gravatar.com\/avatar\/f4756ee0a032cc598ac1efbd1df1a579?s=96&d=mm&r=g\",\"caption\":\"erdody\"},\"url\":\"http:\/\/knjiznice.nsk.hr\/erdody\/\"}]}<\/script>\n<!-- \/ Yoast SEO plugin. -->","_links":{"self":[{"href":"http:\/\/knjiznice.nsk.hr\/erdody\/wp-json\/wp\/v2\/posts\/346"}],"collection":[{"href":"http:\/\/knjiznice.nsk.hr\/erdody\/wp-json\/wp\/v2\/posts"}],"about":[{"href":"http:\/\/knjiznice.nsk.hr\/erdody\/wp-json\/wp\/v2\/types\/post"}],"author":[{"embeddable":true,"href":"http:\/\/knjiznice.nsk.hr\/erdody\/wp-json\/wp\/v2\/users\/174"}],"replies":[{"embeddable":true,"href":"http:\/\/knjiznice.nsk.hr\/erdody\/wp-json\/wp\/v2\/comments?post=346"}],"version-history":[{"count":6,"href":"http:\/\/knjiznice.nsk.hr\/erdody\/wp-json\/wp\/v2\/posts\/346\/revisions"}],"predecessor-version":[{"id":352,"href":"http:\/\/knjiznice.nsk.hr\/erdody\/wp-json\/wp\/v2\/posts\/346\/revisions\/352"}],"wp:attachment":[{"href":"http:\/\/knjiznice.nsk.hr\/erdody\/wp-json\/wp\/v2\/media?parent=346"}],"wp:term":[{"taxonomy":"category","embeddable":true,"href":"http:\/\/knjiznice.nsk.hr\/erdody\/wp-json\/wp\/v2\/categories?post=346"},{"taxonomy":"post_tag","embeddable":true,"href":"http:\/\/knjiznice.nsk.hr\/erdody\/wp-json\/wp\/v2\/tags?post=346"}],"curies":[{"name":"wp","href":"https:\/\/api.w.org\/{rel}","templated":true}]}}