{"id":1,"date":"2013-10-02T07:36:10","date_gmt":"2013-10-02T07:36:10","guid":{"rendered":"http:\/\/knjiznice.nsk.hr\/belisce\/?p=1"},"modified":"2016-04-07T10:01:53","modified_gmt":"2016-04-07T10:01:53","slug":"dan-svijete","status":"publish","type":"post","link":"http:\/\/knjiznice.nsk.hr\/belisce\/dan-svijete\/","title":{"rendered":"Dobar dan, svijete!"},"content":{"rendered":"<p>Dobrodo\u0161li na stranicu Knji\u017enice Beli\u0161\u0107e, mi smo jo\u0161 novi u ovom objavljivanju te vas molimo za maaalkooooc strpljenja dok ne objavimo sve \u0161to trebamo \ud83d\ude42<\/p>\n","protected":false},"excerpt":{"rendered":"<p>Dobrodo\u0161li na stranicu Knji\u017enice Beli\u0161\u0107e, mi smo jo\u0161 novi u ovom objavljivanju te vas molimo za maaalkooooc strpljenja dok ne objavimo sve \u0161to trebamo \ud83d\ude42<\/p>\n","protected":false},"author":10,"featured_media":0,"comment_status":"closed","ping_status":"closed","sticky":false,"template":"","format":"standard","meta":{"ngg_post_thumbnail":0},"categories":[1],"tags":[],"yoast_head":"<!-- This site is optimized with the Yoast SEO plugin v16.4 - https:\/\/yoast.com\/wordpress\/plugins\/seo\/ -->\n<meta name=\"robots\" content=\"index, follow, max-snippet:-1, max-image-preview:large, max-video-preview:-1\" \/>\n<link rel=\"canonical\" href=\"http:\/\/knjiznice.nsk.hr\/belisce\/dan-svijete\/\" \/>\n<meta property=\"og:locale\" content=\"hr_HR\" \/>\n<meta property=\"og:type\" content=\"article\" \/>\n<meta property=\"og:title\" content=\"Dobar dan, svijete! - Gradska knji\u017enica i \u010ditaonica Beli\u0161\u0107e\" \/>\n<meta property=\"og:description\" content=\"Dobrodo\u0161li na stranicu Knji\u017enice Beli\u0161\u0107e, mi smo jo\u0161 novi u ovom objavljivanju te vas molimo za maaalkooooc strpljenja dok ne objavimo sve \u0161to trebamo \ud83d\ude42\" \/>\n<meta property=\"og:url\" content=\"http:\/\/knjiznice.nsk.hr\/belisce\/dan-svijete\/\" \/>\n<meta property=\"og:site_name\" content=\"Gradska knji\u017enica i \u010ditaonica Beli\u0161\u0107e\" \/>\n<meta property=\"article:published_time\" content=\"2013-10-02T07:36:10+00:00\" \/>\n<meta property=\"article:modified_time\" content=\"2016-04-07T10:01:53+00:00\" \/>\n<script type=\"application\/ld+json\" class=\"yoast-schema-graph\">{\"@context\":\"https:\/\/schema.org\",\"@graph\":[{\"@type\":\"WebSite\",\"@id\":\"http:\/\/knjiznice.nsk.hr\/belisce\/#website\",\"url\":\"http:\/\/knjiznice.nsk.hr\/belisce\/\",\"name\":\"Gradska knji\\u017enica i \\u010ditaonica Beli\\u0161\\u0107e\",\"description\":\"Najbolja stvar kod knji\\u017enica jest ta da je dovoljno velika da stane cijeli svijet u nju, a opet dovoljno mala da stane u tvoj grad :)\",\"potentialAction\":[{\"@type\":\"SearchAction\",\"target\":\"http:\/\/knjiznice.nsk.hr\/belisce\/?s={search_term_string}\",\"query-input\":\"required name=search_term_string\"}],\"inLanguage\":\"hr\"},{\"@type\":\"WebPage\",\"@id\":\"http:\/\/knjiznice.nsk.hr\/belisce\/dan-svijete\/#webpage\",\"url\":\"http:\/\/knjiznice.nsk.hr\/belisce\/dan-svijete\/\",\"name\":\"Dobar dan, svijete! - Gradska knji\\u017enica i \\u010ditaonica Beli\\u0161\\u0107e\",\"isPartOf\":{\"@id\":\"http:\/\/knjiznice.nsk.hr\/belisce\/#website\"},\"datePublished\":\"2013-10-02T07:36:10+00:00\",\"dateModified\":\"2016-04-07T10:01:53+00:00\",\"author\":{\"@id\":\"http:\/\/knjiznice.nsk.hr\/belisce\/#\/schema\/person\/f16efaf13c0d354dff1ea3496710a509\"},\"breadcrumb\":{\"@id\":\"http:\/\/knjiznice.nsk.hr\/belisce\/dan-svijete\/#breadcrumb\"},\"inLanguage\":\"hr\",\"potentialAction\":[{\"@type\":\"ReadAction\",\"target\":[\"http:\/\/knjiznice.nsk.hr\/belisce\/dan-svijete\/\"]}]},{\"@type\":\"BreadcrumbList\",\"@id\":\"http:\/\/knjiznice.nsk.hr\/belisce\/dan-svijete\/#breadcrumb\",\"itemListElement\":[{\"@type\":\"ListItem\",\"position\":1,\"item\":{\"@type\":\"WebPage\",\"@id\":\"http:\/\/knjiznice.nsk.hr\/belisce\/\",\"url\":\"http:\/\/knjiznice.nsk.hr\/belisce\/\",\"name\":\"Po\\u010detna stranica\"}},{\"@type\":\"ListItem\",\"position\":2,\"item\":{\"@id\":\"http:\/\/knjiznice.nsk.hr\/belisce\/dan-svijete\/#webpage\"}}]},{\"@type\":\"Person\",\"@id\":\"http:\/\/knjiznice.nsk.hr\/belisce\/#\/schema\/person\/f16efaf13c0d354dff1ea3496710a509\",\"name\":\"Knjiznica belisce\",\"image\":{\"@type\":\"ImageObject\",\"@id\":\"http:\/\/knjiznice.nsk.hr\/belisce\/#personlogo\",\"inLanguage\":\"hr\",\"url\":\"http:\/\/0.gravatar.com\/avatar\/c1819f3b416ecd55daa8f69e49cace7d?s=96&d=mm&r=g\",\"contentUrl\":\"http:\/\/0.gravatar.com\/avatar\/c1819f3b416ecd55daa8f69e49cace7d?s=96&d=mm&r=g\",\"caption\":\"Knjiznica belisce\"},\"url\":\"http:\/\/knjiznice.nsk.hr\/belisce\/\"}]}<\/script>\n<!-- \/ Yoast SEO plugin. -->","_links":{"self":[{"href":"http:\/\/knjiznice.nsk.hr\/belisce\/wp-json\/wp\/v2\/posts\/1"}],"collection":[{"href":"http:\/\/knjiznice.nsk.hr\/belisce\/wp-json\/wp\/v2\/posts"}],"about":[{"href":"http:\/\/knjiznice.nsk.hr\/belisce\/wp-json\/wp\/v2\/types\/post"}],"author":[{"embeddable":true,"href":"http:\/\/knjiznice.nsk.hr\/belisce\/wp-json\/wp\/v2\/users\/10"}],"replies":[{"embeddable":true,"href":"http:\/\/knjiznice.nsk.hr\/belisce\/wp-json\/wp\/v2\/comments?post=1"}],"version-history":[{"count":3,"href":"http:\/\/knjiznice.nsk.hr\/belisce\/wp-json\/wp\/v2\/posts\/1\/revisions"}],"predecessor-version":[{"id":53,"href":"http:\/\/knjiznice.nsk.hr\/belisce\/wp-json\/wp\/v2\/posts\/1\/revisions\/53"}],"wp:attachment":[{"href":"http:\/\/knjiznice.nsk.hr\/belisce\/wp-json\/wp\/v2\/media?parent=1"}],"wp:term":[{"taxonomy":"category","embeddable":true,"href":"http:\/\/knjiznice.nsk.hr\/belisce\/wp-json\/wp\/v2\/categories?post=1"},{"taxonomy":"post_tag","embeddable":true,"href":"http:\/\/knjiznice.nsk.hr\/belisce\/wp-json\/wp\/v2\/tags?post=1"}],"curies":[{"name":"wp","href":"https:\/\/api.w.org\/{rel}","templated":true}]}}