{"id":2601,"date":"2026-04-29T12:34:49","date_gmt":"2026-04-29T12:34:49","guid":{"rendered":"http:\/\/knjiznice.nsk.hr\/babina-greda\/?p=2601"},"modified":"2026-04-29T12:34:49","modified_gmt":"2026-04-29T12:34:49","slug":"noc-knjige-2026","status":"publish","type":"post","link":"http:\/\/knjiznice.nsk.hr\/babina-greda\/noc-knjige-2026\/","title":{"rendered":"No\u0107 knjige 2026."},"content":{"rendered":"<p>U \u010detvrtak ujutro posjetile su nas dvije skupine vrti\u0107araca! \u010citali smo o Elmeru, Grubzonovom djetetu i raznobojnom \u010dudovi\u0161tu i ispunili papire \u0161arenim crte\u017eima! <img loading=\"lazy\" class=\"aligncenter size-medium wp-image-2603\" src=\"http:\/\/knjiznice.nsk.hr\/babina-greda\/wp-content\/uploads\/sites\/72\/2026\/04\/679145652_1372571464898445_7244857621112808780_n-336x448.jpg\" alt=\"\" width=\"336\" height=\"448\" srcset=\"http:\/\/knjiznice.nsk.hr\/babina-greda\/wp-content\/uploads\/sites\/72\/2026\/04\/679145652_1372571464898445_7244857621112808780_n-336x448.jpg 336w, http:\/\/knjiznice.nsk.hr\/babina-greda\/wp-content\/uploads\/sites\/72\/2026\/04\/679145652_1372571464898445_7244857621112808780_n-848x1131.jpg 848w, http:\/\/knjiznice.nsk.hr\/babina-greda\/wp-content\/uploads\/sites\/72\/2026\/04\/679145652_1372571464898445_7244857621112808780_n-768x1024.jpg 768w, http:\/\/knjiznice.nsk.hr\/babina-greda\/wp-content\/uploads\/sites\/72\/2026\/04\/679145652_1372571464898445_7244857621112808780_n-600x800.jpg 600w, http:\/\/knjiznice.nsk.hr\/babina-greda\/wp-content\/uploads\/sites\/72\/2026\/04\/679145652_1372571464898445_7244857621112808780_n-1152x1536.jpg 1152w, http:\/\/knjiznice.nsk.hr\/babina-greda\/wp-content\/uploads\/sites\/72\/2026\/04\/679145652_1372571464898445_7244857621112808780_n-624x832.jpg 624w, http:\/\/knjiznice.nsk.hr\/babina-greda\/wp-content\/uploads\/sites\/72\/2026\/04\/679145652_1372571464898445_7244857621112808780_n.jpg 1536w\" sizes=\"(max-width: 336px) 100vw, 336px\" \/><\/p>\n<p>Na \u0110ur\u0111evo, u sklopu programa za &#8220;No\u0107 knjige&#8221; u na\u0161oj knji\u017enici otvorena je izlo\u017eba &#8220;100 godina Hrvatskog lista: od Lista do Glasa&#8221; Ovoj izlo\u017ebi prethodilo je obilje\u017eavanje 80. godi\u0161njice smrti Franje Babi\u0107a, urednika Hrvatskoga lista podrijetlom iz Babine Grede. Autorica izlo\u017ebe <span class=\"html-span xdj266r x14z9mp xat24cr x1lziwak xexx8yu xyri2b x18d9i69 x1c1uobl x1hl2dhg x16tdsg8 x1vvkbs\"><a class=\"x1i10hfl xjbqb8w x1ejq31n x18oe1m7 x1sy0etr xstzfhl x972fbf x10w94by x1qhh985 x14e42zd x9f619 x1ypdohk xt0psk2 x3ct3a4 xdj266r x14z9mp xat24cr x1lziwak xexx8yu xyri2b x18d9i69 x1c1uobl x16tdsg8 x1hl2dhg xggy1nq x1a2a7pz xkrqix3 x1sur9pj x1fey0fg x1s688f\" role=\"link\" href=\"https:\/\/l.facebook.com\/l.php?u=http%3A%2F%2Fdr.sc%2F%3Ffbclid%3DIwZXh0bgNhZW0CMTAAYnJpZBExSDlDUElNeVJmT2hWb2JzM3NydGMGYXBwX2lkEDIyMjAzOTE3ODgyMDA4OTIAAR7XFdrVyZcYwRBd04yUrbAOdKsXQ6Hzjtw0S63Q3qED3YWsXGUkmPf58KfGyQ_aem_ikQkCDEgdejviusygv-Uyw&amp;h=AT4uEtAIxqp9fqwng2cimNEdb5B3OjDX3KMfO_gp4DTN24dhsP68Qexm2eY9umYwUNXLN9GUb_9mWe4lYA3CaftGxTw_WrQoDv1O10buPOxuukpQGEDT49386GnA4bWZTvhj4ZEYyXjldbsp&amp;__tn__=-UK-R&amp;c[0]=AT7_pD6ySOEcJBxa_VAgGefBVAgS6sJ-IdMJ1Jdmlr6hW0JI7KtQyJhQCWebx5W0mgu1wdeVVlXKDvqItbMIrDI7ZE7GO7r9whb_9uxmAR8TKJxKWE-Am2BRWg7GsDe-zlfSM8b8deqQgNzoMzfhGEOV7wxRBWQxe79qgRj02L9tU1f2R85B-f8gbk4CR7j6eyoJuaWNb1UQtYN2rR_vPflZyw\" target=\"_blank\" rel=\"nofollow noopener noreferrer\">dr.sc.<\/a><\/span> Marina Vinaj, ujedno i voditeljica knji\u017enice Muzeja Slavonije, otvorila je ovu izlo\u017ebu koja nije samo pri\u010da o pro\u0161losti. Ova izlo\u017eba je pri\u010da o ljudima, svakodnevici koju su \u017eivjeli, \u017eivot koji su imali. I nije to samo osje\u010dka pri\u010da, ve\u0107 i babogredska! Istra\u017eiva\u010dica i zaljubljenica u Babinu Gredu Tena Babi\u0107 Sesar potrudila se odvojiti \u010dlanke Hrvatskog lista od 1938. do 1940. godine koji govore o Babinoj Gredi. \u010clanci su zanimljivi, intrigantni i vrijedni ponovnog \u010ditanja u 21. stolje\u0107u. Zahvaljujemo na\u0161im dvjema suradnicama i svim kolegama iz Muzeja Slavonije!Izlo\u017eba se mo\u017ee pogledati u radnom vremenu Knji\u017enice! <img loading=\"lazy\" class=\"aligncenter size-medium wp-image-2604\" src=\"http:\/\/knjiznice.nsk.hr\/babina-greda\/wp-content\/uploads\/sites\/72\/2026\/04\/viber_slika_2026-04-23_18-41-04-900-497x373.jpg\" alt=\"\" width=\"497\" height=\"373\" srcset=\"http:\/\/knjiznice.nsk.hr\/babina-greda\/wp-content\/uploads\/sites\/72\/2026\/04\/viber_slika_2026-04-23_18-41-04-900-497x373.jpg 497w, http:\/\/knjiznice.nsk.hr\/babina-greda\/wp-content\/uploads\/sites\/72\/2026\/04\/viber_slika_2026-04-23_18-41-04-900-1096x822.jpg 1096w, http:\/\/knjiznice.nsk.hr\/babina-greda\/wp-content\/uploads\/sites\/72\/2026\/04\/viber_slika_2026-04-23_18-41-04-900-768x576.jpg 768w, http:\/\/knjiznice.nsk.hr\/babina-greda\/wp-content\/uploads\/sites\/72\/2026\/04\/viber_slika_2026-04-23_18-41-04-900-600x450.jpg 600w, http:\/\/knjiznice.nsk.hr\/babina-greda\/wp-content\/uploads\/sites\/72\/2026\/04\/viber_slika_2026-04-23_18-41-04-900-1536x1152.jpg 1536w, http:\/\/knjiznice.nsk.hr\/babina-greda\/wp-content\/uploads\/sites\/72\/2026\/04\/viber_slika_2026-04-23_18-41-04-900-624x468.jpg 624w, http:\/\/knjiznice.nsk.hr\/babina-greda\/wp-content\/uploads\/sites\/72\/2026\/04\/viber_slika_2026-04-23_18-41-04-900.jpg 1600w\" sizes=\"(max-width: 497px) 100vw, 497px\" \/> <img loading=\"lazy\" class=\"aligncenter size-medium wp-image-2605\" src=\"http:\/\/knjiznice.nsk.hr\/babina-greda\/wp-content\/uploads\/sites\/72\/2026\/04\/viber_slika_2026-04-23_18-41-05-382-497x373.jpg\" alt=\"\" width=\"497\" height=\"373\" srcset=\"http:\/\/knjiznice.nsk.hr\/babina-greda\/wp-content\/uploads\/sites\/72\/2026\/04\/viber_slika_2026-04-23_18-41-05-382-497x373.jpg 497w, http:\/\/knjiznice.nsk.hr\/babina-greda\/wp-content\/uploads\/sites\/72\/2026\/04\/viber_slika_2026-04-23_18-41-05-382-1096x822.jpg 1096w, http:\/\/knjiznice.nsk.hr\/babina-greda\/wp-content\/uploads\/sites\/72\/2026\/04\/viber_slika_2026-04-23_18-41-05-382-768x576.jpg 768w, http:\/\/knjiznice.nsk.hr\/babina-greda\/wp-content\/uploads\/sites\/72\/2026\/04\/viber_slika_2026-04-23_18-41-05-382-600x450.jpg 600w, http:\/\/knjiznice.nsk.hr\/babina-greda\/wp-content\/uploads\/sites\/72\/2026\/04\/viber_slika_2026-04-23_18-41-05-382-1536x1152.jpg 1536w, http:\/\/knjiznice.nsk.hr\/babina-greda\/wp-content\/uploads\/sites\/72\/2026\/04\/viber_slika_2026-04-23_18-41-05-382-624x468.jpg 624w, http:\/\/knjiznice.nsk.hr\/babina-greda\/wp-content\/uploads\/sites\/72\/2026\/04\/viber_slika_2026-04-23_18-41-05-382.jpg 1600w\" sizes=\"(max-width: 497px) 100vw, 497px\" \/> <img loading=\"lazy\" class=\"aligncenter size-medium wp-image-2606\" src=\"http:\/\/knjiznice.nsk.hr\/babina-greda\/wp-content\/uploads\/sites\/72\/2026\/04\/viber_slika_2026-04-23_18-28-31-843-336x448.jpg\" alt=\"\" width=\"336\" height=\"448\" srcset=\"http:\/\/knjiznice.nsk.hr\/babina-greda\/wp-content\/uploads\/sites\/72\/2026\/04\/viber_slika_2026-04-23_18-28-31-843-336x448.jpg 336w, http:\/\/knjiznice.nsk.hr\/babina-greda\/wp-content\/uploads\/sites\/72\/2026\/04\/viber_slika_2026-04-23_18-28-31-843-848x1131.jpg 848w, http:\/\/knjiznice.nsk.hr\/babina-greda\/wp-content\/uploads\/sites\/72\/2026\/04\/viber_slika_2026-04-23_18-28-31-843-768x1024.jpg 768w, http:\/\/knjiznice.nsk.hr\/babina-greda\/wp-content\/uploads\/sites\/72\/2026\/04\/viber_slika_2026-04-23_18-28-31-843-600x800.jpg 600w, http:\/\/knjiznice.nsk.hr\/babina-greda\/wp-content\/uploads\/sites\/72\/2026\/04\/viber_slika_2026-04-23_18-28-31-843-1152x1536.jpg 1152w, http:\/\/knjiznice.nsk.hr\/babina-greda\/wp-content\/uploads\/sites\/72\/2026\/04\/viber_slika_2026-04-23_18-28-31-843-624x832.jpg 624w, http:\/\/knjiznice.nsk.hr\/babina-greda\/wp-content\/uploads\/sites\/72\/2026\/04\/viber_slika_2026-04-23_18-28-31-843.jpg 1200w\" sizes=\"(max-width: 336px) 100vw, 336px\" \/> <img loading=\"lazy\" class=\"aligncenter size-medium wp-image-2608\" src=\"http:\/\/knjiznice.nsk.hr\/babina-greda\/wp-content\/uploads\/sites\/72\/2026\/04\/viber_slika_2026-04-23_18-28-32-130-336x448.jpg\" alt=\"\" width=\"336\" height=\"448\" srcset=\"http:\/\/knjiznice.nsk.hr\/babina-greda\/wp-content\/uploads\/sites\/72\/2026\/04\/viber_slika_2026-04-23_18-28-32-130-336x448.jpg 336w, http:\/\/knjiznice.nsk.hr\/babina-greda\/wp-content\/uploads\/sites\/72\/2026\/04\/viber_slika_2026-04-23_18-28-32-130-848x1131.jpg 848w, http:\/\/knjiznice.nsk.hr\/babina-greda\/wp-content\/uploads\/sites\/72\/2026\/04\/viber_slika_2026-04-23_18-28-32-130-768x1024.jpg 768w, http:\/\/knjiznice.nsk.hr\/babina-greda\/wp-content\/uploads\/sites\/72\/2026\/04\/viber_slika_2026-04-23_18-28-32-130-600x800.jpg 600w, http:\/\/knjiznice.nsk.hr\/babina-greda\/wp-content\/uploads\/sites\/72\/2026\/04\/viber_slika_2026-04-23_18-28-32-130-1152x1536.jpg 1152w, http:\/\/knjiznice.nsk.hr\/babina-greda\/wp-content\/uploads\/sites\/72\/2026\/04\/viber_slika_2026-04-23_18-28-32-130-624x832.jpg 624w, http:\/\/knjiznice.nsk.hr\/babina-greda\/wp-content\/uploads\/sites\/72\/2026\/04\/viber_slika_2026-04-23_18-28-32-130.jpg 1200w\" sizes=\"(max-width: 336px) 100vw, 336px\" \/><\/p>\n","protected":false},"excerpt":{"rendered":"<p>U \u010detvrtak ujutro posjetile su nas dvije skupine vrti\u0107araca! \u010citali smo o Elmeru, Grubzonovom djetetu i raznobojnom \u010dudovi\u0161tu i ispunili papire \u0161arenim crte\u017eima! Na \u0110ur\u0111evo, u sklopu programa za &#8220;No\u0107 knjige&#8221; u na\u0161oj knji\u017enici otvorena je izlo\u017eba &#8220;100 godina Hrvatskog lista: od Lista do Glasa&#8221; Ovoj izlo\u017ebi prethodilo je obilje\u017eavanje 80. godi\u0161njice smrti Franje Babi\u0107a, [&hellip;]<\/p>\n","protected":false},"author":86,"featured_media":0,"comment_status":"closed","ping_status":"closed","sticky":false,"template":"","format":"standard","meta":{"ngg_post_thumbnail":0},"categories":[1],"tags":[],"yoast_head":"<!-- This site is optimized with the Yoast SEO plugin v16.4 - https:\/\/yoast.com\/wordpress\/plugins\/seo\/ -->\n<title>No\u0107 knjige 2026. &ndash; Op\u0107inska narodna knji\u017enica Babina Greda<\/title>\n<meta name=\"robots\" content=\"index, follow, max-snippet:-1, max-image-preview:large, max-video-preview:-1\" \/>\n<link rel=\"canonical\" href=\"http:\/\/knjiznice.nsk.hr\/babina-greda\/noc-knjige-2026\/\" \/>\n<meta property=\"og:locale\" content=\"hr_HR\" \/>\n<meta property=\"og:type\" content=\"article\" \/>\n<meta property=\"og:title\" content=\"No\u0107 knjige 2026. &ndash; Op\u0107inska narodna knji\u017enica Babina Greda\" \/>\n<meta property=\"og:description\" content=\"U \u010detvrtak ujutro posjetile su nas dvije skupine vrti\u0107araca! \u010citali smo o Elmeru, Grubzonovom djetetu i raznobojnom \u010dudovi\u0161tu i ispunili papire \u0161arenim crte\u017eima! Na \u0110ur\u0111evo, u sklopu programa za &#8220;No\u0107 knjige&#8221; u na\u0161oj knji\u017enici otvorena je izlo\u017eba &#8220;100 godina Hrvatskog lista: od Lista do Glasa&#8221; Ovoj izlo\u017ebi prethodilo je obilje\u017eavanje 80. godi\u0161njice smrti Franje Babi\u0107a, [&hellip;]\" \/>\n<meta property=\"og:url\" content=\"http:\/\/knjiznice.nsk.hr\/babina-greda\/noc-knjige-2026\/\" \/>\n<meta property=\"og:site_name\" content=\"Op\u0107inska narodna knji\u017enica Babina Greda\" \/>\n<meta property=\"article:publisher\" content=\"https:\/\/web.facebook.com\/opcinska.narodna.knjiznica.babina.greda\/?ref=bookmarks\" \/>\n<meta property=\"article:published_time\" content=\"2026-04-29T12:34:49+00:00\" \/>\n<meta property=\"og:image\" content=\"http:\/\/knjiznice.nsk.hr\/babina-greda\/wp-content\/uploads\/sites\/72\/2026\/04\/679145652_1372571464898445_7244857621112808780_n-336x448.jpg\" \/>\n<meta name=\"twitter:label1\" content=\"Procijenjeno vrijeme \u010ditanja\" \/>\n\t<meta name=\"twitter:data1\" content=\"2 minute\" \/>\n<script type=\"application\/ld+json\" class=\"yoast-schema-graph\">{\"@context\":\"https:\/\/schema.org\",\"@graph\":[{\"@type\":\"Organization\",\"@id\":\"http:\/\/knjiznice.nsk.hr\/babina-greda\/#organization\",\"name\":\"Op\\u0107inska narodna knji\\u017enica Babina Greda\",\"url\":\"http:\/\/knjiznice.nsk.hr\/babina-greda\/\",\"sameAs\":[\"https:\/\/web.facebook.com\/opcinska.narodna.knjiznica.babina.greda\/?ref=bookmarks\",\"https:\/\/www.instagram.com\/narodnaknjiznica_bg\/\",\"https:\/\/www.youtube.com\/channel\/UC4GLISM7P4Kh8XCIuNsLjHA?view_as=subscriber\"],\"logo\":{\"@type\":\"ImageObject\",\"@id\":\"http:\/\/knjiznice.nsk.hr\/babina-greda\/#logo\",\"inLanguage\":\"hr\",\"url\":\"http:\/\/knjiznice.nsk.hr\/babina-greda\/wp-content\/uploads\/sites\/72\/2017\/05\/logo.jpg\",\"contentUrl\":\"http:\/\/knjiznice.nsk.hr\/babina-greda\/wp-content\/uploads\/sites\/72\/2017\/05\/logo.jpg\",\"width\":1056,\"height\":1368,\"caption\":\"Op\\u0107inska narodna knji\\u017enica Babina Greda\"},\"image\":{\"@id\":\"http:\/\/knjiznice.nsk.hr\/babina-greda\/#logo\"}},{\"@type\":\"WebSite\",\"@id\":\"http:\/\/knjiznice.nsk.hr\/babina-greda\/#website\",\"url\":\"http:\/\/knjiznice.nsk.hr\/babina-greda\/\",\"name\":\"Op\\u0107inska narodna knji\\u017enica Babina Greda\",\"description\":\"\",\"publisher\":{\"@id\":\"http:\/\/knjiznice.nsk.hr\/babina-greda\/#organization\"},\"potentialAction\":[{\"@type\":\"SearchAction\",\"target\":\"http:\/\/knjiznice.nsk.hr\/babina-greda\/?s={search_term_string}\",\"query-input\":\"required name=search_term_string\"}],\"inLanguage\":\"hr\"},{\"@type\":\"ImageObject\",\"@id\":\"http:\/\/knjiznice.nsk.hr\/babina-greda\/noc-knjige-2026\/#primaryimage\",\"inLanguage\":\"hr\",\"url\":\"http:\/\/knjiznice.nsk.hr\/babina-greda\/wp-content\/uploads\/sites\/72\/2026\/04\/679145652_1372571464898445_7244857621112808780_n.jpg\",\"contentUrl\":\"http:\/\/knjiznice.nsk.hr\/babina-greda\/wp-content\/uploads\/sites\/72\/2026\/04\/679145652_1372571464898445_7244857621112808780_n.jpg\",\"width\":1536,\"height\":2048},{\"@type\":\"WebPage\",\"@id\":\"http:\/\/knjiznice.nsk.hr\/babina-greda\/noc-knjige-2026\/#webpage\",\"url\":\"http:\/\/knjiznice.nsk.hr\/babina-greda\/noc-knjige-2026\/\",\"name\":\"No\\u0107 knjige 2026. &ndash; Op\\u0107inska narodna knji\\u017enica Babina Greda\",\"isPartOf\":{\"@id\":\"http:\/\/knjiznice.nsk.hr\/babina-greda\/#website\"},\"primaryImageOfPage\":{\"@id\":\"http:\/\/knjiznice.nsk.hr\/babina-greda\/noc-knjige-2026\/#primaryimage\"},\"datePublished\":\"2026-04-29T12:34:49+00:00\",\"dateModified\":\"2026-04-29T12:34:49+00:00\",\"breadcrumb\":{\"@id\":\"http:\/\/knjiznice.nsk.hr\/babina-greda\/noc-knjige-2026\/#breadcrumb\"},\"inLanguage\":\"hr\",\"potentialAction\":[{\"@type\":\"ReadAction\",\"target\":[\"http:\/\/knjiznice.nsk.hr\/babina-greda\/noc-knjige-2026\/\"]}]},{\"@type\":\"BreadcrumbList\",\"@id\":\"http:\/\/knjiznice.nsk.hr\/babina-greda\/noc-knjige-2026\/#breadcrumb\",\"itemListElement\":[{\"@type\":\"ListItem\",\"position\":1,\"item\":{\"@type\":\"WebPage\",\"@id\":\"http:\/\/knjiznice.nsk.hr\/babina-greda\/\",\"url\":\"http:\/\/knjiznice.nsk.hr\/babina-greda\/\",\"name\":\"Po\\u010detna stranica\"}},{\"@type\":\"ListItem\",\"position\":2,\"item\":{\"@id\":\"http:\/\/knjiznice.nsk.hr\/babina-greda\/noc-knjige-2026\/#webpage\"}}]},{\"@type\":\"Article\",\"@id\":\"http:\/\/knjiznice.nsk.hr\/babina-greda\/noc-knjige-2026\/#article\",\"isPartOf\":{\"@id\":\"http:\/\/knjiznice.nsk.hr\/babina-greda\/noc-knjige-2026\/#webpage\"},\"author\":{\"@id\":\"http:\/\/knjiznice.nsk.hr\/babina-greda\/#\/schema\/person\/4101029d096d06268bd1a3f6250f250a\"},\"headline\":\"No\\u0107 knjige 2026.\",\"datePublished\":\"2026-04-29T12:34:49+00:00\",\"dateModified\":\"2026-04-29T12:34:49+00:00\",\"mainEntityOfPage\":{\"@id\":\"http:\/\/knjiznice.nsk.hr\/babina-greda\/noc-knjige-2026\/#webpage\"},\"wordCount\":185,\"publisher\":{\"@id\":\"http:\/\/knjiznice.nsk.hr\/babina-greda\/#organization\"},\"image\":{\"@id\":\"http:\/\/knjiznice.nsk.hr\/babina-greda\/noc-knjige-2026\/#primaryimage\"},\"thumbnailUrl\":\"http:\/\/knjiznice.nsk.hr\/babina-greda\/wp-content\/uploads\/sites\/72\/2026\/04\/679145652_1372571464898445_7244857621112808780_n-336x448.jpg\",\"articleSection\":[\"Najave\"],\"inLanguage\":\"hr\"},{\"@type\":\"Person\",\"@id\":\"http:\/\/knjiznice.nsk.hr\/babina-greda\/#\/schema\/person\/4101029d096d06268bd1a3f6250f250a\",\"name\":\"Ivana Juri\\u0107\",\"image\":{\"@type\":\"ImageObject\",\"@id\":\"http:\/\/knjiznice.nsk.hr\/babina-greda\/#personlogo\",\"inLanguage\":\"hr\",\"url\":\"http:\/\/0.gravatar.com\/avatar\/fda18b24d9fc6630da74212e00fa3ecf?s=96&d=mm&r=g\",\"contentUrl\":\"http:\/\/0.gravatar.com\/avatar\/fda18b24d9fc6630da74212e00fa3ecf?s=96&d=mm&r=g\",\"caption\":\"Ivana Juri\\u0107\"},\"url\":\"http:\/\/knjiznice.nsk.hr\/babina-greda\/\"}]}<\/script>\n<!-- \/ Yoast SEO plugin. -->","_links":{"self":[{"href":"http:\/\/knjiznice.nsk.hr\/babina-greda\/wp-json\/wp\/v2\/posts\/2601"}],"collection":[{"href":"http:\/\/knjiznice.nsk.hr\/babina-greda\/wp-json\/wp\/v2\/posts"}],"about":[{"href":"http:\/\/knjiznice.nsk.hr\/babina-greda\/wp-json\/wp\/v2\/types\/post"}],"author":[{"embeddable":true,"href":"http:\/\/knjiznice.nsk.hr\/babina-greda\/wp-json\/wp\/v2\/users\/86"}],"replies":[{"embeddable":true,"href":"http:\/\/knjiznice.nsk.hr\/babina-greda\/wp-json\/wp\/v2\/comments?post=2601"}],"version-history":[{"count":1,"href":"http:\/\/knjiznice.nsk.hr\/babina-greda\/wp-json\/wp\/v2\/posts\/2601\/revisions"}],"predecessor-version":[{"id":2609,"href":"http:\/\/knjiznice.nsk.hr\/babina-greda\/wp-json\/wp\/v2\/posts\/2601\/revisions\/2609"}],"wp:attachment":[{"href":"http:\/\/knjiznice.nsk.hr\/babina-greda\/wp-json\/wp\/v2\/media?parent=2601"}],"wp:term":[{"taxonomy":"category","embeddable":true,"href":"http:\/\/knjiznice.nsk.hr\/babina-greda\/wp-json\/wp\/v2\/categories?post=2601"},{"taxonomy":"post_tag","embeddable":true,"href":"http:\/\/knjiznice.nsk.hr\/babina-greda\/wp-json\/wp\/v2\/tags?post=2601"}],"curies":[{"name":"wp","href":"https:\/\/api.w.org\/{rel}","templated":true}]}}