{"id":2400,"date":"2025-10-22T15:33:20","date_gmt":"2025-10-22T15:33:20","guid":{"rendered":"http:\/\/knjiznice.nsk.hr\/babina-greda\/?p=2400"},"modified":"2025-10-22T15:34:12","modified_gmt":"2025-10-22T15:34:12","slug":"2400-2","status":"publish","type":"post","link":"http:\/\/knjiznice.nsk.hr\/babina-greda\/2400-2\/","title":{"rendered":"Me\u0111u\u017eupanijski stru\u010dni skup"},"content":{"rendered":"<p>19. rujna odr\u017ean je stru\u010dni skup povodom Dana Mijata Stojanovi\u0107a i 250 godina na\u0161e osnovne \u0161kole. Na stru\u010dni skup naziva &#8220;Ruralna \u0161kola u fokusu: Uloga izazovi i razvojni potencijali&#8221; pozvani su ravnatelji i pedagozi osnovnih \u0161kola iz triju slavonskih \u017eupanija: Vukovarsko-srijemske \u017eupanije, Osje\u010dko-baranjske \u017eupanije i Brodsko-posavske \u017eupanije. Mijat Stojanovi\u0107 je prije nekoliko stolje\u0107a iznio podatke o izazovima s kojima se ruralne \u0161kole susre\u0107u, a to su socijalna nejednakost, deficitarnost stru\u010dnog zanimanja, nedovoljna sredstva za rad i mali broj u\u010denika. To su sve problemi s kojima se i danas bore \u0161kole, a na\u0161i predava\u010di su nam ponudili rje\u0161enja iz prakti\u010dnih primjera kako probleme savladati. Zahvaljujemo predava\u010dima, nadamo se da \u0107e biti vi\u0161e &#8220;Mijati\u0107a&#8221; kao \u0161to ste vi! Hvala Ministarstvu znanosti, obrazovanja i mladih, Vukovarsko-srijemskoj \u017eupaniji, Op\u0107ini Babina Greda, Turisti\u010dkoj zajednici Op\u0107ine Babina Greda na financijskoj i moralnoj podr\u0161ci.<\/p>\n<p>Objavljen je i <a href=\"https:\/\/www.glas-slavonije.hr\/regija\/2025\/09\/29\/ruralne-su-skole-prema-kvaliteti-obrozovanja-uz-rame-onima-u-urbanim-720723\/?fbclid=IwY2xjawNl15pleHRuA2FlbQIxMQABHiz8Rx9726k8xmvIzuh_tMXBl8JklWpBB_HzOOtnL1W9_WzU32KMM4ummlKU_aem_m-VNQuqRedLRk7yX9uY0Lg\">\u010dlanak o skupu<\/a> u Glasu Slavonije.&nbsp;<\/p>\n","protected":false},"excerpt":{"rendered":"<p>19. rujna odr\u017ean je stru\u010dni skup povodom Dana Mijata Stojanovi\u0107a i 250 godina na\u0161e osnovne \u0161kole. Na stru\u010dni skup naziva &#8220;Ruralna \u0161kola u fokusu: Uloga izazovi i razvojni potencijali&#8221; pozvani su ravnatelji i pedagozi osnovnih \u0161kola iz triju slavonskih \u017eupanija: Vukovarsko-srijemske \u017eupanije, Osje\u010dko-baranjske \u017eupanije i Brodsko-posavske \u017eupanije. Mijat Stojanovi\u0107 je prije nekoliko stolje\u0107a iznio podatke [&hellip;]<\/p>\n","protected":false},"author":86,"featured_media":0,"comment_status":"closed","ping_status":"closed","sticky":false,"template":"","format":"standard","meta":{"ngg_post_thumbnail":0},"categories":[1],"tags":[],"yoast_head":"<!-- This site is optimized with the Yoast SEO plugin v16.4 - https:\/\/yoast.com\/wordpress\/plugins\/seo\/ -->\n<title>Me\u0111u\u017eupanijski stru\u010dni skup &ndash; Op\u0107inska narodna knji\u017enica Babina Greda<\/title>\n<meta name=\"robots\" content=\"index, follow, max-snippet:-1, max-image-preview:large, max-video-preview:-1\" \/>\n<link rel=\"canonical\" href=\"http:\/\/knjiznice.nsk.hr\/babina-greda\/2400-2\/\" \/>\n<meta property=\"og:locale\" content=\"hr_HR\" \/>\n<meta property=\"og:type\" content=\"article\" \/>\n<meta property=\"og:title\" content=\"Me\u0111u\u017eupanijski stru\u010dni skup &ndash; Op\u0107inska narodna knji\u017enica Babina Greda\" \/>\n<meta property=\"og:description\" content=\"19. rujna odr\u017ean je stru\u010dni skup povodom Dana Mijata Stojanovi\u0107a i 250 godina na\u0161e osnovne \u0161kole. Na stru\u010dni skup naziva &#8220;Ruralna \u0161kola u fokusu: Uloga izazovi i razvojni potencijali&#8221; pozvani su ravnatelji i pedagozi osnovnih \u0161kola iz triju slavonskih \u017eupanija: Vukovarsko-srijemske \u017eupanije, Osje\u010dko-baranjske \u017eupanije i Brodsko-posavske \u017eupanije. Mijat Stojanovi\u0107 je prije nekoliko stolje\u0107a iznio podatke [&hellip;]\" \/>\n<meta property=\"og:url\" content=\"http:\/\/knjiznice.nsk.hr\/babina-greda\/2400-2\/\" \/>\n<meta property=\"og:site_name\" content=\"Op\u0107inska narodna knji\u017enica Babina Greda\" \/>\n<meta property=\"article:publisher\" content=\"https:\/\/web.facebook.com\/opcinska.narodna.knjiznica.babina.greda\/?ref=bookmarks\" \/>\n<meta property=\"article:published_time\" content=\"2025-10-22T15:33:20+00:00\" \/>\n<meta property=\"article:modified_time\" content=\"2025-10-22T15:34:12+00:00\" \/>\n<meta property=\"og:image\" content=\"http:\/\/knjiznice.nsk.hr\/babina-greda\/wp-content\/uploads\/sites\/72\/2016\/01\/IMG_20150904_080152.jpg\" \/>\n\t<meta property=\"og:image:width\" content=\"2982\" \/>\n\t<meta property=\"og:image:height\" content=\"1678\" \/>\n<meta name=\"twitter:label1\" content=\"Procijenjeno vrijeme \u010ditanja\" \/>\n\t<meta name=\"twitter:data1\" content=\"1 minuta\" \/>\n<script type=\"application\/ld+json\" class=\"yoast-schema-graph\">{\"@context\":\"https:\/\/schema.org\",\"@graph\":[{\"@type\":\"Organization\",\"@id\":\"http:\/\/knjiznice.nsk.hr\/babina-greda\/#organization\",\"name\":\"Op\\u0107inska narodna knji\\u017enica Babina Greda\",\"url\":\"http:\/\/knjiznice.nsk.hr\/babina-greda\/\",\"sameAs\":[\"https:\/\/web.facebook.com\/opcinska.narodna.knjiznica.babina.greda\/?ref=bookmarks\",\"https:\/\/www.instagram.com\/narodnaknjiznica_bg\/\",\"https:\/\/www.youtube.com\/channel\/UC4GLISM7P4Kh8XCIuNsLjHA?view_as=subscriber\"],\"logo\":{\"@type\":\"ImageObject\",\"@id\":\"http:\/\/knjiznice.nsk.hr\/babina-greda\/#logo\",\"inLanguage\":\"hr\",\"url\":\"http:\/\/knjiznice.nsk.hr\/babina-greda\/wp-content\/uploads\/sites\/72\/2017\/05\/logo.jpg\",\"contentUrl\":\"http:\/\/knjiznice.nsk.hr\/babina-greda\/wp-content\/uploads\/sites\/72\/2017\/05\/logo.jpg\",\"width\":1056,\"height\":1368,\"caption\":\"Op\\u0107inska narodna knji\\u017enica Babina Greda\"},\"image\":{\"@id\":\"http:\/\/knjiznice.nsk.hr\/babina-greda\/#logo\"}},{\"@type\":\"WebSite\",\"@id\":\"http:\/\/knjiznice.nsk.hr\/babina-greda\/#website\",\"url\":\"http:\/\/knjiznice.nsk.hr\/babina-greda\/\",\"name\":\"Op\\u0107inska narodna knji\\u017enica Babina Greda\",\"description\":\"\",\"publisher\":{\"@id\":\"http:\/\/knjiznice.nsk.hr\/babina-greda\/#organization\"},\"potentialAction\":[{\"@type\":\"SearchAction\",\"target\":\"http:\/\/knjiznice.nsk.hr\/babina-greda\/?s={search_term_string}\",\"query-input\":\"required name=search_term_string\"}],\"inLanguage\":\"hr\"},{\"@type\":\"WebPage\",\"@id\":\"http:\/\/knjiznice.nsk.hr\/babina-greda\/2400-2\/#webpage\",\"url\":\"http:\/\/knjiznice.nsk.hr\/babina-greda\/2400-2\/\",\"name\":\"Me\\u0111u\\u017eupanijski stru\\u010dni skup &ndash; Op\\u0107inska narodna knji\\u017enica Babina Greda\",\"isPartOf\":{\"@id\":\"http:\/\/knjiznice.nsk.hr\/babina-greda\/#website\"},\"datePublished\":\"2025-10-22T15:33:20+00:00\",\"dateModified\":\"2025-10-22T15:34:12+00:00\",\"breadcrumb\":{\"@id\":\"http:\/\/knjiznice.nsk.hr\/babina-greda\/2400-2\/#breadcrumb\"},\"inLanguage\":\"hr\",\"potentialAction\":[{\"@type\":\"ReadAction\",\"target\":[\"http:\/\/knjiznice.nsk.hr\/babina-greda\/2400-2\/\"]}]},{\"@type\":\"BreadcrumbList\",\"@id\":\"http:\/\/knjiznice.nsk.hr\/babina-greda\/2400-2\/#breadcrumb\",\"itemListElement\":[{\"@type\":\"ListItem\",\"position\":1,\"item\":{\"@type\":\"WebPage\",\"@id\":\"http:\/\/knjiznice.nsk.hr\/babina-greda\/\",\"url\":\"http:\/\/knjiznice.nsk.hr\/babina-greda\/\",\"name\":\"Po\\u010detna stranica\"}},{\"@type\":\"ListItem\",\"position\":2,\"item\":{\"@id\":\"http:\/\/knjiznice.nsk.hr\/babina-greda\/2400-2\/#webpage\"}}]},{\"@type\":\"Article\",\"@id\":\"http:\/\/knjiznice.nsk.hr\/babina-greda\/2400-2\/#article\",\"isPartOf\":{\"@id\":\"http:\/\/knjiznice.nsk.hr\/babina-greda\/2400-2\/#webpage\"},\"author\":{\"@id\":\"http:\/\/knjiznice.nsk.hr\/babina-greda\/#\/schema\/person\/4101029d096d06268bd1a3f6250f250a\"},\"headline\":\"Me\\u0111u\\u017eupanijski stru\\u010dni skup\",\"datePublished\":\"2025-10-22T15:33:20+00:00\",\"dateModified\":\"2025-10-22T15:34:12+00:00\",\"mainEntityOfPage\":{\"@id\":\"http:\/\/knjiznice.nsk.hr\/babina-greda\/2400-2\/#webpage\"},\"wordCount\":172,\"publisher\":{\"@id\":\"http:\/\/knjiznice.nsk.hr\/babina-greda\/#organization\"},\"articleSection\":[\"Najave\"],\"inLanguage\":\"hr\"},{\"@type\":\"Person\",\"@id\":\"http:\/\/knjiznice.nsk.hr\/babina-greda\/#\/schema\/person\/4101029d096d06268bd1a3f6250f250a\",\"name\":\"Ivana Juri\\u0107\",\"image\":{\"@type\":\"ImageObject\",\"@id\":\"http:\/\/knjiznice.nsk.hr\/babina-greda\/#personlogo\",\"inLanguage\":\"hr\",\"url\":\"http:\/\/0.gravatar.com\/avatar\/fda18b24d9fc6630da74212e00fa3ecf?s=96&d=mm&r=g\",\"contentUrl\":\"http:\/\/0.gravatar.com\/avatar\/fda18b24d9fc6630da74212e00fa3ecf?s=96&d=mm&r=g\",\"caption\":\"Ivana Juri\\u0107\"},\"url\":\"http:\/\/knjiznice.nsk.hr\/babina-greda\/\"}]}<\/script>\n<!-- \/ Yoast SEO plugin. -->","_links":{"self":[{"href":"http:\/\/knjiznice.nsk.hr\/babina-greda\/wp-json\/wp\/v2\/posts\/2400"}],"collection":[{"href":"http:\/\/knjiznice.nsk.hr\/babina-greda\/wp-json\/wp\/v2\/posts"}],"about":[{"href":"http:\/\/knjiznice.nsk.hr\/babina-greda\/wp-json\/wp\/v2\/types\/post"}],"author":[{"embeddable":true,"href":"http:\/\/knjiznice.nsk.hr\/babina-greda\/wp-json\/wp\/v2\/users\/86"}],"replies":[{"embeddable":true,"href":"http:\/\/knjiznice.nsk.hr\/babina-greda\/wp-json\/wp\/v2\/comments?post=2400"}],"version-history":[{"count":2,"href":"http:\/\/knjiznice.nsk.hr\/babina-greda\/wp-json\/wp\/v2\/posts\/2400\/revisions"}],"predecessor-version":[{"id":2409,"href":"http:\/\/knjiznice.nsk.hr\/babina-greda\/wp-json\/wp\/v2\/posts\/2400\/revisions\/2409"}],"wp:attachment":[{"href":"http:\/\/knjiznice.nsk.hr\/babina-greda\/wp-json\/wp\/v2\/media?parent=2400"}],"wp:term":[{"taxonomy":"category","embeddable":true,"href":"http:\/\/knjiznice.nsk.hr\/babina-greda\/wp-json\/wp\/v2\/categories?post=2400"},{"taxonomy":"post_tag","embeddable":true,"href":"http:\/\/knjiznice.nsk.hr\/babina-greda\/wp-json\/wp\/v2\/tags?post=2400"}],"curies":[{"name":"wp","href":"https:\/\/api.w.org\/{rel}","templated":true}]}}