{"id":2355,"date":"2025-09-12T12:58:55","date_gmt":"2025-09-12T12:58:55","guid":{"rendered":"http:\/\/knjiznice.nsk.hr\/babina-greda\/?p=2355"},"modified":"2025-09-12T12:58:55","modified_gmt":"2025-09-12T12:58:55","slug":"projekt-svoja","status":"publish","type":"post","link":"http:\/\/knjiznice.nsk.hr\/babina-greda\/projekt-svoja\/","title":{"rendered":"Projekt &#8220;Svoja&#8221;"},"content":{"rendered":"<section id=\"content\" class=\"no-right block com_content fm-active\">\n<div class=\"container fm-active\">\n<div class=\"row fm-active\">\n<div id=\"content_main\" class=\"col-md-9\">\n<div id=\"yt_component\">\n<article class=\"item-page\">\n<div class=\"xdj266r x14z9mp xat24cr x1lziwak x1vvkbs x126k92a\">\n<div dir=\"auto\">Posljednja, \u010detvrta radionica projekta koji na\u0161a <span class=\"html-span xdj266r x14z9mp xat24cr x1lziwak xexx8yu xyri2b x18d9i69 x1c1uobl x1hl2dhg x16tdsg8 x1vvkbs\"><a class=\"x1i10hfl xjbqb8w x1ejq31n x18oe1m7 x1sy0etr xstzfhl x972fbf x10w94by x1qhh985 x14e42zd x9f619 x1ypdohk xt0psk2 x3ct3a4 xdj266r x14z9mp xat24cr x1lziwak xexx8yu xyri2b x18d9i69 x1c1uobl x16tdsg8 x1hl2dhg xggy1nq x1a2a7pz xkrqix3 x1sur9pj x1fey0fg x1s688f\" role=\"link\" href=\"https:\/\/www.facebook.com\/opcinska.narodna.knjiznica.babina.greda?__cft__[0]=AZVLouyoR-aWVhCtkSfT8f8gkoFrQlPmktHRomR9-svA1iZztKNmVHGAAJKx7Zqox5_RBAMzYNyYqyYhLAUbb5kqOoX7JMqhSQyDiqWc4M8NlTn5k6jqM_t60TzLiarwjqPkrAeiu0KeLDdxnOWxHy7yWM2uCwi8zcyif7scxcdWVjo59fGjD6hNCTJEgGXPz8o&amp;__tn__=-]K-R\"><span class=\"xt0psk2\"><span class=\"xjp7ctv\">Narodna Knji\u017enica Babina Greda<\/span><\/span><\/a><\/span> provodi s <span class=\"html-span xdj266r x14z9mp xat24cr x1lziwak xexx8yu xyri2b x18d9i69 x1c1uobl x1hl2dhg x16tdsg8 x1vvkbs\"><a class=\"x1i10hfl xjbqb8w x1ejq31n x18oe1m7 x1sy0etr xstzfhl x972fbf x10w94by x1qhh985 x14e42zd x9f619 x1ypdohk xt0psk2 x3ct3a4 xdj266r x14z9mp xat24cr x1lziwak xexx8yu xyri2b x18d9i69 x1c1uobl x16tdsg8 x1hl2dhg xggy1nq x1a2a7pz xkrqix3 x1sur9pj x1fey0fg x1s688f\" role=\"link\" href=\"https:\/\/www.facebook.com\/skolskaknjiznica.babinagreda?__cft__[0]=AZVLouyoR-aWVhCtkSfT8f8gkoFrQlPmktHRomR9-svA1iZztKNmVHGAAJKx7Zqox5_RBAMzYNyYqyYhLAUbb5kqOoX7JMqhSQyDiqWc4M8NlTn5k6jqM_t60TzLiarwjqPkrAeiu0KeLDdxnOWxHy7yWM2uCwi8zcyif7scxcdWVjo59fGjD6hNCTJEgGXPz8o&amp;__tn__=-]K-R\"><span class=\"xt0psk2\"><span class=\"xjp7ctv\">O\u0160 &#8220;Mijat Stojanovi\u0107&#8221; Babina Greda<\/span><\/span><\/a><\/span> zove se &#8220;Pa \u0161to ako nije online?&#8221;. Kroz radionicu upozorili smo na opasnosti dijeljenja osobnih podataka na dru\u0161tvenim mre\u017eama, kako svojih tako i tu\u0111ih. Nau\u010dili smo \u0161to je netiketa i kako nepo\u017eeljno pona\u0161anje na internetu mo\u017eemo prijaviti.<\/div>\n<\/div>\n<div class=\"x14z9mp xat24cr x1lziwak x1vvkbs xtlvy1s x126k92a\">\n<div dir=\"auto\">Sve materijale vezane za projekt imamo zahvaljuju\u0107i <span class=\"html-span xdj266r x14z9mp xat24cr x1lziwak xexx8yu xyri2b x18d9i69 x1c1uobl x1hl2dhg x16tdsg8 x1vvkbs\"><a class=\"x1i10hfl xjbqb8w x1ejq31n x18oe1m7 x1sy0etr xstzfhl x972fbf x10w94by x1qhh985 x14e42zd x9f619 x1ypdohk xt0psk2 x3ct3a4 xdj266r x14z9mp xat24cr x1lziwak xexx8yu xyri2b x18d9i69 x1c1uobl x16tdsg8 x1hl2dhg xggy1nq x1a2a7pz xkrqix3 x1sur9pj x1fey0fg x1s688f\" role=\"link\" href=\"https:\/\/www.facebook.com\/kicgprelog?__cft__[0]=AZVLouyoR-aWVhCtkSfT8f8gkoFrQlPmktHRomR9-svA1iZztKNmVHGAAJKx7Zqox5_RBAMzYNyYqyYhLAUbb5kqOoX7JMqhSQyDiqWc4M8NlTn5k6jqM_t60TzLiarwjqPkrAeiu0KeLDdxnOWxHy7yWM2uCwi8zcyif7scxcdWVjo59fGjD6hNCTJEgGXPz8o&amp;__tn__=-]K-R\"><span class=\"xt0psk2\"><span class=\"xjp7ctv\">Knji\u017enica i \u010ditaonica Grada Preloga<\/span><\/span><\/a><\/span> i Goethe institutu u Hrvatskoj!<img loading=\"lazy\" class=\"aligncenter size-medium wp-image-2356\" src=\"http:\/\/knjiznice.nsk.hr\/babina-greda\/wp-content\/uploads\/sites\/72\/2025\/09\/500767490_1106033361552258_5070308396964303938_n-306x448.jpg\" alt=\"\" width=\"306\" height=\"448\" srcset=\"http:\/\/knjiznice.nsk.hr\/babina-greda\/wp-content\/uploads\/sites\/72\/2025\/09\/500767490_1106033361552258_5070308396964303938_n-306x448.jpg 306w, http:\/\/knjiznice.nsk.hr\/babina-greda\/wp-content\/uploads\/sites\/72\/2025\/09\/500767490_1106033361552258_5070308396964303938_n-773x1131.jpg 773w, http:\/\/knjiznice.nsk.hr\/babina-greda\/wp-content\/uploads\/sites\/72\/2025\/09\/500767490_1106033361552258_5070308396964303938_n-768x1123.jpg 768w, http:\/\/knjiznice.nsk.hr\/babina-greda\/wp-content\/uploads\/sites\/72\/2025\/09\/500767490_1106033361552258_5070308396964303938_n-600x877.jpg 600w, http:\/\/knjiznice.nsk.hr\/babina-greda\/wp-content\/uploads\/sites\/72\/2025\/09\/500767490_1106033361552258_5070308396964303938_n-624x912.jpg 624w, http:\/\/knjiznice.nsk.hr\/babina-greda\/wp-content\/uploads\/sites\/72\/2025\/09\/500767490_1106033361552258_5070308396964303938_n.jpg 915w\" sizes=\"(max-width: 306px) 100vw, 306px\" \/> <img loading=\"lazy\" class=\"aligncenter size-medium wp-image-2357\" src=\"http:\/\/knjiznice.nsk.hr\/babina-greda\/wp-content\/uploads\/sites\/72\/2025\/09\/500806135_1106033491552245_7061706987394388429_n-336x448.jpg\" alt=\"\" width=\"336\" height=\"448\" srcset=\"http:\/\/knjiznice.nsk.hr\/babina-greda\/wp-content\/uploads\/sites\/72\/2025\/09\/500806135_1106033491552245_7061706987394388429_n-336x448.jpg 336w, http:\/\/knjiznice.nsk.hr\/babina-greda\/wp-content\/uploads\/sites\/72\/2025\/09\/500806135_1106033491552245_7061706987394388429_n-848x1131.jpg 848w, http:\/\/knjiznice.nsk.hr\/babina-greda\/wp-content\/uploads\/sites\/72\/2025\/09\/500806135_1106033491552245_7061706987394388429_n-768x1024.jpg 768w, http:\/\/knjiznice.nsk.hr\/babina-greda\/wp-content\/uploads\/sites\/72\/2025\/09\/500806135_1106033491552245_7061706987394388429_n-600x800.jpg 600w, http:\/\/knjiznice.nsk.hr\/babina-greda\/wp-content\/uploads\/sites\/72\/2025\/09\/500806135_1106033491552245_7061706987394388429_n-1152x1536.jpg 1152w, http:\/\/knjiznice.nsk.hr\/babina-greda\/wp-content\/uploads\/sites\/72\/2025\/09\/500806135_1106033491552245_7061706987394388429_n-624x832.jpg 624w, http:\/\/knjiznice.nsk.hr\/babina-greda\/wp-content\/uploads\/sites\/72\/2025\/09\/500806135_1106033491552245_7061706987394388429_n.jpg 1536w\" sizes=\"(max-width: 336px) 100vw, 336px\" \/> <img loading=\"lazy\" class=\"aligncenter size-medium wp-image-2358\" src=\"http:\/\/knjiznice.nsk.hr\/babina-greda\/wp-content\/uploads\/sites\/72\/2025\/09\/500995495_1106033394885588_6095399041009287261_n-312x448.jpg\" alt=\"\" width=\"312\" height=\"448\" srcset=\"http:\/\/knjiznice.nsk.hr\/babina-greda\/wp-content\/uploads\/sites\/72\/2025\/09\/500995495_1106033394885588_6095399041009287261_n-312x448.jpg 312w, http:\/\/knjiznice.nsk.hr\/babina-greda\/wp-content\/uploads\/sites\/72\/2025\/09\/500995495_1106033394885588_6095399041009287261_n-787x1131.jpg 787w, http:\/\/knjiznice.nsk.hr\/babina-greda\/wp-content\/uploads\/sites\/72\/2025\/09\/500995495_1106033394885588_6095399041009287261_n-768x1103.jpg 768w, http:\/\/knjiznice.nsk.hr\/babina-greda\/wp-content\/uploads\/sites\/72\/2025\/09\/500995495_1106033394885588_6095399041009287261_n-600x862.jpg 600w, http:\/\/knjiznice.nsk.hr\/babina-greda\/wp-content\/uploads\/sites\/72\/2025\/09\/500995495_1106033394885588_6095399041009287261_n-624x896.jpg 624w, http:\/\/knjiznice.nsk.hr\/babina-greda\/wp-content\/uploads\/sites\/72\/2025\/09\/500995495_1106033394885588_6095399041009287261_n.jpg 891w\" sizes=\"(max-width: 312px) 100vw, 312px\" \/><\/div>\n<\/div>\n<\/article>\n<\/div>\n<\/div>\n<\/div>\n<\/div>\n<\/section>\n","protected":false},"excerpt":{"rendered":"<p>Posljednja, \u010detvrta radionica projekta koji na\u0161a Narodna Knji\u017enica Babina Greda provodi s O\u0160 &#8220;Mijat Stojanovi\u0107&#8221; Babina Greda zove se &#8220;Pa \u0161to ako nije online?&#8221;. Kroz radionicu upozorili smo na opasnosti dijeljenja osobnih podataka na dru\u0161tvenim mre\u017eama, kako svojih tako i tu\u0111ih. Nau\u010dili smo \u0161to je netiketa i kako nepo\u017eeljno pona\u0161anje na internetu mo\u017eemo prijaviti. Sve [&hellip;]<\/p>\n","protected":false},"author":86,"featured_media":0,"comment_status":"closed","ping_status":"closed","sticky":false,"template":"","format":"standard","meta":{"ngg_post_thumbnail":0},"categories":[1],"tags":[],"yoast_head":"<!-- This site is optimized with the Yoast SEO plugin v16.4 - https:\/\/yoast.com\/wordpress\/plugins\/seo\/ -->\n<title>Projekt &quot;Svoja&quot; &ndash; Op\u0107inska narodna knji\u017enica Babina Greda<\/title>\n<meta name=\"robots\" content=\"index, follow, max-snippet:-1, max-image-preview:large, max-video-preview:-1\" \/>\n<link rel=\"canonical\" href=\"http:\/\/knjiznice.nsk.hr\/babina-greda\/projekt-svoja\/\" \/>\n<meta property=\"og:locale\" content=\"hr_HR\" \/>\n<meta property=\"og:type\" content=\"article\" \/>\n<meta property=\"og:title\" content=\"Projekt &quot;Svoja&quot; &ndash; Op\u0107inska narodna knji\u017enica Babina Greda\" \/>\n<meta property=\"og:description\" content=\"Posljednja, \u010detvrta radionica projekta koji na\u0161a Narodna Knji\u017enica Babina Greda provodi s O\u0160 &#8220;Mijat Stojanovi\u0107&#8221; Babina Greda zove se &#8220;Pa \u0161to ako nije online?&#8221;. Kroz radionicu upozorili smo na opasnosti dijeljenja osobnih podataka na dru\u0161tvenim mre\u017eama, kako svojih tako i tu\u0111ih. Nau\u010dili smo \u0161to je netiketa i kako nepo\u017eeljno pona\u0161anje na internetu mo\u017eemo prijaviti. Sve [&hellip;]\" \/>\n<meta property=\"og:url\" content=\"http:\/\/knjiznice.nsk.hr\/babina-greda\/projekt-svoja\/\" \/>\n<meta property=\"og:site_name\" content=\"Op\u0107inska narodna knji\u017enica Babina Greda\" \/>\n<meta property=\"article:publisher\" content=\"https:\/\/web.facebook.com\/opcinska.narodna.knjiznica.babina.greda\/?ref=bookmarks\" \/>\n<meta property=\"article:published_time\" content=\"2025-09-12T12:58:55+00:00\" \/>\n<meta property=\"og:image\" content=\"http:\/\/knjiznice.nsk.hr\/babina-greda\/wp-content\/uploads\/sites\/72\/2025\/09\/500767490_1106033361552258_5070308396964303938_n-306x448.jpg\" \/>\n<meta name=\"twitter:label1\" content=\"Procijenjeno vrijeme \u010ditanja\" \/>\n\t<meta name=\"twitter:data1\" content=\"1 minuta\" \/>\n<script type=\"application\/ld+json\" class=\"yoast-schema-graph\">{\"@context\":\"https:\/\/schema.org\",\"@graph\":[{\"@type\":\"Organization\",\"@id\":\"http:\/\/knjiznice.nsk.hr\/babina-greda\/#organization\",\"name\":\"Op\\u0107inska narodna knji\\u017enica Babina Greda\",\"url\":\"http:\/\/knjiznice.nsk.hr\/babina-greda\/\",\"sameAs\":[\"https:\/\/web.facebook.com\/opcinska.narodna.knjiznica.babina.greda\/?ref=bookmarks\",\"https:\/\/www.instagram.com\/narodnaknjiznica_bg\/\",\"https:\/\/www.youtube.com\/channel\/UC4GLISM7P4Kh8XCIuNsLjHA?view_as=subscriber\"],\"logo\":{\"@type\":\"ImageObject\",\"@id\":\"http:\/\/knjiznice.nsk.hr\/babina-greda\/#logo\",\"inLanguage\":\"hr\",\"url\":\"http:\/\/knjiznice.nsk.hr\/babina-greda\/wp-content\/uploads\/sites\/72\/2017\/05\/logo.jpg\",\"contentUrl\":\"http:\/\/knjiznice.nsk.hr\/babina-greda\/wp-content\/uploads\/sites\/72\/2017\/05\/logo.jpg\",\"width\":1056,\"height\":1368,\"caption\":\"Op\\u0107inska narodna knji\\u017enica Babina Greda\"},\"image\":{\"@id\":\"http:\/\/knjiznice.nsk.hr\/babina-greda\/#logo\"}},{\"@type\":\"WebSite\",\"@id\":\"http:\/\/knjiznice.nsk.hr\/babina-greda\/#website\",\"url\":\"http:\/\/knjiznice.nsk.hr\/babina-greda\/\",\"name\":\"Op\\u0107inska narodna knji\\u017enica Babina Greda\",\"description\":\"\",\"publisher\":{\"@id\":\"http:\/\/knjiznice.nsk.hr\/babina-greda\/#organization\"},\"potentialAction\":[{\"@type\":\"SearchAction\",\"target\":\"http:\/\/knjiznice.nsk.hr\/babina-greda\/?s={search_term_string}\",\"query-input\":\"required name=search_term_string\"}],\"inLanguage\":\"hr\"},{\"@type\":\"ImageObject\",\"@id\":\"http:\/\/knjiznice.nsk.hr\/babina-greda\/projekt-svoja\/#primaryimage\",\"inLanguage\":\"hr\",\"url\":\"http:\/\/knjiznice.nsk.hr\/babina-greda\/wp-content\/uploads\/sites\/72\/2025\/09\/500767490_1106033361552258_5070308396964303938_n.jpg\",\"contentUrl\":\"http:\/\/knjiznice.nsk.hr\/babina-greda\/wp-content\/uploads\/sites\/72\/2025\/09\/500767490_1106033361552258_5070308396964303938_n.jpg\",\"width\":915,\"height\":1338},{\"@type\":\"WebPage\",\"@id\":\"http:\/\/knjiznice.nsk.hr\/babina-greda\/projekt-svoja\/#webpage\",\"url\":\"http:\/\/knjiznice.nsk.hr\/babina-greda\/projekt-svoja\/\",\"name\":\"Projekt \\\"Svoja\\\" &ndash; Op\\u0107inska narodna knji\\u017enica Babina Greda\",\"isPartOf\":{\"@id\":\"http:\/\/knjiznice.nsk.hr\/babina-greda\/#website\"},\"primaryImageOfPage\":{\"@id\":\"http:\/\/knjiznice.nsk.hr\/babina-greda\/projekt-svoja\/#primaryimage\"},\"datePublished\":\"2025-09-12T12:58:55+00:00\",\"dateModified\":\"2025-09-12T12:58:55+00:00\",\"breadcrumb\":{\"@id\":\"http:\/\/knjiznice.nsk.hr\/babina-greda\/projekt-svoja\/#breadcrumb\"},\"inLanguage\":\"hr\",\"potentialAction\":[{\"@type\":\"ReadAction\",\"target\":[\"http:\/\/knjiznice.nsk.hr\/babina-greda\/projekt-svoja\/\"]}]},{\"@type\":\"BreadcrumbList\",\"@id\":\"http:\/\/knjiznice.nsk.hr\/babina-greda\/projekt-svoja\/#breadcrumb\",\"itemListElement\":[{\"@type\":\"ListItem\",\"position\":1,\"item\":{\"@type\":\"WebPage\",\"@id\":\"http:\/\/knjiznice.nsk.hr\/babina-greda\/\",\"url\":\"http:\/\/knjiznice.nsk.hr\/babina-greda\/\",\"name\":\"Po\\u010detna stranica\"}},{\"@type\":\"ListItem\",\"position\":2,\"item\":{\"@id\":\"http:\/\/knjiznice.nsk.hr\/babina-greda\/projekt-svoja\/#webpage\"}}]},{\"@type\":\"Article\",\"@id\":\"http:\/\/knjiznice.nsk.hr\/babina-greda\/projekt-svoja\/#article\",\"isPartOf\":{\"@id\":\"http:\/\/knjiznice.nsk.hr\/babina-greda\/projekt-svoja\/#webpage\"},\"author\":{\"@id\":\"http:\/\/knjiznice.nsk.hr\/babina-greda\/#\/schema\/person\/4101029d096d06268bd1a3f6250f250a\"},\"headline\":\"Projekt &#8220;Svoja&#8221;\",\"datePublished\":\"2025-09-12T12:58:55+00:00\",\"dateModified\":\"2025-09-12T12:58:55+00:00\",\"mainEntityOfPage\":{\"@id\":\"http:\/\/knjiznice.nsk.hr\/babina-greda\/projekt-svoja\/#webpage\"},\"wordCount\":84,\"publisher\":{\"@id\":\"http:\/\/knjiznice.nsk.hr\/babina-greda\/#organization\"},\"image\":{\"@id\":\"http:\/\/knjiznice.nsk.hr\/babina-greda\/projekt-svoja\/#primaryimage\"},\"thumbnailUrl\":\"http:\/\/knjiznice.nsk.hr\/babina-greda\/wp-content\/uploads\/sites\/72\/2025\/09\/500767490_1106033361552258_5070308396964303938_n-306x448.jpg\",\"articleSection\":[\"Najave\"],\"inLanguage\":\"hr\"},{\"@type\":\"Person\",\"@id\":\"http:\/\/knjiznice.nsk.hr\/babina-greda\/#\/schema\/person\/4101029d096d06268bd1a3f6250f250a\",\"name\":\"Ivana Juri\\u0107\",\"image\":{\"@type\":\"ImageObject\",\"@id\":\"http:\/\/knjiznice.nsk.hr\/babina-greda\/#personlogo\",\"inLanguage\":\"hr\",\"url\":\"http:\/\/0.gravatar.com\/avatar\/fda18b24d9fc6630da74212e00fa3ecf?s=96&d=mm&r=g\",\"contentUrl\":\"http:\/\/0.gravatar.com\/avatar\/fda18b24d9fc6630da74212e00fa3ecf?s=96&d=mm&r=g\",\"caption\":\"Ivana Juri\\u0107\"},\"url\":\"http:\/\/knjiznice.nsk.hr\/babina-greda\/\"}]}<\/script>\n<!-- \/ Yoast SEO plugin. -->","_links":{"self":[{"href":"http:\/\/knjiznice.nsk.hr\/babina-greda\/wp-json\/wp\/v2\/posts\/2355"}],"collection":[{"href":"http:\/\/knjiznice.nsk.hr\/babina-greda\/wp-json\/wp\/v2\/posts"}],"about":[{"href":"http:\/\/knjiznice.nsk.hr\/babina-greda\/wp-json\/wp\/v2\/types\/post"}],"author":[{"embeddable":true,"href":"http:\/\/knjiznice.nsk.hr\/babina-greda\/wp-json\/wp\/v2\/users\/86"}],"replies":[{"embeddable":true,"href":"http:\/\/knjiznice.nsk.hr\/babina-greda\/wp-json\/wp\/v2\/comments?post=2355"}],"version-history":[{"count":1,"href":"http:\/\/knjiznice.nsk.hr\/babina-greda\/wp-json\/wp\/v2\/posts\/2355\/revisions"}],"predecessor-version":[{"id":2359,"href":"http:\/\/knjiznice.nsk.hr\/babina-greda\/wp-json\/wp\/v2\/posts\/2355\/revisions\/2359"}],"wp:attachment":[{"href":"http:\/\/knjiznice.nsk.hr\/babina-greda\/wp-json\/wp\/v2\/media?parent=2355"}],"wp:term":[{"taxonomy":"category","embeddable":true,"href":"http:\/\/knjiznice.nsk.hr\/babina-greda\/wp-json\/wp\/v2\/categories?post=2355"},{"taxonomy":"post_tag","embeddable":true,"href":"http:\/\/knjiznice.nsk.hr\/babina-greda\/wp-json\/wp\/v2\/tags?post=2355"}],"curies":[{"name":"wp","href":"https:\/\/api.w.org\/{rel}","templated":true}]}}