{"id":2305,"date":"2025-05-12T07:28:51","date_gmt":"2025-05-12T07:28:51","guid":{"rendered":"http:\/\/knjiznice.nsk.hr\/babina-greda\/?p=2305"},"modified":"2025-05-12T07:29:17","modified_gmt":"2025-05-12T07:29:17","slug":"posjet-vjeverica-dv-regoc","status":"publish","type":"post","link":"http:\/\/knjiznice.nsk.hr\/babina-greda\/posjet-vjeverica-dv-regoc\/","title":{"rendered":"Posjet Vjeverica (DV REGO\u010c)"},"content":{"rendered":"<p>5.5.2025. su nas posjetili djevoj\u010dice i dje\u010daci vrti\u0107ke skupine &#8220;Vjeverice&#8221; zajedno s njihovim odgojiteljicama. Budu\u0107i da nam se bli\u017ei Maj\u010din dan, pro\u010ditali smo jednu pri\u010du o mami i ukratko porazgovarali o na\u0161im mamama i koliko ih volimo. Izradili smo mamama cvjeti\u0107e i za kraj &#8211; poigrali se u igraonici!<img loading=\"lazy\" class=\"aligncenter size-medium wp-image-2306\" src=\"http:\/\/knjiznice.nsk.hr\/babina-greda\/wp-content\/uploads\/sites\/72\/2025\/05\/viber_slika_2025-05-05_10-59-11-012-336x448.jpg\" alt=\"\" width=\"336\" height=\"448\" srcset=\"http:\/\/knjiznice.nsk.hr\/babina-greda\/wp-content\/uploads\/sites\/72\/2025\/05\/viber_slika_2025-05-05_10-59-11-012-336x448.jpg 336w, http:\/\/knjiznice.nsk.hr\/babina-greda\/wp-content\/uploads\/sites\/72\/2025\/05\/viber_slika_2025-05-05_10-59-11-012-848x1131.jpg 848w, http:\/\/knjiznice.nsk.hr\/babina-greda\/wp-content\/uploads\/sites\/72\/2025\/05\/viber_slika_2025-05-05_10-59-11-012-768x1024.jpg 768w, http:\/\/knjiznice.nsk.hr\/babina-greda\/wp-content\/uploads\/sites\/72\/2025\/05\/viber_slika_2025-05-05_10-59-11-012-600x800.jpg 600w, http:\/\/knjiznice.nsk.hr\/babina-greda\/wp-content\/uploads\/sites\/72\/2025\/05\/viber_slika_2025-05-05_10-59-11-012-1152x1536.jpg 1152w, http:\/\/knjiznice.nsk.hr\/babina-greda\/wp-content\/uploads\/sites\/72\/2025\/05\/viber_slika_2025-05-05_10-59-11-012-624x832.jpg 624w, http:\/\/knjiznice.nsk.hr\/babina-greda\/wp-content\/uploads\/sites\/72\/2025\/05\/viber_slika_2025-05-05_10-59-11-012.jpg 1200w\" sizes=\"(max-width: 336px) 100vw, 336px\" \/> <img loading=\"lazy\" class=\"aligncenter size-medium wp-image-2307\" src=\"http:\/\/knjiznice.nsk.hr\/babina-greda\/wp-content\/uploads\/sites\/72\/2025\/05\/viber_slika_2025-05-05_10-59-11-027-336x448.jpg\" alt=\"\" width=\"336\" height=\"448\" srcset=\"http:\/\/knjiznice.nsk.hr\/babina-greda\/wp-content\/uploads\/sites\/72\/2025\/05\/viber_slika_2025-05-05_10-59-11-027-336x448.jpg 336w, http:\/\/knjiznice.nsk.hr\/babina-greda\/wp-content\/uploads\/sites\/72\/2025\/05\/viber_slika_2025-05-05_10-59-11-027-848x1131.jpg 848w, http:\/\/knjiznice.nsk.hr\/babina-greda\/wp-content\/uploads\/sites\/72\/2025\/05\/viber_slika_2025-05-05_10-59-11-027-768x1024.jpg 768w, http:\/\/knjiznice.nsk.hr\/babina-greda\/wp-content\/uploads\/sites\/72\/2025\/05\/viber_slika_2025-05-05_10-59-11-027-600x800.jpg 600w, http:\/\/knjiznice.nsk.hr\/babina-greda\/wp-content\/uploads\/sites\/72\/2025\/05\/viber_slika_2025-05-05_10-59-11-027-1152x1536.jpg 1152w, http:\/\/knjiznice.nsk.hr\/babina-greda\/wp-content\/uploads\/sites\/72\/2025\/05\/viber_slika_2025-05-05_10-59-11-027-624x832.jpg 624w, http:\/\/knjiznice.nsk.hr\/babina-greda\/wp-content\/uploads\/sites\/72\/2025\/05\/viber_slika_2025-05-05_10-59-11-027.jpg 1200w\" sizes=\"(max-width: 336px) 100vw, 336px\" \/> <img loading=\"lazy\" class=\"aligncenter size-medium wp-image-2308\" src=\"http:\/\/knjiznice.nsk.hr\/babina-greda\/wp-content\/uploads\/sites\/72\/2025\/05\/viber_slika_2025-05-05_10-59-10-592-497x373.jpg\" alt=\"\" width=\"497\" height=\"373\" srcset=\"http:\/\/knjiznice.nsk.hr\/babina-greda\/wp-content\/uploads\/sites\/72\/2025\/05\/viber_slika_2025-05-05_10-59-10-592-497x373.jpg 497w, http:\/\/knjiznice.nsk.hr\/babina-greda\/wp-content\/uploads\/sites\/72\/2025\/05\/viber_slika_2025-05-05_10-59-10-592-1096x822.jpg 1096w, http:\/\/knjiznice.nsk.hr\/babina-greda\/wp-content\/uploads\/sites\/72\/2025\/05\/viber_slika_2025-05-05_10-59-10-592-768x576.jpg 768w, http:\/\/knjiznice.nsk.hr\/babina-greda\/wp-content\/uploads\/sites\/72\/2025\/05\/viber_slika_2025-05-05_10-59-10-592-600x450.jpg 600w, http:\/\/knjiznice.nsk.hr\/babina-greda\/wp-content\/uploads\/sites\/72\/2025\/05\/viber_slika_2025-05-05_10-59-10-592-1536x1152.jpg 1536w, http:\/\/knjiznice.nsk.hr\/babina-greda\/wp-content\/uploads\/sites\/72\/2025\/05\/viber_slika_2025-05-05_10-59-10-592-624x468.jpg 624w, http:\/\/knjiznice.nsk.hr\/babina-greda\/wp-content\/uploads\/sites\/72\/2025\/05\/viber_slika_2025-05-05_10-59-10-592.jpg 1600w\" sizes=\"(max-width: 497px) 100vw, 497px\" \/> <img loading=\"lazy\" class=\"aligncenter size-medium wp-image-2309\" src=\"http:\/\/knjiznice.nsk.hr\/babina-greda\/wp-content\/uploads\/sites\/72\/2025\/05\/viber_slika_2025-05-05_10-59-10-686-497x373.jpg\" alt=\"\" width=\"497\" height=\"373\" srcset=\"http:\/\/knjiznice.nsk.hr\/babina-greda\/wp-content\/uploads\/sites\/72\/2025\/05\/viber_slika_2025-05-05_10-59-10-686-497x373.jpg 497w, http:\/\/knjiznice.nsk.hr\/babina-greda\/wp-content\/uploads\/sites\/72\/2025\/05\/viber_slika_2025-05-05_10-59-10-686-1096x822.jpg 1096w, http:\/\/knjiznice.nsk.hr\/babina-greda\/wp-content\/uploads\/sites\/72\/2025\/05\/viber_slika_2025-05-05_10-59-10-686-768x576.jpg 768w, http:\/\/knjiznice.nsk.hr\/babina-greda\/wp-content\/uploads\/sites\/72\/2025\/05\/viber_slika_2025-05-05_10-59-10-686-600x450.jpg 600w, http:\/\/knjiznice.nsk.hr\/babina-greda\/wp-content\/uploads\/sites\/72\/2025\/05\/viber_slika_2025-05-05_10-59-10-686-1536x1152.jpg 1536w, http:\/\/knjiznice.nsk.hr\/babina-greda\/wp-content\/uploads\/sites\/72\/2025\/05\/viber_slika_2025-05-05_10-59-10-686-624x468.jpg 624w, http:\/\/knjiznice.nsk.hr\/babina-greda\/wp-content\/uploads\/sites\/72\/2025\/05\/viber_slika_2025-05-05_10-59-10-686.jpg 1600w\" sizes=\"(max-width: 497px) 100vw, 497px\" \/> <img loading=\"lazy\" class=\"aligncenter size-medium wp-image-2310\" src=\"http:\/\/knjiznice.nsk.hr\/babina-greda\/wp-content\/uploads\/sites\/72\/2025\/05\/viber_slika_2025-05-05_10-59-10-394-497x373.jpg\" alt=\"\" width=\"497\" height=\"373\" srcset=\"http:\/\/knjiznice.nsk.hr\/babina-greda\/wp-content\/uploads\/sites\/72\/2025\/05\/viber_slika_2025-05-05_10-59-10-394-497x373.jpg 497w, http:\/\/knjiznice.nsk.hr\/babina-greda\/wp-content\/uploads\/sites\/72\/2025\/05\/viber_slika_2025-05-05_10-59-10-394-1096x822.jpg 1096w, http:\/\/knjiznice.nsk.hr\/babina-greda\/wp-content\/uploads\/sites\/72\/2025\/05\/viber_slika_2025-05-05_10-59-10-394-768x576.jpg 768w, http:\/\/knjiznice.nsk.hr\/babina-greda\/wp-content\/uploads\/sites\/72\/2025\/05\/viber_slika_2025-05-05_10-59-10-394-600x450.jpg 600w, http:\/\/knjiznice.nsk.hr\/babina-greda\/wp-content\/uploads\/sites\/72\/2025\/05\/viber_slika_2025-05-05_10-59-10-394-1536x1152.jpg 1536w, http:\/\/knjiznice.nsk.hr\/babina-greda\/wp-content\/uploads\/sites\/72\/2025\/05\/viber_slika_2025-05-05_10-59-10-394-624x468.jpg 624w, http:\/\/knjiznice.nsk.hr\/babina-greda\/wp-content\/uploads\/sites\/72\/2025\/05\/viber_slika_2025-05-05_10-59-10-394.jpg 1600w\" sizes=\"(max-width: 497px) 100vw, 497px\" \/> <img loading=\"lazy\" class=\"aligncenter size-medium wp-image-2311\" src=\"http:\/\/knjiznice.nsk.hr\/babina-greda\/wp-content\/uploads\/sites\/72\/2025\/05\/viber_slika_2025-05-05_10-59-10-544-336x448.jpg\" alt=\"\" width=\"336\" height=\"448\" srcset=\"http:\/\/knjiznice.nsk.hr\/babina-greda\/wp-content\/uploads\/sites\/72\/2025\/05\/viber_slika_2025-05-05_10-59-10-544-336x448.jpg 336w, http:\/\/knjiznice.nsk.hr\/babina-greda\/wp-content\/uploads\/sites\/72\/2025\/05\/viber_slika_2025-05-05_10-59-10-544-848x1131.jpg 848w, http:\/\/knjiznice.nsk.hr\/babina-greda\/wp-content\/uploads\/sites\/72\/2025\/05\/viber_slika_2025-05-05_10-59-10-544-768x1024.jpg 768w, http:\/\/knjiznice.nsk.hr\/babina-greda\/wp-content\/uploads\/sites\/72\/2025\/05\/viber_slika_2025-05-05_10-59-10-544-600x800.jpg 600w, http:\/\/knjiznice.nsk.hr\/babina-greda\/wp-content\/uploads\/sites\/72\/2025\/05\/viber_slika_2025-05-05_10-59-10-544-1152x1536.jpg 1152w, http:\/\/knjiznice.nsk.hr\/babina-greda\/wp-content\/uploads\/sites\/72\/2025\/05\/viber_slika_2025-05-05_10-59-10-544-624x832.jpg 624w, http:\/\/knjiznice.nsk.hr\/babina-greda\/wp-content\/uploads\/sites\/72\/2025\/05\/viber_slika_2025-05-05_10-59-10-544.jpg 1200w\" sizes=\"(max-width: 336px) 100vw, 336px\" \/> <img loading=\"lazy\" class=\"aligncenter size-medium wp-image-2312\" src=\"http:\/\/knjiznice.nsk.hr\/babina-greda\/wp-content\/uploads\/sites\/72\/2025\/05\/viber_slika_2025-05-05_10-59-10-126-336x448.jpg\" alt=\"\" width=\"336\" height=\"448\" srcset=\"http:\/\/knjiznice.nsk.hr\/babina-greda\/wp-content\/uploads\/sites\/72\/2025\/05\/viber_slika_2025-05-05_10-59-10-126-336x448.jpg 336w, http:\/\/knjiznice.nsk.hr\/babina-greda\/wp-content\/uploads\/sites\/72\/2025\/05\/viber_slika_2025-05-05_10-59-10-126-848x1131.jpg 848w, http:\/\/knjiznice.nsk.hr\/babina-greda\/wp-content\/uploads\/sites\/72\/2025\/05\/viber_slika_2025-05-05_10-59-10-126-768x1024.jpg 768w, http:\/\/knjiznice.nsk.hr\/babina-greda\/wp-content\/uploads\/sites\/72\/2025\/05\/viber_slika_2025-05-05_10-59-10-126-600x800.jpg 600w, http:\/\/knjiznice.nsk.hr\/babina-greda\/wp-content\/uploads\/sites\/72\/2025\/05\/viber_slika_2025-05-05_10-59-10-126-1152x1536.jpg 1152w, http:\/\/knjiznice.nsk.hr\/babina-greda\/wp-content\/uploads\/sites\/72\/2025\/05\/viber_slika_2025-05-05_10-59-10-126-624x832.jpg 624w, http:\/\/knjiznice.nsk.hr\/babina-greda\/wp-content\/uploads\/sites\/72\/2025\/05\/viber_slika_2025-05-05_10-59-10-126.jpg 1200w\" sizes=\"(max-width: 336px) 100vw, 336px\" \/><\/p>\n","protected":false},"excerpt":{"rendered":"<p>5.5.2025. su nas posjetili djevoj\u010dice i dje\u010daci vrti\u0107ke skupine &#8220;Vjeverice&#8221; zajedno s njihovim odgojiteljicama. Budu\u0107i da nam se bli\u017ei Maj\u010din dan, pro\u010ditali smo jednu pri\u010du o mami i ukratko porazgovarali o na\u0161im mamama i koliko ih volimo. Izradili smo mamama cvjeti\u0107e i za kraj &#8211; poigrali se u igraonici!<\/p>\n","protected":false},"author":86,"featured_media":0,"comment_status":"closed","ping_status":"closed","sticky":false,"template":"","format":"standard","meta":{"ngg_post_thumbnail":0},"categories":[1],"tags":[],"yoast_head":"<!-- This site is optimized with the Yoast SEO plugin v16.4 - https:\/\/yoast.com\/wordpress\/plugins\/seo\/ -->\n<title>Posjet Vjeverica (DV REGO\u010c) &ndash; Op\u0107inska narodna knji\u017enica Babina Greda<\/title>\n<meta name=\"robots\" content=\"index, follow, max-snippet:-1, max-image-preview:large, max-video-preview:-1\" \/>\n<link rel=\"canonical\" href=\"http:\/\/knjiznice.nsk.hr\/babina-greda\/posjet-vjeverica-dv-regoc\/\" \/>\n<meta property=\"og:locale\" content=\"hr_HR\" \/>\n<meta property=\"og:type\" content=\"article\" \/>\n<meta property=\"og:title\" content=\"Posjet Vjeverica (DV REGO\u010c) &ndash; Op\u0107inska narodna knji\u017enica Babina Greda\" \/>\n<meta property=\"og:description\" content=\"5.5.2025. su nas posjetili djevoj\u010dice i dje\u010daci vrti\u0107ke skupine &#8220;Vjeverice&#8221; zajedno s njihovim odgojiteljicama. Budu\u0107i da nam se bli\u017ei Maj\u010din dan, pro\u010ditali smo jednu pri\u010du o mami i ukratko porazgovarali o na\u0161im mamama i koliko ih volimo. Izradili smo mamama cvjeti\u0107e i za kraj &#8211; poigrali se u igraonici!\" \/>\n<meta property=\"og:url\" content=\"http:\/\/knjiznice.nsk.hr\/babina-greda\/posjet-vjeverica-dv-regoc\/\" \/>\n<meta property=\"og:site_name\" content=\"Op\u0107inska narodna knji\u017enica Babina Greda\" \/>\n<meta property=\"article:publisher\" content=\"https:\/\/web.facebook.com\/opcinska.narodna.knjiznica.babina.greda\/?ref=bookmarks\" \/>\n<meta property=\"article:published_time\" content=\"2025-05-12T07:28:51+00:00\" \/>\n<meta property=\"article:modified_time\" content=\"2025-05-12T07:29:17+00:00\" \/>\n<meta property=\"og:image\" content=\"http:\/\/knjiznice.nsk.hr\/babina-greda\/wp-content\/uploads\/sites\/72\/2025\/05\/viber_slika_2025-05-05_10-59-11-012-336x448.jpg\" \/>\n<meta name=\"twitter:label1\" content=\"Procijenjeno vrijeme \u010ditanja\" \/>\n\t<meta name=\"twitter:data1\" content=\"2 minute\" \/>\n<script type=\"application\/ld+json\" class=\"yoast-schema-graph\">{\"@context\":\"https:\/\/schema.org\",\"@graph\":[{\"@type\":\"Organization\",\"@id\":\"http:\/\/knjiznice.nsk.hr\/babina-greda\/#organization\",\"name\":\"Op\\u0107inska narodna knji\\u017enica Babina Greda\",\"url\":\"http:\/\/knjiznice.nsk.hr\/babina-greda\/\",\"sameAs\":[\"https:\/\/web.facebook.com\/opcinska.narodna.knjiznica.babina.greda\/?ref=bookmarks\",\"https:\/\/www.instagram.com\/narodnaknjiznica_bg\/\",\"https:\/\/www.youtube.com\/channel\/UC4GLISM7P4Kh8XCIuNsLjHA?view_as=subscriber\"],\"logo\":{\"@type\":\"ImageObject\",\"@id\":\"http:\/\/knjiznice.nsk.hr\/babina-greda\/#logo\",\"inLanguage\":\"hr\",\"url\":\"http:\/\/knjiznice.nsk.hr\/babina-greda\/wp-content\/uploads\/sites\/72\/2017\/05\/logo.jpg\",\"contentUrl\":\"http:\/\/knjiznice.nsk.hr\/babina-greda\/wp-content\/uploads\/sites\/72\/2017\/05\/logo.jpg\",\"width\":1056,\"height\":1368,\"caption\":\"Op\\u0107inska narodna knji\\u017enica Babina Greda\"},\"image\":{\"@id\":\"http:\/\/knjiznice.nsk.hr\/babina-greda\/#logo\"}},{\"@type\":\"WebSite\",\"@id\":\"http:\/\/knjiznice.nsk.hr\/babina-greda\/#website\",\"url\":\"http:\/\/knjiznice.nsk.hr\/babina-greda\/\",\"name\":\"Op\\u0107inska narodna knji\\u017enica Babina Greda\",\"description\":\"\",\"publisher\":{\"@id\":\"http:\/\/knjiznice.nsk.hr\/babina-greda\/#organization\"},\"potentialAction\":[{\"@type\":\"SearchAction\",\"target\":\"http:\/\/knjiznice.nsk.hr\/babina-greda\/?s={search_term_string}\",\"query-input\":\"required name=search_term_string\"}],\"inLanguage\":\"hr\"},{\"@type\":\"ImageObject\",\"@id\":\"http:\/\/knjiznice.nsk.hr\/babina-greda\/posjet-vjeverica-dv-regoc\/#primaryimage\",\"inLanguage\":\"hr\",\"url\":\"http:\/\/knjiznice.nsk.hr\/babina-greda\/wp-content\/uploads\/sites\/72\/2025\/05\/viber_slika_2025-05-05_10-59-11-012.jpg\",\"contentUrl\":\"http:\/\/knjiznice.nsk.hr\/babina-greda\/wp-content\/uploads\/sites\/72\/2025\/05\/viber_slika_2025-05-05_10-59-11-012.jpg\",\"width\":1200,\"height\":1600},{\"@type\":\"WebPage\",\"@id\":\"http:\/\/knjiznice.nsk.hr\/babina-greda\/posjet-vjeverica-dv-regoc\/#webpage\",\"url\":\"http:\/\/knjiznice.nsk.hr\/babina-greda\/posjet-vjeverica-dv-regoc\/\",\"name\":\"Posjet Vjeverica (DV REGO\\u010c) &ndash; Op\\u0107inska narodna knji\\u017enica Babina Greda\",\"isPartOf\":{\"@id\":\"http:\/\/knjiznice.nsk.hr\/babina-greda\/#website\"},\"primaryImageOfPage\":{\"@id\":\"http:\/\/knjiznice.nsk.hr\/babina-greda\/posjet-vjeverica-dv-regoc\/#primaryimage\"},\"datePublished\":\"2025-05-12T07:28:51+00:00\",\"dateModified\":\"2025-05-12T07:29:17+00:00\",\"breadcrumb\":{\"@id\":\"http:\/\/knjiznice.nsk.hr\/babina-greda\/posjet-vjeverica-dv-regoc\/#breadcrumb\"},\"inLanguage\":\"hr\",\"potentialAction\":[{\"@type\":\"ReadAction\",\"target\":[\"http:\/\/knjiznice.nsk.hr\/babina-greda\/posjet-vjeverica-dv-regoc\/\"]}]},{\"@type\":\"BreadcrumbList\",\"@id\":\"http:\/\/knjiznice.nsk.hr\/babina-greda\/posjet-vjeverica-dv-regoc\/#breadcrumb\",\"itemListElement\":[{\"@type\":\"ListItem\",\"position\":1,\"item\":{\"@type\":\"WebPage\",\"@id\":\"http:\/\/knjiznice.nsk.hr\/babina-greda\/\",\"url\":\"http:\/\/knjiznice.nsk.hr\/babina-greda\/\",\"name\":\"Po\\u010detna stranica\"}},{\"@type\":\"ListItem\",\"position\":2,\"item\":{\"@id\":\"http:\/\/knjiznice.nsk.hr\/babina-greda\/posjet-vjeverica-dv-regoc\/#webpage\"}}]},{\"@type\":\"Article\",\"@id\":\"http:\/\/knjiznice.nsk.hr\/babina-greda\/posjet-vjeverica-dv-regoc\/#article\",\"isPartOf\":{\"@id\":\"http:\/\/knjiznice.nsk.hr\/babina-greda\/posjet-vjeverica-dv-regoc\/#webpage\"},\"author\":{\"@id\":\"http:\/\/knjiznice.nsk.hr\/babina-greda\/#\/schema\/person\/4101029d096d06268bd1a3f6250f250a\"},\"headline\":\"Posjet Vjeverica (DV REGO\\u010c)\",\"datePublished\":\"2025-05-12T07:28:51+00:00\",\"dateModified\":\"2025-05-12T07:29:17+00:00\",\"mainEntityOfPage\":{\"@id\":\"http:\/\/knjiznice.nsk.hr\/babina-greda\/posjet-vjeverica-dv-regoc\/#webpage\"},\"wordCount\":62,\"publisher\":{\"@id\":\"http:\/\/knjiznice.nsk.hr\/babina-greda\/#organization\"},\"image\":{\"@id\":\"http:\/\/knjiznice.nsk.hr\/babina-greda\/posjet-vjeverica-dv-regoc\/#primaryimage\"},\"thumbnailUrl\":\"http:\/\/knjiznice.nsk.hr\/babina-greda\/wp-content\/uploads\/sites\/72\/2025\/05\/viber_slika_2025-05-05_10-59-11-012-336x448.jpg\",\"articleSection\":[\"Najave\"],\"inLanguage\":\"hr\"},{\"@type\":\"Person\",\"@id\":\"http:\/\/knjiznice.nsk.hr\/babina-greda\/#\/schema\/person\/4101029d096d06268bd1a3f6250f250a\",\"name\":\"Ivana Juri\\u0107\",\"image\":{\"@type\":\"ImageObject\",\"@id\":\"http:\/\/knjiznice.nsk.hr\/babina-greda\/#personlogo\",\"inLanguage\":\"hr\",\"url\":\"http:\/\/0.gravatar.com\/avatar\/fda18b24d9fc6630da74212e00fa3ecf?s=96&d=mm&r=g\",\"contentUrl\":\"http:\/\/0.gravatar.com\/avatar\/fda18b24d9fc6630da74212e00fa3ecf?s=96&d=mm&r=g\",\"caption\":\"Ivana Juri\\u0107\"},\"url\":\"http:\/\/knjiznice.nsk.hr\/babina-greda\/\"}]}<\/script>\n<!-- \/ Yoast SEO plugin. -->","_links":{"self":[{"href":"http:\/\/knjiznice.nsk.hr\/babina-greda\/wp-json\/wp\/v2\/posts\/2305"}],"collection":[{"href":"http:\/\/knjiznice.nsk.hr\/babina-greda\/wp-json\/wp\/v2\/posts"}],"about":[{"href":"http:\/\/knjiznice.nsk.hr\/babina-greda\/wp-json\/wp\/v2\/types\/post"}],"author":[{"embeddable":true,"href":"http:\/\/knjiznice.nsk.hr\/babina-greda\/wp-json\/wp\/v2\/users\/86"}],"replies":[{"embeddable":true,"href":"http:\/\/knjiznice.nsk.hr\/babina-greda\/wp-json\/wp\/v2\/comments?post=2305"}],"version-history":[{"count":2,"href":"http:\/\/knjiznice.nsk.hr\/babina-greda\/wp-json\/wp\/v2\/posts\/2305\/revisions"}],"predecessor-version":[{"id":2314,"href":"http:\/\/knjiznice.nsk.hr\/babina-greda\/wp-json\/wp\/v2\/posts\/2305\/revisions\/2314"}],"wp:attachment":[{"href":"http:\/\/knjiznice.nsk.hr\/babina-greda\/wp-json\/wp\/v2\/media?parent=2305"}],"wp:term":[{"taxonomy":"category","embeddable":true,"href":"http:\/\/knjiznice.nsk.hr\/babina-greda\/wp-json\/wp\/v2\/categories?post=2305"},{"taxonomy":"post_tag","embeddable":true,"href":"http:\/\/knjiznice.nsk.hr\/babina-greda\/wp-json\/wp\/v2\/tags?post=2305"}],"curies":[{"name":"wp","href":"https:\/\/api.w.org\/{rel}","templated":true}]}}