{"id":2233,"date":"2025-02-11T10:50:35","date_gmt":"2025-02-11T10:50:35","guid":{"rendered":"http:\/\/knjiznice.nsk.hr\/babina-greda\/?p=2233"},"modified":"2025-02-11T10:51:10","modified_gmt":"2025-02-11T10:51:10","slug":"predstavljanje-knjige-2","status":"publish","type":"post","link":"http:\/\/knjiznice.nsk.hr\/babina-greda\/predstavljanje-knjige-2\/","title":{"rendered":"Predstavljanje knjige"},"content":{"rendered":"<div class=\"html-div xdj266r x11i5rnm xat24cr x1mh8g0r xexx8yu x4uap5 x18d9i69 xkhd6sd\">\n<div class=\"html-div xdj266r x11i5rnm xat24cr x1mh8g0r xexx8yu x4uap5 x18d9i69 xkhd6sd\" dir=\"auto\">\n<div class=\"html-div xdj266r x11i5rnm xat24cr x1mh8g0r xexx8yu x4uap5 x18d9i69 xkhd6sd\" data-ad-rendering-role=\"story_message\">\n<div id=\":r1i4:\" class=\"x1l90r2v x1iorvi4 x1ye3gou xn6708d\" data-ad-comet-preview=\"message\" data-ad-preview=\"message\">\n<div class=\"x78zum5 xdt5ytf xz62fqu x16ldp7u\">\n<div class=\"xu06os2 x1ok221b\">\n<div class=\"xdj266r x11i5rnm xat24cr x1mh8g0r x1vvkbs x126k92a\">\n<div dir=\"auto\">&nbsp;<\/div>\n<\/div>\n<\/div>\n<\/div>\n<\/div>\n<\/div>\n<\/div>\n<div id=\":r1i5:\" class=\"html-div xdj266r x11i5rnm xat24cr x1mh8g0r xexx8yu x4uap5 x18d9i69 xkhd6sd x1n2onr6\">\n<div class=\"html-div xdj266r x11i5rnm xat24cr x1mh8g0r xexx8yu x4uap5 x18d9i69 xkhd6sd x1n2onr6\">\n<div class=\"x1ey2m1c xds687c x17qophe xg01cxk x47corl x10l6tqk x13vifvy x1ebt8du x19991ni x1dhq9h x1o1ewxj x3x9cwd x1e5q0jg x13rtm0m\" role=\"none\" data-visualcompletion=\"ignore\"><span style=\"font-size: 1rem\">&nbsp;Sino\u0107 smo imali priliku poslu\u0161ati sve o hodo\u010dasni\u010dkom putovanju Ivice i Biljane, dvoje Osje\u010dana koji su s velikom voljom i vjerom pre\u0161li 3300 kilometara do Santiaga de Compostele. Neke od prisutnih su potaknuli na razmi\u0161ljanje da se sami upuste u ovaj pothvat&#8230;<\/span><\/div>\n<\/div>\n<\/div>\n<\/div>\n<div class=\"x8gbvx8 x80vd3b x1q0q8m5 xso031l x8cjs6t x13fuv20 x178xt8z x78zum5 x1q0g3np x1qughib xz9dl7a xn6708d xsag5q8 xpkgp8e\">\n<div class=\"x78zum5 x1q0g3np\">\n<div class=\"x12mruv9 x1xmf6yo x1sxyh0\"><img loading=\"lazy\" class=\"aligncenter size-medium wp-image-2234\" src=\"http:\/\/knjiznice.nsk.hr\/babina-greda\/wp-content\/uploads\/sites\/72\/2025\/02\/476133135_1020765643412364_5859516762824891112_n-497x302.jpg\" alt=\"\" width=\"497\" height=\"302\" srcset=\"http:\/\/knjiznice.nsk.hr\/babina-greda\/wp-content\/uploads\/sites\/72\/2025\/02\/476133135_1020765643412364_5859516762824891112_n-497x302.jpg 497w, http:\/\/knjiznice.nsk.hr\/babina-greda\/wp-content\/uploads\/sites\/72\/2025\/02\/476133135_1020765643412364_5859516762824891112_n-1096x666.jpg 1096w, http:\/\/knjiznice.nsk.hr\/babina-greda\/wp-content\/uploads\/sites\/72\/2025\/02\/476133135_1020765643412364_5859516762824891112_n-768x467.jpg 768w, http:\/\/knjiznice.nsk.hr\/babina-greda\/wp-content\/uploads\/sites\/72\/2025\/02\/476133135_1020765643412364_5859516762824891112_n-600x365.jpg 600w, http:\/\/knjiznice.nsk.hr\/babina-greda\/wp-content\/uploads\/sites\/72\/2025\/02\/476133135_1020765643412364_5859516762824891112_n-1536x934.jpg 1536w, http:\/\/knjiznice.nsk.hr\/babina-greda\/wp-content\/uploads\/sites\/72\/2025\/02\/476133135_1020765643412364_5859516762824891112_n-624x379.jpg 624w, http:\/\/knjiznice.nsk.hr\/babina-greda\/wp-content\/uploads\/sites\/72\/2025\/02\/476133135_1020765643412364_5859516762824891112_n.jpg 2048w\" sizes=\"(max-width: 497px) 100vw, 497px\" \/> <img loading=\"lazy\" class=\"aligncenter size-medium wp-image-2235\" src=\"http:\/\/knjiznice.nsk.hr\/babina-greda\/wp-content\/uploads\/sites\/72\/2025\/02\/476455094_1020765626745699_6346555908450292519_n-497x373.jpg\" alt=\"\" width=\"497\" height=\"373\" srcset=\"http:\/\/knjiznice.nsk.hr\/babina-greda\/wp-content\/uploads\/sites\/72\/2025\/02\/476455094_1020765626745699_6346555908450292519_n-497x373.jpg 497w, http:\/\/knjiznice.nsk.hr\/babina-greda\/wp-content\/uploads\/sites\/72\/2025\/02\/476455094_1020765626745699_6346555908450292519_n-1096x822.jpg 1096w, http:\/\/knjiznice.nsk.hr\/babina-greda\/wp-content\/uploads\/sites\/72\/2025\/02\/476455094_1020765626745699_6346555908450292519_n-768x576.jpg 768w, http:\/\/knjiznice.nsk.hr\/babina-greda\/wp-content\/uploads\/sites\/72\/2025\/02\/476455094_1020765626745699_6346555908450292519_n-600x450.jpg 600w, http:\/\/knjiznice.nsk.hr\/babina-greda\/wp-content\/uploads\/sites\/72\/2025\/02\/476455094_1020765626745699_6346555908450292519_n-1536x1152.jpg 1536w, http:\/\/knjiznice.nsk.hr\/babina-greda\/wp-content\/uploads\/sites\/72\/2025\/02\/476455094_1020765626745699_6346555908450292519_n-624x468.jpg 624w, http:\/\/knjiznice.nsk.hr\/babina-greda\/wp-content\/uploads\/sites\/72\/2025\/02\/476455094_1020765626745699_6346555908450292519_n.jpg 2048w\" sizes=\"(max-width: 497px) 100vw, 497px\" \/><\/div>\n<\/div>\n<\/div>\n","protected":false},"excerpt":{"rendered":"<p>&nbsp; &nbsp;Sino\u0107 smo imali priliku poslu\u0161ati sve o hodo\u010dasni\u010dkom putovanju Ivice i Biljane, dvoje Osje\u010dana koji su s velikom voljom i vjerom pre\u0161li 3300 kilometara do Santiaga de Compostele. Neke od prisutnih su potaknuli na razmi\u0161ljanje da se sami upuste u ovaj pothvat&#8230;<\/p>\n","protected":false},"author":86,"featured_media":0,"comment_status":"closed","ping_status":"closed","sticky":false,"template":"","format":"standard","meta":{"ngg_post_thumbnail":0},"categories":[1],"tags":[],"yoast_head":"<!-- This site is optimized with the Yoast SEO plugin v16.4 - https:\/\/yoast.com\/wordpress\/plugins\/seo\/ -->\n<title>Predstavljanje knjige &ndash; Op\u0107inska narodna knji\u017enica Babina Greda<\/title>\n<meta name=\"robots\" content=\"index, follow, max-snippet:-1, max-image-preview:large, max-video-preview:-1\" \/>\n<link rel=\"canonical\" href=\"http:\/\/knjiznice.nsk.hr\/babina-greda\/predstavljanje-knjige-2\/\" \/>\n<meta property=\"og:locale\" content=\"hr_HR\" \/>\n<meta property=\"og:type\" content=\"article\" \/>\n<meta property=\"og:title\" content=\"Predstavljanje knjige &ndash; Op\u0107inska narodna knji\u017enica Babina Greda\" \/>\n<meta property=\"og:description\" content=\"&nbsp; &nbsp;Sino\u0107 smo imali priliku poslu\u0161ati sve o hodo\u010dasni\u010dkom putovanju Ivice i Biljane, dvoje Osje\u010dana koji su s velikom voljom i vjerom pre\u0161li 3300 kilometara do Santiaga de Compostele. Neke od prisutnih su potaknuli na razmi\u0161ljanje da se sami upuste u ovaj pothvat&#8230;\" \/>\n<meta property=\"og:url\" content=\"http:\/\/knjiznice.nsk.hr\/babina-greda\/predstavljanje-knjige-2\/\" \/>\n<meta property=\"og:site_name\" content=\"Op\u0107inska narodna knji\u017enica Babina Greda\" \/>\n<meta property=\"article:publisher\" content=\"https:\/\/web.facebook.com\/opcinska.narodna.knjiznica.babina.greda\/?ref=bookmarks\" \/>\n<meta property=\"article:published_time\" content=\"2025-02-11T10:50:35+00:00\" \/>\n<meta property=\"article:modified_time\" content=\"2025-02-11T10:51:10+00:00\" \/>\n<meta property=\"og:image\" content=\"http:\/\/knjiznice.nsk.hr\/babina-greda\/wp-content\/uploads\/sites\/72\/2025\/02\/476133135_1020765643412364_5859516762824891112_n-497x302.jpg\" \/>\n<meta name=\"twitter:label1\" content=\"Procijenjeno vrijeme \u010ditanja\" \/>\n\t<meta name=\"twitter:data1\" content=\"1 minuta\" \/>\n<script type=\"application\/ld+json\" class=\"yoast-schema-graph\">{\"@context\":\"https:\/\/schema.org\",\"@graph\":[{\"@type\":\"Organization\",\"@id\":\"http:\/\/knjiznice.nsk.hr\/babina-greda\/#organization\",\"name\":\"Op\\u0107inska narodna knji\\u017enica Babina Greda\",\"url\":\"http:\/\/knjiznice.nsk.hr\/babina-greda\/\",\"sameAs\":[\"https:\/\/web.facebook.com\/opcinska.narodna.knjiznica.babina.greda\/?ref=bookmarks\",\"https:\/\/www.instagram.com\/narodnaknjiznica_bg\/\",\"https:\/\/www.youtube.com\/channel\/UC4GLISM7P4Kh8XCIuNsLjHA?view_as=subscriber\"],\"logo\":{\"@type\":\"ImageObject\",\"@id\":\"http:\/\/knjiznice.nsk.hr\/babina-greda\/#logo\",\"inLanguage\":\"hr\",\"url\":\"http:\/\/knjiznice.nsk.hr\/babina-greda\/wp-content\/uploads\/sites\/72\/2017\/05\/logo.jpg\",\"contentUrl\":\"http:\/\/knjiznice.nsk.hr\/babina-greda\/wp-content\/uploads\/sites\/72\/2017\/05\/logo.jpg\",\"width\":1056,\"height\":1368,\"caption\":\"Op\\u0107inska narodna knji\\u017enica Babina Greda\"},\"image\":{\"@id\":\"http:\/\/knjiznice.nsk.hr\/babina-greda\/#logo\"}},{\"@type\":\"WebSite\",\"@id\":\"http:\/\/knjiznice.nsk.hr\/babina-greda\/#website\",\"url\":\"http:\/\/knjiznice.nsk.hr\/babina-greda\/\",\"name\":\"Op\\u0107inska narodna knji\\u017enica Babina Greda\",\"description\":\"\",\"publisher\":{\"@id\":\"http:\/\/knjiznice.nsk.hr\/babina-greda\/#organization\"},\"potentialAction\":[{\"@type\":\"SearchAction\",\"target\":\"http:\/\/knjiznice.nsk.hr\/babina-greda\/?s={search_term_string}\",\"query-input\":\"required name=search_term_string\"}],\"inLanguage\":\"hr\"},{\"@type\":\"ImageObject\",\"@id\":\"http:\/\/knjiznice.nsk.hr\/babina-greda\/predstavljanje-knjige-2\/#primaryimage\",\"inLanguage\":\"hr\",\"url\":\"http:\/\/knjiznice.nsk.hr\/babina-greda\/wp-content\/uploads\/sites\/72\/2025\/02\/476133135_1020765643412364_5859516762824891112_n.jpg\",\"contentUrl\":\"http:\/\/knjiznice.nsk.hr\/babina-greda\/wp-content\/uploads\/sites\/72\/2025\/02\/476133135_1020765643412364_5859516762824891112_n.jpg\",\"width\":2048,\"height\":1245,\"caption\":\"\\u201cOd Osijeka do Santiago de Compostele\\u201d\"},{\"@type\":\"WebPage\",\"@id\":\"http:\/\/knjiznice.nsk.hr\/babina-greda\/predstavljanje-knjige-2\/#webpage\",\"url\":\"http:\/\/knjiznice.nsk.hr\/babina-greda\/predstavljanje-knjige-2\/\",\"name\":\"Predstavljanje knjige &ndash; Op\\u0107inska narodna knji\\u017enica Babina Greda\",\"isPartOf\":{\"@id\":\"http:\/\/knjiznice.nsk.hr\/babina-greda\/#website\"},\"primaryImageOfPage\":{\"@id\":\"http:\/\/knjiznice.nsk.hr\/babina-greda\/predstavljanje-knjige-2\/#primaryimage\"},\"datePublished\":\"2025-02-11T10:50:35+00:00\",\"dateModified\":\"2025-02-11T10:51:10+00:00\",\"breadcrumb\":{\"@id\":\"http:\/\/knjiznice.nsk.hr\/babina-greda\/predstavljanje-knjige-2\/#breadcrumb\"},\"inLanguage\":\"hr\",\"potentialAction\":[{\"@type\":\"ReadAction\",\"target\":[\"http:\/\/knjiznice.nsk.hr\/babina-greda\/predstavljanje-knjige-2\/\"]}]},{\"@type\":\"BreadcrumbList\",\"@id\":\"http:\/\/knjiznice.nsk.hr\/babina-greda\/predstavljanje-knjige-2\/#breadcrumb\",\"itemListElement\":[{\"@type\":\"ListItem\",\"position\":1,\"item\":{\"@type\":\"WebPage\",\"@id\":\"http:\/\/knjiznice.nsk.hr\/babina-greda\/\",\"url\":\"http:\/\/knjiznice.nsk.hr\/babina-greda\/\",\"name\":\"Po\\u010detna stranica\"}},{\"@type\":\"ListItem\",\"position\":2,\"item\":{\"@id\":\"http:\/\/knjiznice.nsk.hr\/babina-greda\/predstavljanje-knjige-2\/#webpage\"}}]},{\"@type\":\"Article\",\"@id\":\"http:\/\/knjiznice.nsk.hr\/babina-greda\/predstavljanje-knjige-2\/#article\",\"isPartOf\":{\"@id\":\"http:\/\/knjiznice.nsk.hr\/babina-greda\/predstavljanje-knjige-2\/#webpage\"},\"author\":{\"@id\":\"http:\/\/knjiznice.nsk.hr\/babina-greda\/#\/schema\/person\/4101029d096d06268bd1a3f6250f250a\"},\"headline\":\"Predstavljanje knjige\",\"datePublished\":\"2025-02-11T10:50:35+00:00\",\"dateModified\":\"2025-02-11T10:51:10+00:00\",\"mainEntityOfPage\":{\"@id\":\"http:\/\/knjiznice.nsk.hr\/babina-greda\/predstavljanje-knjige-2\/#webpage\"},\"wordCount\":51,\"publisher\":{\"@id\":\"http:\/\/knjiznice.nsk.hr\/babina-greda\/#organization\"},\"image\":{\"@id\":\"http:\/\/knjiznice.nsk.hr\/babina-greda\/predstavljanje-knjige-2\/#primaryimage\"},\"thumbnailUrl\":\"http:\/\/knjiznice.nsk.hr\/babina-greda\/wp-content\/uploads\/sites\/72\/2025\/02\/476133135_1020765643412364_5859516762824891112_n-497x302.jpg\",\"articleSection\":[\"Najave\"],\"inLanguage\":\"hr\"},{\"@type\":\"Person\",\"@id\":\"http:\/\/knjiznice.nsk.hr\/babina-greda\/#\/schema\/person\/4101029d096d06268bd1a3f6250f250a\",\"name\":\"Ivana Juri\\u0107\",\"image\":{\"@type\":\"ImageObject\",\"@id\":\"http:\/\/knjiznice.nsk.hr\/babina-greda\/#personlogo\",\"inLanguage\":\"hr\",\"url\":\"http:\/\/0.gravatar.com\/avatar\/fda18b24d9fc6630da74212e00fa3ecf?s=96&d=mm&r=g\",\"contentUrl\":\"http:\/\/0.gravatar.com\/avatar\/fda18b24d9fc6630da74212e00fa3ecf?s=96&d=mm&r=g\",\"caption\":\"Ivana Juri\\u0107\"},\"url\":\"http:\/\/knjiznice.nsk.hr\/babina-greda\/\"}]}<\/script>\n<!-- \/ Yoast SEO plugin. -->","_links":{"self":[{"href":"http:\/\/knjiznice.nsk.hr\/babina-greda\/wp-json\/wp\/v2\/posts\/2233"}],"collection":[{"href":"http:\/\/knjiznice.nsk.hr\/babina-greda\/wp-json\/wp\/v2\/posts"}],"about":[{"href":"http:\/\/knjiznice.nsk.hr\/babina-greda\/wp-json\/wp\/v2\/types\/post"}],"author":[{"embeddable":true,"href":"http:\/\/knjiznice.nsk.hr\/babina-greda\/wp-json\/wp\/v2\/users\/86"}],"replies":[{"embeddable":true,"href":"http:\/\/knjiznice.nsk.hr\/babina-greda\/wp-json\/wp\/v2\/comments?post=2233"}],"version-history":[{"count":2,"href":"http:\/\/knjiznice.nsk.hr\/babina-greda\/wp-json\/wp\/v2\/posts\/2233\/revisions"}],"predecessor-version":[{"id":2237,"href":"http:\/\/knjiznice.nsk.hr\/babina-greda\/wp-json\/wp\/v2\/posts\/2233\/revisions\/2237"}],"wp:attachment":[{"href":"http:\/\/knjiznice.nsk.hr\/babina-greda\/wp-json\/wp\/v2\/media?parent=2233"}],"wp:term":[{"taxonomy":"category","embeddable":true,"href":"http:\/\/knjiznice.nsk.hr\/babina-greda\/wp-json\/wp\/v2\/categories?post=2233"},{"taxonomy":"post_tag","embeddable":true,"href":"http:\/\/knjiznice.nsk.hr\/babina-greda\/wp-json\/wp\/v2\/tags?post=2233"}],"curies":[{"name":"wp","href":"https:\/\/api.w.org\/{rel}","templated":true}]}}