{"id":2095,"date":"2024-04-16T08:35:01","date_gmt":"2024-04-16T08:35:01","guid":{"rendered":"http:\/\/knjiznice.nsk.hr\/babina-greda\/?p=2095"},"modified":"2024-04-16T08:35:01","modified_gmt":"2024-04-16T08:35:01","slug":"noc-knjige-2024","status":"publish","type":"post","link":"http:\/\/knjiznice.nsk.hr\/babina-greda\/noc-knjige-2024\/","title":{"rendered":"No\u0107 knjige 2024."},"content":{"rendered":"<p><img loading=\"lazy\" class=\"aligncenter size-medium wp-image-2096\" src=\"http:\/\/knjiznice.nsk.hr\/babina-greda\/wp-content\/uploads\/sites\/72\/2024\/04\/Opcinska-narodna-knjiznica-Babina-Greda-1-317x448.jpg\" alt=\"\" width=\"317\" height=\"448\" srcset=\"http:\/\/knjiznice.nsk.hr\/babina-greda\/wp-content\/uploads\/sites\/72\/2024\/04\/Opcinska-narodna-knjiznica-Babina-Greda-1-317x448.jpg 317w, http:\/\/knjiznice.nsk.hr\/babina-greda\/wp-content\/uploads\/sites\/72\/2024\/04\/Opcinska-narodna-knjiznica-Babina-Greda-1-800x1131.jpg 800w, http:\/\/knjiznice.nsk.hr\/babina-greda\/wp-content\/uploads\/sites\/72\/2024\/04\/Opcinska-narodna-knjiznica-Babina-Greda-1-768x1086.jpg 768w, http:\/\/knjiznice.nsk.hr\/babina-greda\/wp-content\/uploads\/sites\/72\/2024\/04\/Opcinska-narodna-knjiznica-Babina-Greda-1-600x849.jpg 600w, http:\/\/knjiznice.nsk.hr\/babina-greda\/wp-content\/uploads\/sites\/72\/2024\/04\/Opcinska-narodna-knjiznica-Babina-Greda-1-1086x1536.jpg 1086w, http:\/\/knjiznice.nsk.hr\/babina-greda\/wp-content\/uploads\/sites\/72\/2024\/04\/Opcinska-narodna-knjiznica-Babina-Greda-1-1448x2048.jpg 1448w, http:\/\/knjiznice.nsk.hr\/babina-greda\/wp-content\/uploads\/sites\/72\/2024\/04\/Opcinska-narodna-knjiznica-Babina-Greda-1-624x883.jpg 624w, http:\/\/knjiznice.nsk.hr\/babina-greda\/wp-content\/uploads\/sites\/72\/2024\/04\/Opcinska-narodna-knjiznica-Babina-Greda-1.jpg 1587w\" sizes=\"(max-width: 317px) 100vw, 317px\" \/><\/p>\n","protected":false},"excerpt":{"rendered":"","protected":false},"author":86,"featured_media":0,"comment_status":"closed","ping_status":"closed","sticky":false,"template":"","format":"standard","meta":{"ngg_post_thumbnail":0},"categories":[1],"tags":[],"yoast_head":"<!-- This site is optimized with the Yoast SEO plugin v16.4 - https:\/\/yoast.com\/wordpress\/plugins\/seo\/ -->\n<title>No\u0107 knjige 2024. &ndash; Op\u0107inska narodna knji\u017enica Babina Greda<\/title>\n<meta name=\"robots\" content=\"index, follow, max-snippet:-1, max-image-preview:large, max-video-preview:-1\" \/>\n<link rel=\"canonical\" href=\"http:\/\/knjiznice.nsk.hr\/babina-greda\/noc-knjige-2024\/\" \/>\n<meta property=\"og:locale\" content=\"hr_HR\" \/>\n<meta property=\"og:type\" content=\"article\" \/>\n<meta property=\"og:title\" content=\"No\u0107 knjige 2024. &ndash; Op\u0107inska narodna knji\u017enica Babina Greda\" \/>\n<meta property=\"og:url\" content=\"http:\/\/knjiznice.nsk.hr\/babina-greda\/noc-knjige-2024\/\" \/>\n<meta property=\"og:site_name\" content=\"Op\u0107inska narodna knji\u017enica Babina Greda\" \/>\n<meta property=\"article:publisher\" content=\"https:\/\/web.facebook.com\/opcinska.narodna.knjiznica.babina.greda\/?ref=bookmarks\" \/>\n<meta property=\"article:published_time\" content=\"2024-04-16T08:35:01+00:00\" \/>\n<meta property=\"og:image\" content=\"http:\/\/knjiznice.nsk.hr\/babina-greda\/wp-content\/uploads\/sites\/72\/2024\/04\/Opcinska-narodna-knjiznica-Babina-Greda-1-317x448.jpg\" \/>\n<meta name=\"twitter:label1\" content=\"Procijenjeno vrijeme \u010ditanja\" \/>\n\t<meta name=\"twitter:data1\" content=\"1 minuta\" \/>\n<script type=\"application\/ld+json\" class=\"yoast-schema-graph\">{\"@context\":\"https:\/\/schema.org\",\"@graph\":[{\"@type\":\"Organization\",\"@id\":\"http:\/\/knjiznice.nsk.hr\/babina-greda\/#organization\",\"name\":\"Op\\u0107inska narodna knji\\u017enica Babina Greda\",\"url\":\"http:\/\/knjiznice.nsk.hr\/babina-greda\/\",\"sameAs\":[\"https:\/\/web.facebook.com\/opcinska.narodna.knjiznica.babina.greda\/?ref=bookmarks\",\"https:\/\/www.instagram.com\/narodnaknjiznica_bg\/\",\"https:\/\/www.youtube.com\/channel\/UC4GLISM7P4Kh8XCIuNsLjHA?view_as=subscriber\"],\"logo\":{\"@type\":\"ImageObject\",\"@id\":\"http:\/\/knjiznice.nsk.hr\/babina-greda\/#logo\",\"inLanguage\":\"hr\",\"url\":\"http:\/\/knjiznice.nsk.hr\/babina-greda\/wp-content\/uploads\/sites\/72\/2017\/05\/logo.jpg\",\"contentUrl\":\"http:\/\/knjiznice.nsk.hr\/babina-greda\/wp-content\/uploads\/sites\/72\/2017\/05\/logo.jpg\",\"width\":1056,\"height\":1368,\"caption\":\"Op\\u0107inska narodna knji\\u017enica Babina Greda\"},\"image\":{\"@id\":\"http:\/\/knjiznice.nsk.hr\/babina-greda\/#logo\"}},{\"@type\":\"WebSite\",\"@id\":\"http:\/\/knjiznice.nsk.hr\/babina-greda\/#website\",\"url\":\"http:\/\/knjiznice.nsk.hr\/babina-greda\/\",\"name\":\"Op\\u0107inska narodna knji\\u017enica Babina Greda\",\"description\":\"\",\"publisher\":{\"@id\":\"http:\/\/knjiznice.nsk.hr\/babina-greda\/#organization\"},\"potentialAction\":[{\"@type\":\"SearchAction\",\"target\":\"http:\/\/knjiznice.nsk.hr\/babina-greda\/?s={search_term_string}\",\"query-input\":\"required name=search_term_string\"}],\"inLanguage\":\"hr\"},{\"@type\":\"ImageObject\",\"@id\":\"http:\/\/knjiznice.nsk.hr\/babina-greda\/noc-knjige-2024\/#primaryimage\",\"inLanguage\":\"hr\",\"url\":\"http:\/\/knjiznice.nsk.hr\/babina-greda\/wp-content\/uploads\/sites\/72\/2024\/04\/Opcinska-narodna-knjiznica-Babina-Greda-1.jpg\",\"contentUrl\":\"http:\/\/knjiznice.nsk.hr\/babina-greda\/wp-content\/uploads\/sites\/72\/2024\/04\/Opcinska-narodna-knjiznica-Babina-Greda-1.jpg\",\"width\":1587,\"height\":2245},{\"@type\":\"WebPage\",\"@id\":\"http:\/\/knjiznice.nsk.hr\/babina-greda\/noc-knjige-2024\/#webpage\",\"url\":\"http:\/\/knjiznice.nsk.hr\/babina-greda\/noc-knjige-2024\/\",\"name\":\"No\\u0107 knjige 2024. &ndash; Op\\u0107inska narodna knji\\u017enica Babina Greda\",\"isPartOf\":{\"@id\":\"http:\/\/knjiznice.nsk.hr\/babina-greda\/#website\"},\"primaryImageOfPage\":{\"@id\":\"http:\/\/knjiznice.nsk.hr\/babina-greda\/noc-knjige-2024\/#primaryimage\"},\"datePublished\":\"2024-04-16T08:35:01+00:00\",\"dateModified\":\"2024-04-16T08:35:01+00:00\",\"breadcrumb\":{\"@id\":\"http:\/\/knjiznice.nsk.hr\/babina-greda\/noc-knjige-2024\/#breadcrumb\"},\"inLanguage\":\"hr\",\"potentialAction\":[{\"@type\":\"ReadAction\",\"target\":[\"http:\/\/knjiznice.nsk.hr\/babina-greda\/noc-knjige-2024\/\"]}]},{\"@type\":\"BreadcrumbList\",\"@id\":\"http:\/\/knjiznice.nsk.hr\/babina-greda\/noc-knjige-2024\/#breadcrumb\",\"itemListElement\":[{\"@type\":\"ListItem\",\"position\":1,\"item\":{\"@type\":\"WebPage\",\"@id\":\"http:\/\/knjiznice.nsk.hr\/babina-greda\/\",\"url\":\"http:\/\/knjiznice.nsk.hr\/babina-greda\/\",\"name\":\"Po\\u010detna stranica\"}},{\"@type\":\"ListItem\",\"position\":2,\"item\":{\"@id\":\"http:\/\/knjiznice.nsk.hr\/babina-greda\/noc-knjige-2024\/#webpage\"}}]},{\"@type\":\"Article\",\"@id\":\"http:\/\/knjiznice.nsk.hr\/babina-greda\/noc-knjige-2024\/#article\",\"isPartOf\":{\"@id\":\"http:\/\/knjiznice.nsk.hr\/babina-greda\/noc-knjige-2024\/#webpage\"},\"author\":{\"@id\":\"http:\/\/knjiznice.nsk.hr\/babina-greda\/#\/schema\/person\/4101029d096d06268bd1a3f6250f250a\"},\"headline\":\"No\\u0107 knjige 2024.\",\"datePublished\":\"2024-04-16T08:35:01+00:00\",\"dateModified\":\"2024-04-16T08:35:01+00:00\",\"mainEntityOfPage\":{\"@id\":\"http:\/\/knjiznice.nsk.hr\/babina-greda\/noc-knjige-2024\/#webpage\"},\"wordCount\":2,\"publisher\":{\"@id\":\"http:\/\/knjiznice.nsk.hr\/babina-greda\/#organization\"},\"image\":{\"@id\":\"http:\/\/knjiznice.nsk.hr\/babina-greda\/noc-knjige-2024\/#primaryimage\"},\"thumbnailUrl\":\"http:\/\/knjiznice.nsk.hr\/babina-greda\/wp-content\/uploads\/sites\/72\/2024\/04\/Opcinska-narodna-knjiznica-Babina-Greda-1-317x448.jpg\",\"articleSection\":[\"Najave\"],\"inLanguage\":\"hr\"},{\"@type\":\"Person\",\"@id\":\"http:\/\/knjiznice.nsk.hr\/babina-greda\/#\/schema\/person\/4101029d096d06268bd1a3f6250f250a\",\"name\":\"Ivana Juri\\u0107\",\"image\":{\"@type\":\"ImageObject\",\"@id\":\"http:\/\/knjiznice.nsk.hr\/babina-greda\/#personlogo\",\"inLanguage\":\"hr\",\"url\":\"http:\/\/0.gravatar.com\/avatar\/fda18b24d9fc6630da74212e00fa3ecf?s=96&d=mm&r=g\",\"contentUrl\":\"http:\/\/0.gravatar.com\/avatar\/fda18b24d9fc6630da74212e00fa3ecf?s=96&d=mm&r=g\",\"caption\":\"Ivana Juri\\u0107\"},\"url\":\"http:\/\/knjiznice.nsk.hr\/babina-greda\/\"}]}<\/script>\n<!-- \/ Yoast SEO plugin. -->","_links":{"self":[{"href":"http:\/\/knjiznice.nsk.hr\/babina-greda\/wp-json\/wp\/v2\/posts\/2095"}],"collection":[{"href":"http:\/\/knjiznice.nsk.hr\/babina-greda\/wp-json\/wp\/v2\/posts"}],"about":[{"href":"http:\/\/knjiznice.nsk.hr\/babina-greda\/wp-json\/wp\/v2\/types\/post"}],"author":[{"embeddable":true,"href":"http:\/\/knjiznice.nsk.hr\/babina-greda\/wp-json\/wp\/v2\/users\/86"}],"replies":[{"embeddable":true,"href":"http:\/\/knjiznice.nsk.hr\/babina-greda\/wp-json\/wp\/v2\/comments?post=2095"}],"version-history":[{"count":1,"href":"http:\/\/knjiznice.nsk.hr\/babina-greda\/wp-json\/wp\/v2\/posts\/2095\/revisions"}],"predecessor-version":[{"id":2097,"href":"http:\/\/knjiznice.nsk.hr\/babina-greda\/wp-json\/wp\/v2\/posts\/2095\/revisions\/2097"}],"wp:attachment":[{"href":"http:\/\/knjiznice.nsk.hr\/babina-greda\/wp-json\/wp\/v2\/media?parent=2095"}],"wp:term":[{"taxonomy":"category","embeddable":true,"href":"http:\/\/knjiznice.nsk.hr\/babina-greda\/wp-json\/wp\/v2\/categories?post=2095"},{"taxonomy":"post_tag","embeddable":true,"href":"http:\/\/knjiznice.nsk.hr\/babina-greda\/wp-json\/wp\/v2\/tags?post=2095"}],"curies":[{"name":"wp","href":"https:\/\/api.w.org\/{rel}","templated":true}]}}